{"id":53366,"date":"2025-12-10T16:59:23","date_gmt":"2025-12-10T20:59:23","guid":{"rendered":"https:\/\/noticiasveraces.com\/?p=53366"},"modified":"2025-12-10T16:59:23","modified_gmt":"2025-12-10T20:59:23","slug":"plataforma-unitaria-exigio-devolver-el-pasaporte-a-baltazar-porras-tras-arbitraria-retencion-en-maiquetia","status":"publish","type":"post","link":"https:\/\/noticiasveraces.com\/?p=53366","title":{"rendered":"Plataforma Unitaria exigi\u00f3 devolver el pasaporte a Baltazar Porras tras arbitraria retenci\u00f3n en Maiquet\u00eda"},"content":{"rendered":"<p> \n<\/p>\n<div>\n<p>\n\t\t\t<span rel=\"author\" class=\"fn\">con una esp\u00e1tula<\/span>\n\t\t<\/p>\n<p>\t\t<time class=\"entry-date published updated\" datetime=\"2025-12-10T16:57:29-04:00\">diciembre 10 2025, 4:57 pm<\/time><br \/>\n\t\t<span class=\"spot-im-replies-count\" data-post-id=\"5847510\"\/><\/p>\n<figure id=\"attachment_5847516\" aria-describedby=\"caption-attachment-5847516\" style=\"width: 640px\" class=\"wp-caption alignnone\"><img fetchpriority=\"high\" decoding=\"async\" onerror=\"this.onerror=null;this.src=\" https:=\"\" class=\"wp-image-5847516\" src=\"https:\/\/sandia.datanubex.uk\/wp-content\/uploads\/2025\/12\/Cardenal-Porras.jpg\" alt=\"\" width=\"640\" height=\"373\"\/><figcaption id=\"caption-attachment-5847516\" class=\"wp-caption-text\">Foto: Cortes\u00eda<\/figcaption><\/figure>\n<\/p>\n<p>La oposici\u00f3n mayoritaria de Venezuela, agrupada en la Plataforma Unitaria Democr\u00e1tica (PUD), rechaz\u00f3 este mi\u00e9rcoles 10 de diciembre la que tach\u00f3 como \u00abagresi\u00f3n\u00bb contra el cardenal Baltazar Porras, cuyo pasaporte fue \u00abanulado\u00bb por funcionarios del chavismo, cuando intentaba viajar desde el Aeropuerto de Maiquet\u00eda, que sirve a Caracas, con rumbo a Colombia y con destino final a Espa\u00f1a.<\/p>\n<p><!-- Begin Mailchimp Signup Form --><\/p>\n<div id=\"mc_embed_signup\">\n<p><label for=\"mce-EMAIL\">            \u00a1\u00danete al club ahora! Suscr\u00edbete al bolet\u00edn m\u00e1s importante de Venezuela          <\/label><iframe data-test-id=\"beehiiv-embed\" height=\"52\" frameborder=\"0\" scrolling=\"no\" style=\"margin: 0; border-radius: 0px !important; &#10;&#9;&#9;background-color: transparent;\" data-src=\"https:\/\/embeds.beehiiv.com\/cdab9503-16ae-4689-ad4f-1408c727a83a?slim=true\" class=\"lazyload\"><\/iframe><\/p>\n<\/div>\n<p><!--End mc_embed_signup 2--><\/p>\n<p>\u00abEsta nueva agresi\u00f3n se suma a las \u00faltimas acciones en su contra y, por tanto, en contra del pueblo cat\u00f3lico\u00bb, se\u00f1al\u00f3 el bloque en una publicaci\u00f3n en X.<\/p>\n<p>La PUD exigi\u00f3 que le sea devuelto \u00abde manera inmediata\u00bb el pasaporte a Porras y que se le permita trasladarse \u00ablibremente\u00bb dentro y fuera del pa\u00eds.<\/p>\n<\/p>\n<p><img loading=\"lazy\" decoding=\"async\" onerror=\"this.onerror=null;this.src=\" https:=\"\" class=\"alignnone size-full wp-image-5847514 lazyload\" alt=\"\" width=\"597\" height=\"555\" src=\"https:\/\/sandia.datanubex.uk\/wp-content\/uploads\/2025\/12\/imagen_2025-12-10_164903412.png\" data-eio-rwidth=\"597\" data-eio-rheight=\"555\"\/><img loading=\"lazy\" decoding=\"async\" onerror=\"this.onerror=null;this.src=\" https:=\"\" class=\"alignnone size-full wp-image-5847514\" src=\"https:\/\/sandia.datanubex.uk\/wp-content\/uploads\/2025\/12\/imagen_2025-12-10_164903412.png\" alt=\"\" width=\"597\" height=\"555\" data-eio=\"l\"\/><\/p>\n<\/p>\n<p>Porras denunci\u00f3 que fue amenazado con ser detenido en el aeropuerto de Maiquet\u00eda, desde donde intent\u00f3 viajar a Colombia con destino final a Espa\u00f1a, cuando quiso tomar una foto de un documento donde se apuntaba el supuesto \u00abincumplimiento de las normas para viajar\u00bb.<\/p>\n<\/p>\n<blockquote>\n<p>LEE TAMBI\u00c9N: <strong>Cardenal Baltazar Porras se pronunci\u00f3 tras nueva arremetida del r\u00e9gimen chavista en Maiquet\u00eda<\/strong><\/p>\n<\/blockquote>\n<\/p>\n<p>En su cuenta de X, Porras relat\u00f3 que se dispon\u00eda a viajar a Espa\u00f1a para cumplir con \u00abcompromisos eclesiales\u00bb este fin de semana, cuando, al intentar pasar por el control migratorio, un oficial le indic\u00f3 que \u00abten\u00eda que consultar\u00bb si el pasaporte estaba \u00abal d\u00eda\u00bb.<\/p>\n<p>Despu\u00e9s, prosigui\u00f3, se le indic\u00f3 que \u00abel pasaporte presentaba problemas\u00bb y desde el aeropuerto \u00abno pod\u00edan hacer nada\u00bb, as\u00ed que se le dio la instrucci\u00f3n de volver a Caracas y acudir a la sede principal del Servicio Administrativo de Identificaci\u00f3n, Migraci\u00f3n y Extranjer\u00eda.<\/p>\n<p>El religioso afirm\u00f3 que pidi\u00f3 la devoluci\u00f3n de su pasaporte para reclamar su equipaje, pero a\u00f1adi\u00f3 que no le devolvieron el documento. En su lugar, seg\u00fan dijo, un militar lo sigui\u00f3, incluso hasta para ir al ba\u00f1o.<\/p>\n<\/p>\n<blockquote>\n<p>LEE TAMBI\u00c9N: <strong>Gran Priorato exige protesta formal del Vaticano tras humillante retenci\u00f3n del cardenal Baltazar Porras en Maiquet\u00eda<\/strong><\/p>\n<\/blockquote>\n<\/p>\n<p>\u00abDel pasaporte nadie me supo dar informaci\u00f3n y alguien me sugiri\u00f3 no pierda su tiempo aqu\u00ed en Maiquet\u00eda (\u2026). Sub\u00ed con la misma persona que me hab\u00eda llevado al aeropuerto y ya estoy en casa\u00bb, explic\u00f3.<\/p>\n<p>El pasado octubre, Porras denunci\u00f3 que las autoridades del pa\u00eds le impidieron viajar hasta Isnot\u00fa, estado Trujillo, donde ten\u00eda previsto asistir a una misa por el natalicio del m\u00e9dico Jos\u00e9 Gregorio Hern\u00e1ndez, el primer santo venezolano, quien es oriundo de esa localidad.<\/p>\n<p>Porras, cardenal desde el a\u00f1o 2016, ha sido cr\u00edtico del poder desde el p\u00falpito y blanco de duros cuestionamientos por parte del r\u00e9gimen venezolano, en particular del expresidente Hugo Ch\u00e1vez, fallecido en 2013, y de su sucesor, Nicol\u00e1s Maduro.<\/p>\n<p><strong>EFE<\/strong><\/p>\n<p><!-- CONTENT END 2 -->\n\t<\/div>\n\n","protected":false},"excerpt":{"rendered":"<p>con una esp\u00e1tula diciembre 10 2025, 4:57 pm Foto: Cortes\u00eda La oposici\u00f3n mayoritaria de Venezuela, agrupada en la Plataforma Unitaria Democr\u00e1tica (PUD), rechaz\u00f3 este mi\u00e9rcoles 10 de diciembre la que tach\u00f3 como \u00abagresi\u00f3n\u00bb contra el cardenal Baltazar Porras, cuyo pasaporte fue \u00abanulado\u00bb por funcionarios del chavismo, cuando intentaba viajar desde el Aeropuerto de Maiquet\u00eda, que &hellip;<\/p>\n","protected":false},"author":1,"featured_media":53368,"comment_status":"open","ping_status":"open","sticky":false,"template":"","format":"standard","meta":{"fifu_image_url":"https:\/\/sandia.datanubex.uk\/wp-content\/uploads\/2025\/12\/Cardenal-Porras.jpg","fifu_image_alt":"","footnotes":""},"categories":[13],"tags":[],"class_list":["post-53366","post","type-post","status-publish","format-standard","has-post-thumbnail","","category-mundo"],"_links":{"self":[{"href":"https:\/\/noticiasveraces.com\/index.php?rest_route=\/wp\/v2\/posts\/53366","targetHints":{"allow":["GET"]}}],"collection":[{"href":"https:\/\/noticiasveraces.com\/index.php?rest_route=\/wp\/v2\/posts"}],"about":[{"href":"https:\/\/noticiasveraces.com\/index.php?rest_route=\/wp\/v2\/types\/post"}],"author":[{"embeddable":true,"href":"https:\/\/noticiasveraces.com\/index.php?rest_route=\/wp\/v2\/users\/1"}],"replies":[{"embeddable":true,"href":"https:\/\/noticiasveraces.com\/index.php?rest_route=%2Fwp%2Fv2%2Fcomments&post=53366"}],"version-history":[{"count":0,"href":"https:\/\/noticiasveraces.com\/index.php?rest_route=\/wp\/v2\/posts\/53366\/revisions"}],"wp:featuredmedia":[{"embeddable":true,"href":"https:\/\/noticiasveraces.com\/index.php?rest_route=\/wp\/v2\/media\/53368"}],"wp:attachment":[{"href":"https:\/\/noticiasveraces.com\/index.php?rest_route=%2Fwp%2Fv2%2Fmedia&parent=53366"}],"wp:term":[{"taxonomy":"category","embeddable":true,"href":"https:\/\/noticiasveraces.com\/index.php?rest_route=%2Fwp%2Fv2%2Fcategories&post=53366"},{"taxonomy":"post_tag","embeddable":true,"href":"https:\/\/noticiasveraces.com\/index.php?rest_route=%2Fwp%2Fv2%2Ftags&post=53366"}],"curies":[{"name":"wp","href":"https:\/\/api.w.org\/{rel}","templated":true}]}}