{"id":53336,"date":"2025-12-10T11:44:41","date_gmt":"2025-12-10T15:44:41","guid":{"rendered":"https:\/\/noticiasveraces.com\/?p=53336"},"modified":"2025-12-10T11:44:41","modified_gmt":"2025-12-10T15:44:41","slug":"el-mejor-portero-de-la-champions-juega-en-el-kairat-y-no-estuvo-contra-el-real-madrid","status":"publish","type":"post","link":"https:\/\/noticiasveraces.com\/?p=53336","title":{"rendered":"El mejor portero de la Champions juega en el Kairat\u2026 \u00a1y no estuvo contra el Real Madrid!"},"content":{"rendered":"<p> \n<\/p>\n<div>\n<p data-mrf-recirculation=\"Links P\u00e1rrafos\" class=\"ue-c-article__paragraph paragraph ue-c-article--first-letter-highlighted\">Son muchos, y muy buenos, los porteros que est\u00e1n compadeciendo en la presente edici\u00f3n de la <strong>Campeones<\/strong>. Ahora bien, a pesar de haber encajado seis goles en los cuatro partidos que ha disputado y tan solo haber sido capaz de dejar una porter\u00eda a cero en todos ellos, ninguno est\u00e1 firmando los n\u00fameros de <strong>Temirlan Anarbekov<\/strong> bajo la porter\u00eda del <strong>Kairat Almat\u00fd.<\/strong><span\/><\/p>\n<figure class=\"ue-c-article__media ue-c-article__media--image\">\n<div class=\"ue-c-article__media-img-container ue-l-article--expand-edge-right-until-tablet ue-l-article--expand-edge-left-until-tablet\"><picture><source type=\"image\/webp\" sizes=\"(min-width: 1010px) 660px, (min-width: 980px) calc(100vw - 350px), (min-width: 740px) calc(100vw - 320px), 100vw\" srcset=\"https:\/\/objetos-xlk.estaticos-marca.com\/files\/article_360_widen_webp\/uploads\/2025\/12\/10\/693956162e1c5.webp 360w,https:\/\/objetos-xlk.estaticos-marca.com\/files\/article_375_widen_webp\/uploads\/2025\/12\/10\/693956162e1c5.webp 375w,https:\/\/objetos-xlk.estaticos-marca.com\/files\/article_414_widen_webp\/uploads\/2025\/12\/10\/693956162e1c5.webp 414w,https:\/\/objetos-xlk.estaticos-marca.com\/files\/article_660_widen_webp\/uploads\/2025\/12\/10\/693956162e1c5.webp 660w,https:\/\/objetos-xlk.estaticos-marca.com\/files\/article_720_widen_webp\/uploads\/2025\/12\/10\/693956162e1c5.webp 720w,https:\/\/objetos-xlk.estaticos-marca.com\/files\/article_750_widen_webp\/uploads\/2025\/12\/10\/693956162e1c5.webp 750w,https:\/\/objetos-xlk.estaticos-marca.com\/files\/article_828_widen_webp\/uploads\/2025\/12\/10\/693956162e1c5.webp 828w,https:\/\/objetos-xlk.estaticos-marca.com\/files\/article_1320_widen_webp\/uploads\/2025\/12\/10\/693956162e1c5.webp 1320w\"><source type=\"image\/jpeg\" sizes=\"(min-width: 1010px) 660px, (min-width: 980px) calc(100vw - 350px), (min-width: 740px) calc(100vw - 320px), 100vw\" srcset=\"https:\/\/objetos-xlk.estaticos-marca.com\/files\/article_360_widen\/uploads\/2025\/12\/10\/693956162e1c5.jpeg 360w,https:\/\/objetos-xlk.estaticos-marca.com\/files\/article_375_widen\/uploads\/2025\/12\/10\/693956162e1c5.jpeg 375w,https:\/\/objetos-xlk.estaticos-marca.com\/files\/article_414_widen\/uploads\/2025\/12\/10\/693956162e1c5.jpeg 414w,https:\/\/objetos-xlk.estaticos-marca.com\/files\/article_660_widen\/uploads\/2025\/12\/10\/693956162e1c5.jpeg 660w,https:\/\/objetos-xlk.estaticos-marca.com\/files\/article_720_widen\/uploads\/2025\/12\/10\/693956162e1c5.jpeg 720w,https:\/\/objetos-xlk.estaticos-marca.com\/files\/article_750_widen\/uploads\/2025\/12\/10\/693956162e1c5.jpeg 750w,https:\/\/objetos-xlk.estaticos-marca.com\/files\/article_828_widen\/uploads\/2025\/12\/10\/693956162e1c5.jpeg 828w,https:\/\/objetos-xlk.estaticos-marca.com\/files\/article_1320_widen\/uploads\/2025\/12\/10\/693956162e1c5.jpeg 1320w\"><img decoding=\"async\" width=\"3000\" height=\"2000\" class=\"ue-c-article__image lazyload\" alt=\"Temirlan Anarbekov, tapando un remate de El Kaabi\" loading=\"lazy\" src=\"https:\/\/objetos-xlk.estaticos-marca.com\/uploads\/2025\/12\/10\/693956162e1c5.jpeg\"\/><\/source><\/source><\/picture><\/div><figcaption class=\"ue-c-article__media-caption\">\n<p><span class=\"ue-c-article__media-description\">Temirlan Anarbekov, tapando un remate de El Kaabi<\/span><span class=\"ue-c-article__media-source\"><span class=\"ue-c-article__media-author\">EFE<\/span><\/span><\/p>\n<\/figcaption><\/figure>\n<p data-mrf-recirculation=\"Links P\u00e1rrafos\" class=\"ue-c-article__paragraph paragraph\">Durante las rondas previas, fue el jovenc\u00edsimo <strong>Dastan Satpaev<\/strong> el nombre m\u00e1s visible de este <strong>Kairat <\/strong>que logr\u00f3 meterse en Champions por primera vez en su historia. Ahora bien, el verdadero h\u00e9roe de la clasificaci\u00f3n fue un <strong>Temirlan Anarbekov<\/strong> que le puso el candado a su porter\u00eda en los dos partidos ante el <strong>c\u00e9ltico <\/strong>para forzar unos penaltis donde fue capaz de detener hasta tres lanzamientos para dejar en la cuneta a los \u2018cat\u00f3licos\u2019.<span\/><\/p>\n<figure class=\"ue-c-article__media ue-c-article__media--video  video-player\"><figcaption class=\"ue-c-article__media-caption\" itemprop=\"description\">\n<p><span class=\"ue-c-article__media-description\">Cair de Almaty 0-1 Ol\u00edmpico: resumen y gol de la Liga de Campeones (J6)<\/span><\/p>\n<\/figcaption><\/figure>\n<p data-mrf-recirculation=\"Links P\u00e1rrafos\" class=\"ue-c-article__paragraph paragraph\">\u201cNo puedo creerlo. Entr\u00e9 por la lesi\u00f3n de mi compa\u00f1ero (<strong>Aleksandr Zarutskiy<\/strong>) y s\u00f3lo pens\u00e9 en ayudar a mi equipo. Es un sue\u00f1o clasificar a la Champions con el <strong>Kairat<\/strong>. Esto es un premio para todo <strong>Kazajist\u00e1n<\/strong>. Estaba nervioso en los penaltis. Pero confi\u00e9 en mis reflejos y en el apoyo de la afici\u00f3n\u201d, confes\u00f3 despu\u00e9s del partido un <strong>Temirlan Anarbekov<\/strong> visiblemente emocionado.<span\/><\/p>\n<blockquote class=\"ue-c-article__blockquote\">\n<p>Entr\u00e9 por la lesi\u00f3n de mi compa\u00f1ero (Aleksandr Zarutskiy) y s\u00f3lo pens\u00e9 en ayudar a mi equipo. Es un sue\u00f1o clasificar a la Champions con el Kairat<\/p>\n<p><span class=\"ue-c-article__blockquote-author\">Temirlan Anarbekov, jugador del Kairat<\/span><\/p><\/blockquote>\n<p data-mrf-recirculation=\"Links P\u00e1rrafos\" class=\"ue-c-article__paragraph paragraph\">La mala fortuna se le apareci\u00f3 en forma de lesi\u00f3n tras sufrir un traumatismo craneoencef\u00e1lico ante el <strong>Aktob\u00e9 <\/strong>que le oblig\u00f3 a retirase a los 13\u2019 de partido, neg\u00e1ndole as\u00ed la posibilidad de estar presente en el estreno contra el <strong>CP deportivo<\/strong> y, sobre todo, en el duelo en casa contra el <strong>real madrid<\/strong>. \u201cSo\u00f1aba con enfrentarme contra el <strong>real madrid<\/strong> y defender nuestra porter\u00eda ante estrellas como <strong>Mbapp\u00e9<\/strong>. Pero el f\u00fatbol es as\u00ed. Ahora s\u00f3lo pienso en recuperarme r\u00e1pido y volver a ayudar al equipo en <strong>europa<\/strong>. Esta lesi\u00f3n no me detendr\u00e1, es algo temporal\u201d, lleg\u00f3 a reconocer.<span\/><\/p>\n<blockquote class=\"ue-c-article__blockquote\">\n<p>So\u00f1aba con enfrentarme contra el Real Madrid y defender nuestra porter\u00eda ante estrellas como Mbapp\u00e9. Pero el f\u00fatbol es as\u00ed<\/p>\n<p><span class=\"ue-c-article__blockquote-author\">Temirlan Anarbekov, jugador del Kairat<\/span><\/p><\/blockquote>\n<p data-mrf-recirculation=\"Links P\u00e1rrafos\" class=\"ue-c-article__paragraph paragraph\">Lo hizo en tiempo r\u00e9cord y, desde que se enfund\u00f3 los guantes para ponerle el candado a la porter\u00eda del <strong>Kairat <\/strong>ante el <strong>Patetismo<\/strong>no se los ha vuelto a quitar. Desde entonces, han encajado seis goles en cuatro jornadas. Tres menos que en las dos iniciales, donde <strong>Temirlan Anarbekov<\/strong> no pudo estar disponible. Ahora bien, siendo el segundo equipo que m\u00e1s disparos a puerta recibe (39) de esta <strong>Campeones<\/strong>podr\u00edan haber sido muchos m\u00e1s. Sin embargo, puede presumir de ser el portero con m\u00e1s paradas realizadas por partido (6.2) y m\u00e1s goles evitados (5.9).<span\/><\/p>\n<p data-mrf-recirculation=\"Links P\u00e1rrafos\" class=\"ue-c-article__paragraph paragraph\"><strong>Porteros con m\u00e1s goles evitados de la Champions 25-26:<\/strong><\/p>\n<ol class=\"ue-c-article__list ue-c-article__list--ordered\">\n<li>Temirlan Anarbekov (Kairat Almaty): 5,85<\/li>\n<li>Nikita Haikin (Bodo\/Glimt): 4,10<\/li>\n<li>Jindrich Stanek (Slavia Praga): 2,27<\/li>\n<li>Jakub Markovic (Slavia Praga): 1,98<\/li>\n<li>Ger\u00f3nimo Rulli (Olympique de Marsella): 1.95<\/li>\n<\/ol>\n<p data-mrf-recirculation=\"Links P\u00e1rrafos\" class=\"ue-c-article__paragraph paragraph\">\u201cEn cuatro partidos de <strong>Campeones <\/strong>he realizado 24 paradas. Pero lo importante es el equipo. Hoy salvamos la diferencia de goles y mostramos orgullo kazajo\u201d, afirm\u00f3 despu\u00e9s de su \u00faltima exhibici\u00f3n ante <strong>Olympiakos<\/strong>\u2026 a pesar de que pudo hacer algo m\u00e1s para evitar el solitario tanto de <strong>Gelson Martins<\/strong>. El \u00fanico \u2018borr\u00f3n\u2019 a otra actuaci\u00f3n memorable que le llev\u00f3 a realizar hasta ocho paradas y cinco de ellas desde el interior del \u00e1rea que mantuvieron con viva al <strong>Kairat <\/strong>hasta el final.<span\/><\/p>\n<blockquote class=\"ue-c-article__blockquote\">\n<p>En cuatro partidos de Champions he realizado 24 paradas. Pero lo importante es el equipo<\/p>\n<p><span class=\"ue-c-article__blockquote-author\">Temirlan Anarbekov, jugador del Kairat<\/span><\/p><\/blockquote>\n<p data-mrf-recirculation=\"Links P\u00e1rrafos\" class=\"ue-c-article__paragraph paragraph\">Ya representando a <strong>Kazajist\u00e1n <\/strong>logr\u00f3 retrasar la clasificaci\u00f3n de <strong>B\u00e9lgica <\/strong>Alabama <strong>Mundial 2026<\/strong> el pasado mes de noviembre cuajando otra actuaci\u00f3n sobresaliente. Ahora bien, la realidad es que la <strong>Campeones<\/strong> est\u00e1 siendo su mayor escaparate. \u201cEstoy listo para el futuro. Quiz\u00e1s, sea el momento de dar un salto mayor en <strong>europa<\/strong>. Pero, por ahora, mi coraz\u00f3n est\u00e1 en <strong>Kairat<\/strong>\u201d, revel\u00f3 un <strong>Temirlan Anarbekov<\/strong> que, a sus 22 a\u00f1os, se est\u00e1 destapando, al menos con los n\u00fameros en la mano, como el mejor guardameta del torneo.<span\/><\/p>\n<\/div>\n\n","protected":false},"excerpt":{"rendered":"<p>Son muchos, y muy buenos, los porteros que est\u00e1n compadeciendo en la presente edici\u00f3n de la Campeones. Ahora bien, a pesar de haber encajado seis goles en los cuatro partidos que ha disputado y tan solo haber sido capaz de dejar una porter\u00eda a cero en todos ellos, ninguno est\u00e1 firmando los n\u00fameros de Temirlan &hellip;<\/p>\n","protected":false},"author":1,"featured_media":53338,"comment_status":"open","ping_status":"open","sticky":false,"template":"","format":"standard","meta":{"fifu_image_url":"https:\/\/objetos-xlk.estaticos-marca.com\/files\/article_main_microformat\/\/uploads\/2025\/12\/10\/693951de6efc8.jpeg","fifu_image_alt":"","footnotes":""},"categories":[6],"tags":[],"class_list":["post-53336","post","type-post","status-publish","format-standard","has-post-thumbnail","","category-deportes"],"_links":{"self":[{"href":"https:\/\/noticiasveraces.com\/index.php?rest_route=\/wp\/v2\/posts\/53336","targetHints":{"allow":["GET"]}}],"collection":[{"href":"https:\/\/noticiasveraces.com\/index.php?rest_route=\/wp\/v2\/posts"}],"about":[{"href":"https:\/\/noticiasveraces.com\/index.php?rest_route=\/wp\/v2\/types\/post"}],"author":[{"embeddable":true,"href":"https:\/\/noticiasveraces.com\/index.php?rest_route=\/wp\/v2\/users\/1"}],"replies":[{"embeddable":true,"href":"https:\/\/noticiasveraces.com\/index.php?rest_route=%2Fwp%2Fv2%2Fcomments&post=53336"}],"version-history":[{"count":0,"href":"https:\/\/noticiasveraces.com\/index.php?rest_route=\/wp\/v2\/posts\/53336\/revisions"}],"wp:featuredmedia":[{"embeddable":true,"href":"https:\/\/noticiasveraces.com\/index.php?rest_route=\/wp\/v2\/media\/53338"}],"wp:attachment":[{"href":"https:\/\/noticiasveraces.com\/index.php?rest_route=%2Fwp%2Fv2%2Fmedia&parent=53336"}],"wp:term":[{"taxonomy":"category","embeddable":true,"href":"https:\/\/noticiasveraces.com\/index.php?rest_route=%2Fwp%2Fv2%2Fcategories&post=53336"},{"taxonomy":"post_tag","embeddable":true,"href":"https:\/\/noticiasveraces.com\/index.php?rest_route=%2Fwp%2Fv2%2Ftags&post=53336"}],"curies":[{"name":"wp","href":"https:\/\/api.w.org\/{rel}","templated":true}]}}