{"id":53331,"date":"2025-12-10T11:40:29","date_gmt":"2025-12-10T15:40:29","guid":{"rendered":"https:\/\/noticiasveraces.com\/?p=53331"},"modified":"2025-12-10T11:40:29","modified_gmt":"2025-12-10T15:40:29","slug":"la-oposicion-venezolana-destaca-que-el-nobel-a-machado-reconoce-a-los-caidos-y-perseguidos-albertonews","status":"publish","type":"post","link":"https:\/\/noticiasveraces.com\/?p=53331","title":{"rendered":"La oposici\u00f3n venezolana destaca que el Nobel a Machado reconoce a los ca\u00eddos y perseguidos &#8211; AlbertoNews"},"content":{"rendered":"<p> \n<\/p>\n<div>\n<p>La mayor coalici\u00f3n opositora de Venezuela, la Plataforma Unitaria Democr\u00e1tica (PUD), consider\u00f3 este mi\u00e9rcoles que el Premio Nobel de la Paz otorgado a la l\u00edder Mar\u00eda Corina Machado es tambi\u00e9n un \u00abreconocimiento a cada v\u00edctima, a los ca\u00eddos, a los perseguidos y a cada defensor de derechos humanos\u00bb en el pa\u00eds suramericano.<\/p>\n<p>En un mensaje publicado en su cuenta de X, la PUD celebr\u00f3 el Nobel de Machado, que tambi\u00e9n consider\u00f3 como un reconocimiento \u00abal compromiso c\u00edvico de millones de venezolanos que han defendido, de manera pac\u00edfica, su derecho a vivir en libertad y dignidad\u00bb.<\/p>\n<p>\u00abEste honor reafirma el valor de la Venezuela que persevera y abre caminos democr\u00e1ticos. Que este d\u00eda inspire a todos a seguir apostando por el rescate de la democracia en nuestro pa\u00eds. Hoy se hace m\u00e1s propicia a\u00fan la lucha por la libertad de los presos pol\u00edticos\u00bb, manifest\u00f3 la coalici\u00f3n opositora.<\/p>\n<p>El presidente del Comit\u00e9 Noruego del Nobel, J\u00f8rgen Watne Frydnes, inst\u00f3 este mi\u00e9rcoles al mandatario de Venezuela, Nicol\u00e1s Maduro, a aceptar los resultados electorales de 2024 y a renunciar a su cargo para sentar las bases hacia una \u00abdemocracia\u00bb en el pa\u00eds.<\/p>\n<p>\u00abDebe aceptar los resultados electorales y renunciar a su cargo. Debe sentar las bases para una transici\u00f3n pac\u00edfica hacia la democracia, porque esa es la voluntad del pueblo venezolano. Mar\u00eda Corina Machado y la oposici\u00f3n venezolana han encendido una llama que ninguna tortura, ninguna mentira y ning\u00fan miedo podr\u00e1n apagar\u00bb, dijo en su discurso de entrega del Premio Nobel de Paz.<\/p>\n<p>Por su parte, Machado dedic\u00f3 su Nobel de la Paz a todo el pueblo de Venezuela y a los \u00abh\u00e9roes\u00bb que luchan por la \u00ablibertad\u00bb de ese pa\u00eds, as\u00ed como a \u00ablos l\u00edderes del mundo\u00bb que la apoyaron, en un discurso le\u00eddo por su hija, Ana Corina Sosa, que recogi\u00f3 el galard\u00f3n en su nombre en Oslo.<\/p>\n<p>La l\u00edder opositora no lleg\u00f3 a la ceremonia, pero su hija confirm\u00f3 que en \u00abunas horas\u00bb podr\u00e1 abrazar a su madre en la capital noruega y que la intenci\u00f3n de la l\u00edder opositora es regresar \u00abmuy pronto\u00bb a Venezuela.<\/p>\n<p>Al acto asisti\u00f3 el l\u00edder opositor venezolano y aliado de Machado, Edmundo Gonz\u00e1lez Urrutia, quien reclama la Presidencia de su pa\u00eds al asegurar que fue elegido en las presidenciales de 2024, pese a que el ente electoral, controlado por rectores afines al chavismo, proclam\u00f3 la reelecci\u00f3n de Maduro, un resultado que no ha sido reconocido por varios pa\u00edses.<\/p>\n<p>Machado fue la s\u00e9ptima personalidad latinoamericana en recibir el galard\u00f3n.<\/p>\n<p>El Comit\u00e9 Nobel noruego, con sede en Oslo, anunci\u00f3 en octubre que fue seleccionada \u00abpor su incansable labor en la promoci\u00f3n de los derechos democr\u00e1ticos del pueblo venezolano y por su lucha por lograr una transici\u00f3n justa y pac\u00edfica de la dictadura a la democracia\u00bb. EFE <\/p>\n<\/p>\n<p class=\"p\"><b><span class=\"17\" style=\"font-family: 'Segoe UI';\">Si quieres recibir en tu celular esta y otras informaciones descarga Telegram, ingresa al link <\/span><\/b><b><span class=\"15\" style=\"font-family: 'Segoe UI';\">https:\/\/t.me\/albertorodnews<\/span><\/b><b><span class=\"17\" style=\"font-family: 'Segoe UI';\"> y dale click a +Unirme.  <\/span><\/b><\/p>\n<p class=\"p\"><b><span class=\"15\" style=\"font-family: 'Segoe UI';\">Alberto Noticias<\/span><\/b><\/p>\n<\/p><\/div>\n\n","protected":false},"excerpt":{"rendered":"<p>La mayor coalici\u00f3n opositora de Venezuela, la Plataforma Unitaria Democr\u00e1tica (PUD), consider\u00f3 este mi\u00e9rcoles que el Premio Nobel de la Paz otorgado a la l\u00edder Mar\u00eda Corina Machado es tambi\u00e9n un \u00abreconocimiento a cada v\u00edctima, a los ca\u00eddos, a los perseguidos y a cada defensor de derechos humanos\u00bb en el pa\u00eds suramericano. En un mensaje &hellip;<\/p>\n","protected":false},"author":1,"featured_media":53332,"comment_status":"open","ping_status":"open","sticky":false,"template":"","format":"standard","meta":{"fifu_image_url":"https:\/\/bitlyanews.com\/wp-content\/uploads\/2025\/12\/003466b468fd254d5f9522fe34e463337901e074w.jpg","fifu_image_alt":"","footnotes":""},"categories":[4],"tags":[],"class_list":["post-53331","post","type-post","status-publish","format-standard","has-post-thumbnail","","category-historias-destacadas"],"_links":{"self":[{"href":"https:\/\/noticiasveraces.com\/index.php?rest_route=\/wp\/v2\/posts\/53331","targetHints":{"allow":["GET"]}}],"collection":[{"href":"https:\/\/noticiasveraces.com\/index.php?rest_route=\/wp\/v2\/posts"}],"about":[{"href":"https:\/\/noticiasveraces.com\/index.php?rest_route=\/wp\/v2\/types\/post"}],"author":[{"embeddable":true,"href":"https:\/\/noticiasveraces.com\/index.php?rest_route=\/wp\/v2\/users\/1"}],"replies":[{"embeddable":true,"href":"https:\/\/noticiasveraces.com\/index.php?rest_route=%2Fwp%2Fv2%2Fcomments&post=53331"}],"version-history":[{"count":0,"href":"https:\/\/noticiasveraces.com\/index.php?rest_route=\/wp\/v2\/posts\/53331\/revisions"}],"wp:featuredmedia":[{"embeddable":true,"href":"https:\/\/noticiasveraces.com\/index.php?rest_route=\/wp\/v2\/media\/53332"}],"wp:attachment":[{"href":"https:\/\/noticiasveraces.com\/index.php?rest_route=%2Fwp%2Fv2%2Fmedia&parent=53331"}],"wp:term":[{"taxonomy":"category","embeddable":true,"href":"https:\/\/noticiasveraces.com\/index.php?rest_route=%2Fwp%2Fv2%2Fcategories&post=53331"},{"taxonomy":"post_tag","embeddable":true,"href":"https:\/\/noticiasveraces.com\/index.php?rest_route=%2Fwp%2Fv2%2Ftags&post=53331"}],"curies":[{"name":"wp","href":"https:\/\/api.w.org\/{rel}","templated":true}]}}