{"id":53327,"date":"2025-12-10T10:33:22","date_gmt":"2025-12-10T14:33:22","guid":{"rendered":"https:\/\/noticiasveraces.com\/?p=53327"},"modified":"2025-12-10T10:33:22","modified_gmt":"2025-12-10T14:33:22","slug":"hija-de-opositora-venezolana-machado-recibe-nobel-de-la-paz-dw-10-12-2025","status":"publish","type":"post","link":"https:\/\/noticiasveraces.com\/?p=53327","title":{"rendered":"Hija de opositora venezolana Machado recibe Nobel de la Paz \u2013 DW \u2013 10\/12\/2025"},"content":{"rendered":"<p> \n<\/p>\n<div data-tracking-name=\"rich-text\" data-tracking-skip=\"true\">\n<p>Ana Corina Sosa, hija de Mar\u00eda Corina Machado, recibi\u00f3 este mi\u00e9rcoles (10.12.2025) en el Ayuntamiento de Oslo el Nobel de la Paz\u00a0en nombre de la opositora venezolana, que no ha podido viajar a Noruega a tiempo para recibir en persona el premio, aunque viajar\u00e1 igualmente a la capital noruega, seg\u00fan el Instituto Nobel.<\/p>\n<p>En una llamada con el presidente del Comit\u00e9 Noruego del Nobel, Jorgen Watne Frydnes, divulgada por la organizaci\u00f3n justo antes de la gala,\u00a0\u00a0Mar\u00eda Corina Machado se dijo \u00abmuy triste\u00bb y afirm\u00f3 que \u00absent\u00eda mucho\u00bb no llegar a tiempo para la ceremonia.\u00a0\u00abMucha gente ha arriesgado su vida para que yo pueda llegar a Oslo\u00bb, dijo.<\/p>\n<figure class=\"placeholder-image master_landscape big\"><img data-format=\"MASTER_LANDSCAPE\" data-id=\"75093053\" data-url=\"https:\/\/static.dw.com\/image\/75093053_${formatId}.jpg\" data-aspect-ratio=\"16\/9\" alt=\"La hija de la l\u00edder opositora venezolana Mar\u00eda Corina Machado, Ana Corina Sosa, recibe el Premio Nobel para su madre en Oslo. Junto a ella, el presidente del Comit\u00e9 Noruego del Nobel, Jorgen Watne Frydnes.\" style=\"padding-bottom: 56.25%; height: 0; max-height: 0;\"\/><figcaption class=\"img-caption\">La hija de la l\u00edder opositora venezolana Mar\u00eda Corina Machado, Ana Corina Sosa, recibe el Premio Nobel para su madre en Oslo. Junto a ella, el presidente del Comit\u00e9 Noruego del Nobel, Jorgen Watne Frydnes.<small class=\"copyright\">Imagen: Ole Berg-Rusten\/NTB\/AFP\/Getty Images<\/small><\/figcaption><\/figure>\n<h2>Danny Ocean abri\u00f3 la ceremonia del Nobel<\/h2>\n<p>El artista venezolano Danny Ocean abri\u00f3 la ceremonia del Premio Nobel de la Paz 2025 en Oslo, este mi\u00e9rcoles, en la que se entreg\u00f3 el Premio Nobel de la Paz a su compatriota, la l\u00edder de la oposici\u00f3n Mar\u00eda Corina Machado. <\/p>\n<p><span data-slot-id=\"Article_InContent-1\" class=\"rich-text-ad\"\/><\/p>\n<p>\u00abYo nac\u00ed en esta ribera. Del Arauca vibrador\u00bb, comenz\u00f3 a cantar de forma l\u00edrica y acompa\u00f1ado de un piano Danny Ocean, versionando la tradicional canci\u00f3n &#8216;Alma Llanera&#8217;, convertido en un segundo himno venezolano.<\/p>\n<p>Danny Ocean, quien se hizo famoso con su &#8216;Me reh\u00faso&#8217;, que habla del dolor de migrar y dejar atr\u00e1s a un amor y por ello considerada una de las canciones del exilio, es uno de los artistas escogidos para la gala, en la que tambi\u00e9n actuar\u00e1 la pianista Gabriela Montero, que interpretar\u00e1 &#8216;Mi querencia&#8217;, de Sim\u00f3n D\u00edaz.<\/p>\n<p>En la gala est\u00e1n varios presidentes latinoamericanos, entre ellos el argentino Javier Milei, el paname\u00f1o\u00a0\u00a0Jos\u00e9 Ra\u00fal Mulino y el paraguayo Santiago Pe\u00f1a, adem\u00e1s de figuras de la oposici\u00f3n venezolana, de la derecha mundial y familiares de la l\u00edder opositora.<\/p>\n<figure class=\"placeholder-image master_landscape big\"><img data-format=\"MASTER_LANDSCAPE\" data-id=\"75093079\" data-url=\"https:\/\/static.dw.com\/image\/75093079_${formatId}.jpg\" data-aspect-ratio=\"16\/9\" alt=\"La hija de Mar\u00eda Corina Machado, Ana Corina Sosa, en la ceremonia del Premio Nobel de la Paz.\" style=\"padding-bottom: 56.25%; height: 0; max-height: 0;\"\/><figcaption class=\"img-caption\">La hija de Mar\u00eda Corina Machado, Ana Corina Sosa, en la ceremonia del Premio Nobel de la Paz, en Oslo.<small class=\"copyright\">Imagen: ODD ANDERSEN\/AFP\/Getty Images<\/small><\/figcaption><\/figure>\n<h2>Mar\u00eda Corina Machado: \u00abEstar\u00e9 en Oslo, estoy de camino ahora mismo\u00bb<\/h2>\n<p>La l\u00edder opositora venezolanaMar\u00eda Corina Machado, lament\u00f3 hoy en una conversaci\u00f3n telef\u00f3nica desde un lugar desconocido con el Instituto Nobel que no pueda llegar a tiempo a la ceremonia de entrega del Premio Nobel de la Paz, pero asegur\u00f3 que llegar\u00e1 a Oslo y que de hecho est\u00e1 \u00abde camino ahora mismo\u00bb.<\/p>\n<p>\u00abNos sentimos muy emocionados y honrados. Por eso me entristece y lamento mucho decirte que no podr\u00e9 llegar a tiempo a la ceremonia, pero estar\u00e9 en Oslo y estoy de camino a Oslo en este momento\u00bb, asegur\u00f3 Machado al responder a la llamada telef\u00f3nica del presidente del Comit\u00e9 Noruego del Nobel, Jorgen Watne Frydnes.<\/p>\n<figure class=\"placeholder-image master_landscape big\"><img data-format=\"MASTER_LANDSCAPE\" data-id=\"75092004\" data-url=\"https:\/\/static.dw.com\/image\/75092004_${formatId}.jpg\" data-aspect-ratio=\"16\/9\" alt=\"El presidente del Comit\u00e9 Noruego del Nobel, Jorgen Watne Frydnes.\" style=\"padding-bottom: 56.25%; height: 0; max-height: 0;\"\/><figcaption class=\"img-caption\">El presidente del Comit\u00e9 Noruego del Nobel, Jorgen Watne Frydnes.<small class=\"copyright\">Imagen: Odd Andersen\/NTB\/AFP\/Getty Images<\/small><\/figcaption><\/figure>\n<p>Machado dijo tener constancia de que hay \u00abcientos de venezolanos\u00bb de diferentes partes del mundo que s\u00ed pudieron llegar a la capital noruega, as\u00ed como su propia familia, su equipo y muchos colegas.<\/p>\n<p>La exdiputada agreg\u00f3 que, \u00abcomo este es un premio para todos los venezolanos\u00bb, ellos lo recibir\u00e1n.<\/p>\n<p>\u00abTan pronto como llegue, podr\u00e9 abrazar a toda mi familia y a mis hijos, a quienes no he visto en dos a\u00f1os. Y a tantos venezolanos y noruegos que conozco y que comparten nuestra lucha y nuestro esfuerzo. As\u00ed que muchas gracias y nos vemos muy pronto\u00bb, asegur\u00f3 un tanto apresurada, porque afirm\u00f3 subirse ahora mismo a un avi\u00f3n para llegar a Oslo.<\/p>\n<p>Adem\u00e1s, Machado reiter\u00f3 su agradecimiento al Comit\u00e9 Nobel por el \u00abinmenso reconocimiento\u00bb a la lucha del pueblo venezolano por la democracia y la libertad.<\/p>\n<p>CP (efe, afp, dpa)<\/p>\n<\/div>\n\n","protected":false},"excerpt":{"rendered":"<p>Ana Corina Sosa, hija de Mar\u00eda Corina Machado, recibi\u00f3 este mi\u00e9rcoles (10.12.2025) en el Ayuntamiento de Oslo el Nobel de la Paz\u00a0en nombre de la opositora venezolana, que no ha podido viajar a Noruega a tiempo para recibir en persona el premio, aunque viajar\u00e1 igualmente a la capital noruega, seg\u00fan el Instituto Nobel. En una &hellip;<\/p>\n","protected":false},"author":1,"featured_media":53328,"comment_status":"open","ping_status":"open","sticky":false,"template":"","format":"standard","meta":{"fifu_image_url":"https:\/\/static.dw.com\/image\/75091849_6.jpg","fifu_image_alt":"","footnotes":""},"categories":[13],"tags":[],"class_list":["post-53327","post","type-post","status-publish","format-standard","has-post-thumbnail","","category-mundo"],"_links":{"self":[{"href":"https:\/\/noticiasveraces.com\/index.php?rest_route=\/wp\/v2\/posts\/53327","targetHints":{"allow":["GET"]}}],"collection":[{"href":"https:\/\/noticiasveraces.com\/index.php?rest_route=\/wp\/v2\/posts"}],"about":[{"href":"https:\/\/noticiasveraces.com\/index.php?rest_route=\/wp\/v2\/types\/post"}],"author":[{"embeddable":true,"href":"https:\/\/noticiasveraces.com\/index.php?rest_route=\/wp\/v2\/users\/1"}],"replies":[{"embeddable":true,"href":"https:\/\/noticiasveraces.com\/index.php?rest_route=%2Fwp%2Fv2%2Fcomments&post=53327"}],"version-history":[{"count":0,"href":"https:\/\/noticiasveraces.com\/index.php?rest_route=\/wp\/v2\/posts\/53327\/revisions"}],"wp:featuredmedia":[{"embeddable":true,"href":"https:\/\/noticiasveraces.com\/index.php?rest_route=\/wp\/v2\/media\/53328"}],"wp:attachment":[{"href":"https:\/\/noticiasveraces.com\/index.php?rest_route=%2Fwp%2Fv2%2Fmedia&parent=53327"}],"wp:term":[{"taxonomy":"category","embeddable":true,"href":"https:\/\/noticiasveraces.com\/index.php?rest_route=%2Fwp%2Fv2%2Fcategories&post=53327"},{"taxonomy":"post_tag","embeddable":true,"href":"https:\/\/noticiasveraces.com\/index.php?rest_route=%2Fwp%2Fv2%2Ftags&post=53327"}],"curies":[{"name":"wp","href":"https:\/\/api.w.org\/{rel}","templated":true}]}}