{"id":53316,"date":"2025-12-10T07:07:06","date_gmt":"2025-12-10T11:07:06","guid":{"rendered":"https:\/\/noticiasveraces.com\/?p=53316"},"modified":"2025-12-10T07:07:06","modified_gmt":"2025-12-10T11:07:06","slug":"maria-corina-machado-y-edmundo-gonzalez-fueron-fotografiados-en-oslo-antes-de-la-entrega-del-premio-nobel-de-la-paz-el-diario-venezuela","status":"publish","type":"post","link":"https:\/\/noticiasveraces.com\/?p=53316","title":{"rendered":"\u00bfMar\u00eda Corina Machado y Edmundo Gonz\u00e1lez fueron fotografiados en Oslo antes de la entrega del Premio Nobel de la Paz? &#8211; El Diario Venezuela"},"content":{"rendered":"<p> \n<\/p>\n<div>\n<p><strong>Es falso.<\/strong> En redes sociales circula una imagen en la que aparecen los dirigentes opositores venezolanos <strong>Mar\u00eda Corina Machado<\/strong> y <strong>Edmundo Gonz\u00e1lez <\/strong>levantando un brazo desde lo que ser\u00eda el balc\u00f3n del Grand Hotel de Oslo, en Noruega. Las publicaciones aseguran que Machado habr\u00eda viajado a ese pa\u00eds para recibir el Premio Nobel de la Paz el 10 de diciembre. Sin embargo, la publicaci\u00f3n <strong>se trata de un montaje<\/strong>. <\/p>\n<p>\u201cMar\u00eda Corina y Edmundo Gonz\u00e1lez est\u00e1n en Oslo. \u00a1Que viva la libertad, carajo!\u201d, son algunos de los mensajes falsos que circulan en publicaciones en Facebook y X. <\/p>\n<figure class=\"wp-block-image size-large\"><img fetchpriority=\"high\" decoding=\"async\" width=\"1200\" height=\"900\" src=\"https:\/\/eldiario.com\/wp-content\/uploads\/2025\/12\/ED-CHEQUEALO-FALSO-3-1-1200x900.png\" alt=\"\u00bfMar\u00eda Corina Machado y Edmundo Gonz\u00e1lez fueron fotografiados en Oslo antes de la entrega del Premio Nobel de la Paz?\" class=\"wp-image-832259\" srcset=\"https:\/\/eldiario.com\/wp-content\/uploads\/2025\/12\/ED-CHEQUEALO-FALSO-3-1-1200x900.png 1200w, https:\/\/eldiario.com\/wp-content\/uploads\/2025\/12\/ED-CHEQUEALO-FALSO-3-1-300x225.png 300w, https:\/\/eldiario.com\/wp-content\/uploads\/2025\/12\/ED-CHEQUEALO-FALSO-3-1-768x576.png 768w, https:\/\/eldiario.com\/wp-content\/uploads\/2025\/12\/ED-CHEQUEALO-FALSO-3-1-1536x1152.png 1536w, https:\/\/eldiario.com\/wp-content\/uploads\/2025\/12\/ED-CHEQUEALO-FALSO-3-1-860x645.png 860w, https:\/\/eldiario.com\/wp-content\/uploads\/2025\/12\/ED-CHEQUEALO-FALSO-3-1-150x113.png 150w, https:\/\/eldiario.com\/wp-content\/uploads\/2025\/12\/ED-CHEQUEALO-FALSO-3-1.png 1600w\" sizes=\"(max-width: 1200px) 100vw, 1200px\"\/><figcaption class=\"wp-element-caption\">Foto: Captura de pantalla<\/figcaption><\/figure>\n<p>La imagen se viraliz\u00f3 en la ma\u00f1ana del martes 9 de diciembre. Una b\u00fasqueda inversa de la fotograf\u00eda dirige a una rueda de prensa ofrecida por Machado y Gonz\u00e1lez en Caracas <strong>el 29 de julio de 2024, un d\u00eda despu\u00e9s de los comicios presidenciales en el pa\u00eds<\/strong>. <\/p>\n<p>Una comparaci\u00f3n entre la fotograf\u00eda original y el contenido viral muestra similitudes en la postura y vestimenta de ambos dirigentes, lo que confirma que<strong> la imagen fue editada digitalmente<\/strong>.<\/p>\n<figure class=\"wp-block-image size-full\"><img loading=\"lazy\" decoding=\"async\" width=\"1024\" height=\"576\" src=\"https:\/\/eldiario.com\/wp-content\/uploads\/2025\/12\/image-9.png\" alt=\"\u00bfMar\u00eda Corina Machado y Edmundo Gonz\u00e1lez fueron fotografiados en Oslo antes de la entrega del Premio Nobel de la Paz?\" class=\"wp-image-832262\" srcset=\"https:\/\/eldiario.com\/wp-content\/uploads\/2025\/12\/image-9.png 1024w, https:\/\/eldiario.com\/wp-content\/uploads\/2025\/12\/image-9-300x169.png 300w, https:\/\/eldiario.com\/wp-content\/uploads\/2025\/12\/image-9-768x432.png 768w, https:\/\/eldiario.com\/wp-content\/uploads\/2025\/12\/image-9-860x484.png 860w, https:\/\/eldiario.com\/wp-content\/uploads\/2025\/12\/image-9-150x84.png 150w\" sizes=\"auto, (max-width: 1024px) 100vw, 1024px\"\/><figcaption class=\"wp-element-caption\">Comparativa de im\u00e1genes realizada por <em>Newstral<\/em><\/figcaption><\/figure>\n<p>El paradero de la opositora venezolana, que se encuentra en la clandestinidad dentro del pa\u00eds desde enero de 2025, es desconocido.<\/p>\n<p>Aunque los presidentes Jos\u00e9 Ra\u00fal Mulino de Panam\u00e1 y Javier Milei de Argentina s\u00ed habr\u00edan llegado a la capital noruega para asistir a la ceremonia del Premio Nobel de la Paz, no existe evidencia para la tarde del martes 9 de diciembre de que Mar\u00eda Corina Machado haya viajado a Oslo.<\/p>\n<h2 class=\"wp-block-heading\" id=\"h-premio-nobel-de-la-paz-para-maria-corina-machado\"><strong>Premio Nobel de la Paz para Mar\u00eda Corina Machado<\/strong><\/h2>\n<figure class=\"wp-block-image size-large\"><picture loading=\"lazy\" decoding=\"async\" class=\"wp-image-821246\"><source type=\"image\/webp\" srcset=\"https:\/\/eldiario.com\/wp-content\/uploads\/2025\/10\/c7820f763ae667722a55c4771a6477c81c2b7765-1-1200x800.jpg.webp 1200w, https:\/\/eldiario.com\/wp-content\/uploads\/2025\/10\/c7820f763ae667722a55c4771a6477c81c2b7765-1-300x200.jpg.webp 300w, https:\/\/eldiario.com\/wp-content\/uploads\/2025\/10\/c7820f763ae667722a55c4771a6477c81c2b7765-1-768x512.jpg.webp 768w, https:\/\/eldiario.com\/wp-content\/uploads\/2025\/10\/c7820f763ae667722a55c4771a6477c81c2b7765-1-1536x1024.jpg.webp 1536w, https:\/\/eldiario.com\/wp-content\/uploads\/2025\/10\/c7820f763ae667722a55c4771a6477c81c2b7765-1-330x220.jpg.webp 330w, https:\/\/eldiario.com\/wp-content\/uploads\/2025\/10\/c7820f763ae667722a55c4771a6477c81c2b7765-1-420x280.jpg.webp 420w, https:\/\/eldiario.com\/wp-content\/uploads\/2025\/10\/c7820f763ae667722a55c4771a6477c81c2b7765-1-615x410.jpg.webp 615w, https:\/\/eldiario.com\/wp-content\/uploads\/2025\/10\/c7820f763ae667722a55c4771a6477c81c2b7765-1-860x574.jpg.webp 860w, https:\/\/eldiario.com\/wp-content\/uploads\/2025\/10\/c7820f763ae667722a55c4771a6477c81c2b7765-1-150x100.jpg.webp 150w, https:\/\/eldiario.com\/wp-content\/uploads\/2025\/10\/c7820f763ae667722a55c4771a6477c81c2b7765-1.jpg.webp 1600w\" sizes=\"auto, (max-width: 1200px) 100vw, 1200px\"\/><img loading=\"lazy\" decoding=\"async\" width=\"1200\" height=\"800\" src=\"https:\/\/eldiario.com\/wp-content\/uploads\/2025\/10\/c7820f763ae667722a55c4771a6477c81c2b7765-1-1200x800.jpg\" alt=\"Milei felicit\u00f3 a Mar\u00eda Corina Machado por el Premio Nobel de la Paz\" srcset=\"https:\/\/eldiario.com\/wp-content\/uploads\/2025\/10\/c7820f763ae667722a55c4771a6477c81c2b7765-1-1200x800.jpg 1200w, https:\/\/eldiario.com\/wp-content\/uploads\/2025\/10\/c7820f763ae667722a55c4771a6477c81c2b7765-1-300x200.jpg 300w, https:\/\/eldiario.com\/wp-content\/uploads\/2025\/10\/c7820f763ae667722a55c4771a6477c81c2b7765-1-768x512.jpg 768w, https:\/\/eldiario.com\/wp-content\/uploads\/2025\/10\/c7820f763ae667722a55c4771a6477c81c2b7765-1-1536x1024.jpg 1536w, https:\/\/eldiario.com\/wp-content\/uploads\/2025\/10\/c7820f763ae667722a55c4771a6477c81c2b7765-1-330x220.jpg 330w, https:\/\/eldiario.com\/wp-content\/uploads\/2025\/10\/c7820f763ae667722a55c4771a6477c81c2b7765-1-420x280.jpg 420w, https:\/\/eldiario.com\/wp-content\/uploads\/2025\/10\/c7820f763ae667722a55c4771a6477c81c2b7765-1-615x410.jpg 615w, https:\/\/eldiario.com\/wp-content\/uploads\/2025\/10\/c7820f763ae667722a55c4771a6477c81c2b7765-1-860x574.jpg 860w, https:\/\/eldiario.com\/wp-content\/uploads\/2025\/10\/c7820f763ae667722a55c4771a6477c81c2b7765-1-150x100.jpg 150w, https:\/\/eldiario.com\/wp-content\/uploads\/2025\/10\/c7820f763ae667722a55c4771a6477c81c2b7765-1.jpg 1600w\" sizes=\"auto, (max-width: 1200px) 100vw, 1200px\"\/>\n<\/picture><figcaption class=\"wp-element-caption\">Foto: EFE<\/figcaption><\/figure>\n<p>El 10 de octubre, Mar\u00eda Corina Machado <strong>obtuvo el Premio Nobel de la Paz 2025 <\/strong>\u201cpor su incansable labor en la promoci\u00f3n de los derechos democr\u00e1ticos del pueblo venezolano y por su lucha por lograr una transici\u00f3n justa y pac\u00edfica de la dictadura a la democracia\u201d, seg\u00fan anunci\u00f3 el <strong>Comit\u00e9 Nobel noruego<\/strong>con sede en Oslo.<\/p>\n<p>Machado asegur\u00f3 que haber recibido el galard\u00f3n \u201ctiene un impacto muy importante tanto en los venezolanos como en el propio r\u00e9gimen\u201d.<\/p>\n<p>El Premio Nobel de la Paz <strong>es uno de los galardones m\u00e1s prestigiosos del mundo<\/strong> y fue establecido por voluntad del inventor sueco Alfred Nobel en su testamento de 1895. De acuerdo con su deseo, parte de su patrimonio deb\u00eda emplearse para otorgar premios \u201ca quienes m\u00e1s o mejor hubieran conferido beneficios a la humanidad\u201d. <\/p>\n<p><!-- CONTENT END 1 -->\n<\/div>\n\n","protected":false},"excerpt":{"rendered":"<p>Es falso. En redes sociales circula una imagen en la que aparecen los dirigentes opositores venezolanos Mar\u00eda Corina Machado y Edmundo Gonz\u00e1lez levantando un brazo desde lo que ser\u00eda el balc\u00f3n del Grand Hotel de Oslo, en Noruega. Las publicaciones aseguran que Machado habr\u00eda viajado a ese pa\u00eds para recibir el Premio Nobel de la &hellip;<\/p>\n","protected":false},"author":1,"featured_media":53318,"comment_status":"open","ping_status":"open","sticky":false,"template":"","format":"standard","meta":{"fifu_image_url":"https:\/\/eldiario.com\/wp-content\/uploads\/2025\/12\/ED-CHEQUEALO-FALSO-4-1200x900.png","fifu_image_alt":"","footnotes":""},"categories":[13],"tags":[],"class_list":["post-53316","post","type-post","status-publish","format-standard","has-post-thumbnail","","category-mundo"],"_links":{"self":[{"href":"https:\/\/noticiasveraces.com\/index.php?rest_route=\/wp\/v2\/posts\/53316","targetHints":{"allow":["GET"]}}],"collection":[{"href":"https:\/\/noticiasveraces.com\/index.php?rest_route=\/wp\/v2\/posts"}],"about":[{"href":"https:\/\/noticiasveraces.com\/index.php?rest_route=\/wp\/v2\/types\/post"}],"author":[{"embeddable":true,"href":"https:\/\/noticiasveraces.com\/index.php?rest_route=\/wp\/v2\/users\/1"}],"replies":[{"embeddable":true,"href":"https:\/\/noticiasveraces.com\/index.php?rest_route=%2Fwp%2Fv2%2Fcomments&post=53316"}],"version-history":[{"count":0,"href":"https:\/\/noticiasveraces.com\/index.php?rest_route=\/wp\/v2\/posts\/53316\/revisions"}],"wp:featuredmedia":[{"embeddable":true,"href":"https:\/\/noticiasveraces.com\/index.php?rest_route=\/wp\/v2\/media\/53318"}],"wp:attachment":[{"href":"https:\/\/noticiasveraces.com\/index.php?rest_route=%2Fwp%2Fv2%2Fmedia&parent=53316"}],"wp:term":[{"taxonomy":"category","embeddable":true,"href":"https:\/\/noticiasveraces.com\/index.php?rest_route=%2Fwp%2Fv2%2Fcategories&post=53316"},{"taxonomy":"post_tag","embeddable":true,"href":"https:\/\/noticiasveraces.com\/index.php?rest_route=%2Fwp%2Fv2%2Ftags&post=53316"}],"curies":[{"name":"wp","href":"https:\/\/api.w.org\/{rel}","templated":true}]}}