{"id":53298,"date":"2025-12-10T05:17:29","date_gmt":"2025-12-10T09:17:29","guid":{"rendered":"https:\/\/noticiasveraces.com\/?p=53298"},"modified":"2025-12-10T05:17:29","modified_gmt":"2025-12-10T09:17:29","slug":"maria-corina-machado-no-viajara-a-oslo-para-recibir-el-nobel-de-paz","status":"publish","type":"post","link":"https:\/\/noticiasveraces.com\/?p=53298","title":{"rendered":"Mar\u00eda Corina Machado no viajar\u00e1 a Oslo para recibir el Nobel de Paz"},"content":{"rendered":"<p> \n<\/p>\n<div>\n<p>\n\t\t\t<span rel=\"author\" class=\"fn\">con una esp\u00e1tula<\/span>\n\t\t<\/p>\n<p>\t\t<time class=\"entry-date published updated\" datetime=\"2025-12-10T05:11:04-04:00\">diciembre 10 2025, 5:11 am<\/time><br \/>\n\t\t<span class=\"spot-im-replies-count\" data-post-id=\"5846999\"\/><\/p>\n<p><img fetchpriority=\"high\" decoding=\"async\" onerror=\"this.onerror=null;this.src=\" https:=\"\" class=\"alignnone size-full wp-image-5847014\" src=\"https:\/\/sandia.datanubex.uk\/wp-content\/uploads\/2025\/12\/mcm-2.jpg\" alt=\"\" width=\"1200\" height=\"800\"\/><\/p>\n<p><strong>La l\u00edder opositora venezolana, Mar\u00eda Corina Machado, no estar\u00e1 hoy en Oslo para recoger el premio de la Paz de este a\u00f1o, confirm\u00f3 a la televisi\u00f3n p\u00fablica noruega NRK el director del Instituto Nobel, Kristian Berg Harpviken.<\/strong><\/p>\n<p>\u00ab<em>Desgraciadamente todav\u00eda no est\u00e1 en Noruega y tampoco estar\u00e1 en el escenario del Ayuntamiento de Oslo a las 13.00 (12.00 GMT) hoy, cuando comience la ceremonia<\/em>\u00ab, declar\u00f3 Harpviken, quien dijo que ser\u00e1 la hija de Machado, Ana Corina Sosa, quien recoja el premio en su lugar y lea el discurso de aceptaci\u00f3n del galard\u00f3n.<\/p>\n<p><!-- Begin Mailchimp Signup Form --><\/p>\n<div id=\"mc_embed_signup\">\n<p><label for=\"mce-EMAIL\">            \u00a1\u00danete al club ahora! Suscr\u00edbete al bolet\u00edn m\u00e1s importante de Venezuela          <\/label><iframe data-test-id=\"beehiiv-embed\" height=\"52\" frameborder=\"0\" scrolling=\"no\" style=\"margin: 0; border-radius: 0px !important; &#10;&#9;&#9;background-color: transparent;\" data-src=\"https:\/\/embeds.beehiiv.com\/cdab9503-16ae-4689-ad4f-1408c727a83a?slim=true\" class=\"lazyload\"><\/iframe><\/p>\n<\/div>\n<p><!--End mc_embed_signup 2--><\/p>\n<p>La presencia de Machado, que vive en paradero desconocido en Venezuela, este mi\u00e9rcoles en Oslo era una inc\u00f3gnita despu\u00e9s de que el Instituto Nobel aplazase la v\u00edspera primero su rueda de prensa y finalmente la suspendiese horas despu\u00e9s.<\/p>\n<p>\u00ab<em>La propia Mar\u00eda Corina Machado ha declarado en entrevistas lo complicado que ser\u00e1 el viaje a Oslo. Por lo tanto, en este momento no podemos proporcionar m\u00e1s informaci\u00f3n sobre cu\u00e1ndo y c\u00f3mo llegar\u00e1 para la ceremonia del Premio Nobel de la Paz<\/em>\u00ab, inform\u00f3 entonces la organizaci\u00f3n en un breve comunicado.<\/p>\n<p>Machado hab\u00eda confirmado hace unos d\u00edas al Instituto Nobel que viajar\u00eda a la capital noruega para recibir el premio, en la que ser\u00eda su primera aparici\u00f3n p\u00fablica desde enero pasado.<\/p>\n<p>Su hermana, Clara Machado Parisca, dijo el martes en una entrevista desde Oslo con la emisora colombiana Blu Radio que la intenci\u00f3n de la premio Nobel es \u00abestar aqu\u00ed con nosotros\u00bb y por eso la est\u00e1n esperando \u00abcon fe de que va a llegar muy pronto\u00bb.<\/p>\n<p>En la capital noruega se encuentran tambi\u00e9n su madre, Corina Parisca, su hermana y su hija, Ana Corina Sosa, que estar\u00e1 acompa\u00f1ada en la ceremonia ma\u00f1ana por sus dos hermanos.<\/p>\n<p>No es la primera vez que un galardonado con el Nobel de la Paz no acude a recogerlo el d\u00eda de la entrega.<\/p>\n<p>Cuando el chino Liu Xiaobo, entonces encarcelado, gan\u00f3 el Nobel de la Paz en 2010, nadie acudi\u00f3 a recoger el premio. Se coloc\u00f3 una foto suya en el sill\u00f3n destinado a \u00e9l, y la actriz noruega Liv Ullmann ley\u00f3 el discurso de aceptaci\u00f3n.<\/p>\n<p>En 2022, en cambio, el bielorruso Ales Bialiatski, uno de los tres galardonados con el Nobel de ese a\u00f1o y que permanec\u00eda en prisi\u00f3n, estuvo representado por su esposa, Natallia Pinchuk.<\/p>\n<p>Y cuando lo hizo la iran\u00ed Narges Mohammadi, tambi\u00e9n encarcelada, en 2023, fueron sus hijos quienes viajaron a Oslo a recoger el premio y leer el discurso.<\/p>\n<p>Aparte de los hijos de Machado, en Oslo se encuentran estos d\u00edas varias figuras destacadas de la oposici\u00f3n venezolana.<\/p>\n<p>Entre ellos est\u00e1 Edmundo Gonz\u00e1lez Urrutia, candidato en las elecciones presidenciales del a\u00f1o pasado y exiliado en Espa\u00f1a desde septiembre de 2024, que viaj\u00f3 el martes a la capital noruega.<\/p>\n<p>Tambi\u00e9n se encuentran ya all\u00ed, invitados por la galardonada, los presidentes de Panam\u00e1, Jos\u00e9 Ra\u00fal Mulino; Argentina, Javier Milei, y se espera tambi\u00e9n la llegada del jefe de Estado del Paraguay, Santiago Pe\u00f1a, as\u00ed como la del Ecuador, Daniel Noboa.<\/p>\n<p>Los cuatro presidentes latinoamericanos ser\u00e1n recibidos este mi\u00e9rcoles en audiencia por el rey de Noruega, Harald V, tras la ceremonia de entrega del premio y luego se reunir\u00e1n por separado con el primer ministro noruego, Jonas Gahr St\u00f8re. <strong>EFE<\/strong><\/p>\n<p><img loading=\"lazy\" decoding=\"async\" onerror=\"this.onerror=null;this.src=\" https:=\"\" class=\"alignnone size-full wp-image-5847012 lazyload\" alt=\"\" width=\"739\" height=\"415\" src=\"https:\/\/sandia.datanubex.uk\/wp-content\/uploads\/2025\/12\/WhatsApp-Image-2025-12-09-at-5.07.30-PM.jpeg\" data-eio-rwidth=\"739\" data-eio-rheight=\"415\"\/><img loading=\"lazy\" decoding=\"async\" onerror=\"this.onerror=null;this.src=\" https:=\"\" class=\"alignnone size-full wp-image-5847012\" src=\"https:\/\/sandia.datanubex.uk\/wp-content\/uploads\/2025\/12\/WhatsApp-Image-2025-12-09-at-5.07.30-PM.jpeg\" alt=\"\" width=\"739\" height=\"415\" data-eio=\"l\"\/><\/p>\n<p><!-- CONTENT END 2 -->\n\t<\/div>\n\n","protected":false},"excerpt":{"rendered":"<p>con una esp\u00e1tula diciembre 10 2025, 5:11 am La l\u00edder opositora venezolana, Mar\u00eda Corina Machado, no estar\u00e1 hoy en Oslo para recoger el premio de la Paz de este a\u00f1o, confirm\u00f3 a la televisi\u00f3n p\u00fablica noruega NRK el director del Instituto Nobel, Kristian Berg Harpviken. \u00abDesgraciadamente todav\u00eda no est\u00e1 en Noruega y tampoco estar\u00e1 en &hellip;<\/p>\n","protected":false},"author":1,"featured_media":53300,"comment_status":"open","ping_status":"open","sticky":false,"template":"","format":"standard","meta":{"fifu_image_url":"https:\/\/sandia.datanubex.uk\/wp-content\/uploads\/2025\/12\/mcm-2.jpg","fifu_image_alt":"","footnotes":""},"categories":[4],"tags":[],"class_list":["post-53298","post","type-post","status-publish","format-standard","has-post-thumbnail","","category-historias-destacadas"],"_links":{"self":[{"href":"https:\/\/noticiasveraces.com\/index.php?rest_route=\/wp\/v2\/posts\/53298","targetHints":{"allow":["GET"]}}],"collection":[{"href":"https:\/\/noticiasveraces.com\/index.php?rest_route=\/wp\/v2\/posts"}],"about":[{"href":"https:\/\/noticiasveraces.com\/index.php?rest_route=\/wp\/v2\/types\/post"}],"author":[{"embeddable":true,"href":"https:\/\/noticiasveraces.com\/index.php?rest_route=\/wp\/v2\/users\/1"}],"replies":[{"embeddable":true,"href":"https:\/\/noticiasveraces.com\/index.php?rest_route=%2Fwp%2Fv2%2Fcomments&post=53298"}],"version-history":[{"count":0,"href":"https:\/\/noticiasveraces.com\/index.php?rest_route=\/wp\/v2\/posts\/53298\/revisions"}],"wp:featuredmedia":[{"embeddable":true,"href":"https:\/\/noticiasveraces.com\/index.php?rest_route=\/wp\/v2\/media\/53300"}],"wp:attachment":[{"href":"https:\/\/noticiasveraces.com\/index.php?rest_route=%2Fwp%2Fv2%2Fmedia&parent=53298"}],"wp:term":[{"taxonomy":"category","embeddable":true,"href":"https:\/\/noticiasveraces.com\/index.php?rest_route=%2Fwp%2Fv2%2Fcategories&post=53298"},{"taxonomy":"post_tag","embeddable":true,"href":"https:\/\/noticiasveraces.com\/index.php?rest_route=%2Fwp%2Fv2%2Ftags&post=53298"}],"curies":[{"name":"wp","href":"https:\/\/api.w.org\/{rel}","templated":true}]}}