{"id":53288,"date":"2025-12-10T04:01:05","date_gmt":"2025-12-10T08:01:05","guid":{"rendered":"https:\/\/noticiasveraces.com\/?p=53288"},"modified":"2025-12-10T04:01:05","modified_gmt":"2025-12-10T08:01:05","slug":"dos-civiles-muertos-y-dos-policias-heridos-deja-la-explosion-de-una-granada-en-colombia-albertonews","status":"publish","type":"post","link":"https:\/\/noticiasveraces.com\/?p=53288","title":{"rendered":"Dos civiles muertos y dos polic\u00edas heridos deja la explosi\u00f3n de una granada en Colombia &#8211; AlbertoNews"},"content":{"rendered":"<p> \n<\/p>\n<div>\n<p>Al menos dos civiles murieron y dos polic\u00edas resultaron heridos este martes en la explosi\u00f3n de una granada en un carro que estaba cerca del peaje de Copacabana, poblaci\u00f3n del departamento de Antioquia, en el noroeste de Colombia.<\/p>\n<p>As\u00ed lo inform\u00f3 el gobernador de Antioquia, Andr\u00e9s Juli\u00e1n Rend\u00f3n, quien precis\u00f3 en su cuenta de X: \u00abEn el veh\u00edculo hab\u00eda dos personas. Ambas fallecieron\u00bb.<\/p>\n<p>Rend\u00f3n agreg\u00f3 que \u00abdos polic\u00edas que se encontraban cerca del peaje resultaron heridos y fueron trasladados a un centro m\u00e9dico. Los uniformados presentan heridas con esquirlas de la granada que no comprometen su vida\u00bb.<\/p>\n<p>El gobernador explic\u00f3 que la explosi\u00f3n ocurri\u00f3 en el peaje de Copacabana, en la autopista Medell\u00edn-Bogot\u00e1, y que las primeras informaciones de las autoridades indican que \u00abse trat\u00f3 de una granada al interior del carro que portaban las personas que se movilizaban en \u00e9l\u00bb.<\/p>\n<p>Este hecho se suma al ocurrido la madrugada de este martes, cuando el peaje en una carretera del Valle de Aburr\u00e1, tambi\u00e9n en Antioquia, fue destruido con explosivos, en un ataque atribuido a la guerrilla del Ej\u00e9rcito de Liberaci\u00f3n Nacional (ELN). El atentado no dej\u00f3 heridos ni fallecidos.<\/p>\n<p>El hecho ocurri\u00f3 en el municipio de Girardota, donde desconocidos detonaron la carga explosiva contra el peaje. La Alcald\u00eda asegur\u00f3 en un comunicado que rechaza \u00abde manera categ\u00f3rica\u00bb lo ocurrido y precis\u00f3 que, pese al da\u00f1o material, no hubo muertos ni heridos.<\/p>\n<p>El alcalde de Medell\u00edn, Federico Guti\u00e9rrez, opositor al gobierno de Gustavo Petro y quien tambi\u00e9n conden\u00f3 arremetida, afirm\u00f3 que los presuntos responsables ser\u00edan miembros de la guerrilla del ELN.<\/p>\n<p>En Antioquia tienen presencia varias facciones disidentes de las antiguas FARC, el ELN y el Clan del Golfo, la mayor banda criminal de Colombia y heredera de las Autodefensas Unidas de Colombia (AUC).<\/p>\n<p><strong>Si quieres recibir en tu celular esta y otras informaciones descarga Telegram, ingresa al link <\/strong><strong>https:\/\/t.me\/albertorodnews<\/strong><strong> y dale click a +Unirme.  <\/strong><\/p>\n<p><strong>Alberto Noticias<\/strong><\/p>\n<\/p><\/div>\n\n","protected":false},"excerpt":{"rendered":"<p>Al menos dos civiles murieron y dos polic\u00edas resultaron heridos este martes en la explosi\u00f3n de una granada en un carro que estaba cerca del peaje de Copacabana, poblaci\u00f3n del departamento de Antioquia, en el noroeste de Colombia. As\u00ed lo inform\u00f3 el gobernador de Antioquia, Andr\u00e9s Juli\u00e1n Rend\u00f3n, quien precis\u00f3 en su cuenta de X: &hellip;<\/p>\n","protected":false},"author":1,"featured_media":53289,"comment_status":"open","ping_status":"open","sticky":false,"template":"","format":"standard","meta":{"fifu_image_url":"https:\/\/bitlyanews.com\/wp-content\/uploads\/2019\/08\/Polic\u00eda-escena-del-crimen.jpg","fifu_image_alt":"","footnotes":""},"categories":[13],"tags":[],"class_list":["post-53288","post","type-post","status-publish","format-standard","has-post-thumbnail","","category-mundo"],"_links":{"self":[{"href":"https:\/\/noticiasveraces.com\/index.php?rest_route=\/wp\/v2\/posts\/53288","targetHints":{"allow":["GET"]}}],"collection":[{"href":"https:\/\/noticiasveraces.com\/index.php?rest_route=\/wp\/v2\/posts"}],"about":[{"href":"https:\/\/noticiasveraces.com\/index.php?rest_route=\/wp\/v2\/types\/post"}],"author":[{"embeddable":true,"href":"https:\/\/noticiasveraces.com\/index.php?rest_route=\/wp\/v2\/users\/1"}],"replies":[{"embeddable":true,"href":"https:\/\/noticiasveraces.com\/index.php?rest_route=%2Fwp%2Fv2%2Fcomments&post=53288"}],"version-history":[{"count":0,"href":"https:\/\/noticiasveraces.com\/index.php?rest_route=\/wp\/v2\/posts\/53288\/revisions"}],"wp:featuredmedia":[{"embeddable":true,"href":"https:\/\/noticiasveraces.com\/index.php?rest_route=\/wp\/v2\/media\/53289"}],"wp:attachment":[{"href":"https:\/\/noticiasveraces.com\/index.php?rest_route=%2Fwp%2Fv2%2Fmedia&parent=53288"}],"wp:term":[{"taxonomy":"category","embeddable":true,"href":"https:\/\/noticiasveraces.com\/index.php?rest_route=%2Fwp%2Fv2%2Fcategories&post=53288"},{"taxonomy":"post_tag","embeddable":true,"href":"https:\/\/noticiasveraces.com\/index.php?rest_route=%2Fwp%2Fv2%2Ftags&post=53288"}],"curies":[{"name":"wp","href":"https:\/\/api.w.org\/{rel}","templated":true}]}}