{"id":53285,"date":"2025-12-10T03:00:17","date_gmt":"2025-12-10T07:00:17","guid":{"rendered":"https:\/\/noticiasveraces.com\/?p=53285"},"modified":"2025-12-10T03:00:17","modified_gmt":"2025-12-10T07:00:17","slug":"presidente-de-peru-felicito-a-maria-corina-machado-y-afirmo-que-es-un-ejemplo-para-la-region","status":"publish","type":"post","link":"https:\/\/noticiasveraces.com\/?p=53285","title":{"rendered":"Presidente de Per\u00fa felicit\u00f3 a Mar\u00eda Corina Machado y afirm\u00f3 que es un ejemplo para la regi\u00f3n"},"content":{"rendered":"<p> \n<\/p>\n<div>\n<p>\n\t\t\t<span rel=\"author\" class=\"fn\">con una esp\u00e1tula<\/span>\n\t\t<\/p>\n<p>\t\t<time class=\"entry-date published updated\" datetime=\"2025-12-09T22:53:33-04:00\">diciembre 09 2025, 10:53 pm<\/time><br \/>\n\t\t<span class=\"spot-im-replies-count\" data-post-id=\"5846995\"\/><\/p>\n<figure id=\"attachment_5846996\" aria-describedby=\"caption-attachment-5846996\" style=\"width: 980px\" class=\"wp-caption alignnone\"><img fetchpriority=\"high\" decoding=\"async\" onerror=\"this.onerror=null;this.src=\" https:=\"\" class=\"size-full wp-image-5846996\" src=\"https:\/\/sandia.datanubex.uk\/wp-content\/uploads\/2025\/12\/jose-jeri-peru.jpg\" alt=\"\" width=\"980\" height=\"653\"\/><figcaption id=\"caption-attachment-5846996\" class=\"wp-caption-text\">EFE<\/figcaption><\/figure>\n<\/p>\n<p>El presidente interino de Per\u00fa, Jos\u00e9 Jer\u00ed, felicit\u00f3 este martes a la l\u00edder opositora venezolana Mar\u00eda Corina Machado por el premio Nobel de la Paz, que recibir\u00e1 este mi\u00e9rcoles, por su incansable labor en favor de \u00abla libertad\u00bb del pa\u00eds.<\/p>\n<p>\u00abEn nombre del Gobierno y pueblo de Per\u00fa y en m\u00edo propio deseo expresarle nuestras m\u00e1s sinceras felicitaciones por haber sido distinguida con el Premio Nobel de la Paz 2025, galard\u00f3n que honra su firme compromiso con la defensa de la democracia de los derechos humanos y las libertades fundamentales en la Rep\u00fablica Bolivariana de Venezuela\u00bb, indic\u00f3 Jer\u00ed a trav\u00e9s de un comunicado de Presidencia.<\/p>\n<p><!-- Begin Mailchimp Signup Form --><\/p>\n<div id=\"mc_embed_signup\">\n<p><label for=\"mce-EMAIL\">            \u00a1\u00danete al club ahora! Suscr\u00edbete al bolet\u00edn m\u00e1s importante de Venezuela          <\/label><iframe data-test-id=\"beehiiv-embed\" height=\"52\" frameborder=\"0\" scrolling=\"no\" style=\"margin: 0; border-radius: 0px !important; &#10;&#9;&#9;background-color: transparent;\" data-src=\"https:\/\/embeds.beehiiv.com\/cdab9503-16ae-4689-ad4f-1408c727a83a?slim=true\" class=\"lazyload\"><\/iframe><\/p>\n<\/div>\n<p><!--End mc_embed_signup 2--><\/p>\n<p>Agreg\u00f3 que Per\u00fa comparte \u00abplenamente\u00bb los valores que inspiran \u00absu incansable labor\u00bb en favor de la libertad y la recuperaci\u00f3n institucional de su pa\u00eds.<\/p>\n<p>\u00abSu ejemplo constituye una fuente de inspiraci\u00f3n para todos aquellos que creen en el poder del di\u00e1logo, la Justicia y la voluntad popular como pilares de una convivencia pac\u00edfica y de un futuro democr\u00e1tico en nuestra regi\u00f3n\u00bb, se\u00f1al\u00f3.<\/p>\n<p>Tambi\u00e9n transmiti\u00f3 \u00abel testimonio del gran aprecio del pueblo peruano que le acompa\u00f1a con esperanza y respeto en sus esfuerzos por construir una Venezuela libre democr\u00e1tica y en paz\u00bb.<\/p>\n<p>\u00abCon mis mejores deseos de \u00e9xito en esta noble tarea, le reitero los sentimientos de mi m\u00e1s alta estima y consideraci\u00f3n personal\u00bb, concluy\u00f3 Jer\u00ed, que lidera el Gobierno de transici\u00f3n peruano.<\/p>\n<p>Del mismo modo, minutos despu\u00e9s, la Canciller\u00eda peruana emiti\u00f3 un comunicado en el que tambi\u00e9n salud\u00f3 la concesi\u00f3n del premio Nobel de la Paz a Machado y afirm\u00f3 que \u00absu compromiso con la democracia y los derechos humanos es un aporte fundamental para nuestra regi\u00f3n\u00bb.<\/p>\n<p>\u00abEn l\u00ednea con la pol\u00edtica exterior de nuestro pa\u00eds, el Per\u00fa reafirma su respaldo al Estado de derecho y a una transici\u00f3n democr\u00e1tica en Venezuela para que el Presidente Electo, Edmundo Gonz\u00e1lez, asuma su cargo, conforme a la voluntad expresada por su pueblo legitima y soberanamente\u00bb, a\u00f1adi\u00f3 el Ministerio de Relaciones Exteriores peruano.<\/p>\n<h2><b>Incertidumbre en Oslo<\/b><\/h2>\n<p>Este martes, Machado ten\u00eda previsto ofrecer en Oslo, la capital noruega, una rueda de prensa, en v\u00edsperas de recibir el Nobel de la Paz, pero el acto fue cancelado, lo que ha alimentado las especulaciones sobre si asistir\u00e1 en persona a la ceremonia.<\/p>\n<p>El Instituto Nobel aplaz\u00f3 inicialmente la comparecencia, prevista para las 13:00 (12 GMT), y la cancel\u00f3 de forma definitiva varias horas despu\u00e9s, apuntando como motivo a las dificultades a las que se enfrentaba Machado para salir de Venezuela, donde vive en paradero desconocido.<\/p>\n<p><strong>EFE<\/strong><\/p>\n<p><!-- CONTENT END 2 -->\n\t<\/div>\n\n","protected":false},"excerpt":{"rendered":"<p>con una esp\u00e1tula diciembre 09 2025, 10:53 pm EFE El presidente interino de Per\u00fa, Jos\u00e9 Jer\u00ed, felicit\u00f3 este martes a la l\u00edder opositora venezolana Mar\u00eda Corina Machado por el premio Nobel de la Paz, que recibir\u00e1 este mi\u00e9rcoles, por su incansable labor en favor de \u00abla libertad\u00bb del pa\u00eds. \u00abEn nombre del Gobierno y pueblo &hellip;<\/p>\n","protected":false},"author":1,"featured_media":53287,"comment_status":"open","ping_status":"open","sticky":false,"template":"","format":"standard","meta":{"fifu_image_url":"https:\/\/sandia.datanubex.uk\/wp-content\/uploads\/2025\/12\/jose-jeri-peru.jpg","fifu_image_alt":"","footnotes":""},"categories":[13],"tags":[],"class_list":["post-53285","post","type-post","status-publish","format-standard","has-post-thumbnail","","category-mundo"],"_links":{"self":[{"href":"https:\/\/noticiasveraces.com\/index.php?rest_route=\/wp\/v2\/posts\/53285","targetHints":{"allow":["GET"]}}],"collection":[{"href":"https:\/\/noticiasveraces.com\/index.php?rest_route=\/wp\/v2\/posts"}],"about":[{"href":"https:\/\/noticiasveraces.com\/index.php?rest_route=\/wp\/v2\/types\/post"}],"author":[{"embeddable":true,"href":"https:\/\/noticiasveraces.com\/index.php?rest_route=\/wp\/v2\/users\/1"}],"replies":[{"embeddable":true,"href":"https:\/\/noticiasveraces.com\/index.php?rest_route=%2Fwp%2Fv2%2Fcomments&post=53285"}],"version-history":[{"count":0,"href":"https:\/\/noticiasveraces.com\/index.php?rest_route=\/wp\/v2\/posts\/53285\/revisions"}],"wp:featuredmedia":[{"embeddable":true,"href":"https:\/\/noticiasveraces.com\/index.php?rest_route=\/wp\/v2\/media\/53287"}],"wp:attachment":[{"href":"https:\/\/noticiasveraces.com\/index.php?rest_route=%2Fwp%2Fv2%2Fmedia&parent=53285"}],"wp:term":[{"taxonomy":"category","embeddable":true,"href":"https:\/\/noticiasveraces.com\/index.php?rest_route=%2Fwp%2Fv2%2Fcategories&post=53285"},{"taxonomy":"post_tag","embeddable":true,"href":"https:\/\/noticiasveraces.com\/index.php?rest_route=%2Fwp%2Fv2%2Ftags&post=53285"}],"curies":[{"name":"wp","href":"https:\/\/api.w.org\/{rel}","templated":true}]}}