{"id":53280,"date":"2025-12-10T01:51:06","date_gmt":"2025-12-10T05:51:06","guid":{"rendered":"https:\/\/noticiasveraces.com\/?p=53280"},"modified":"2025-12-10T01:51:06","modified_gmt":"2025-12-10T05:51:06","slug":"trump-llama-a-europa-decadente-y-debil","status":"publish","type":"post","link":"https:\/\/noticiasveraces.com\/?p=53280","title":{"rendered":"Trump llama a Europa \u00abdecadente\u00bb y \u00abd\u00e9bil\u00bb"},"content":{"rendered":"<p> \n<\/p>\n<div id=\"site-content\">\n<div>\n<p aria-live=\"assertive\" class=\"css-1dv1kvn\">nuevo v\u00eddeo cargado: <!-- -->Trump llama a Europa \u00abdecadente\u00bb y \u00abd\u00e9bil\u00bb<\/p>\n<div data-testid=\"video-header\">\n<div class=\"css-1g7y0i5 e1drnplw0\"><button tabindex=\"100\" class=\"css-1rtlxy\" type=\"button\" aria-label=\"close\"><svg width=\"60\" height=\"60\" viewbox=\"0 0 60 60\" fill=\"none\"><circle cx=\"30\" cy=\"30\" r=\"30\" fill=\"white\" fill-opacity=\"0.9\"\/><path fill-rule=\"evenodd\" clip-rule=\"evenodd\" d=\"M38.4844 20.1006L39.8986 21.5148L21.5138 39.8996L20.0996 38.4854L38.4844 20.1006Z\" fill=\"black\"\/><path fill-rule=\"evenodd\" clip-rule=\"evenodd\" d=\"M21.5156 20.1006L20.1014 21.5148L38.4862 39.8996L39.9004 38.4854L21.5156 20.1006Z\" fill=\"black\"\/><\/svg><\/button><\/p>\n<div class=\"css-18ow4sz e1drnplw2\">\n<div aria-labelledby=\"modal-title\" role=\"region\">\n<header class=\"css-1bzlfz\">\n<p>transcripci\u00f3n<\/p>\n<p><button type=\"button\" class=\"css-1igvuto\"><span>Atr\u00e1s<\/span><\/button><\/header>\n<div class=\"css-uzyn7p\">\n<div class=\"css-1vxywau\">\n<p class=\"css-1nng8z9\">transcripci\u00f3n<\/p>\n<h2 class=\"css-8p0vwh\">Trump llama a Europa \u00abdecadente\u00bb y \u00abd\u00e9bil\u00bb<\/h2>\n<h4 class=\"css-qsd3hm\">El presidente Trump critic\u00f3 a sus hom\u00f3logos europeos por sus pol\u00edticas de defensa y Ucrania durante una entrevista con Politico. El presidente tambi\u00e9n sugiri\u00f3 que era hora de que el presidente Volodymyr Zelensky de Ucrania llegara a un acuerdo en las conversaciones de alto el fuego.<\/h4>\n<\/div>\n<dl class=\"css-p98d0w\">\n<dt class=\"css-xx7kwh\"\/>\n<dd class=\"css-4gvq6l\">\n<p class=\"css-8hvvyd\">\u00abEuropa no est\u00e1 haciendo un buen trabajo en muchos sentidos. No lo est\u00e1n haciendo bien\u00bb. \u00abQuiero preguntarte sobre eso&#8230;\u00bb \u00abHablan demasiado y no est\u00e1n produciendo. Pero la mayor\u00eda de las naciones europeas est\u00e1n decayendo. Est\u00e1n decayendo\u00bb. \u00abSe puede imaginar que algunos l\u00edderes en Europa est\u00e1n un poco asustados por su postura. Y los europeos&#8230;\u00bb \u00abBueno, deber\u00edan estar asustados por lo que le est\u00e1n haciendo a sus pa\u00edses. Est\u00e1n destruyendo sus pa\u00edses y a su gente, me gusta\u00bb. \u00abRusia tiene la ventaja, y siempre la tuvo. Son mucho m\u00e1s grandes. Son mucho m\u00e1s fuertes en ese sentido. Le doy a Ucrania mucho&#8230; le doy al pueblo de Ucrania y al ej\u00e9rcito de Ucrania un tremendo cr\u00e9dito por la valent\u00eda y por los combates y todo eso. Pero en alg\u00fan momento, el tama\u00f1o ganar\u00e1, en general\u00bb. \u201c\u00bfEs Zelensky responsable del estancamiento del progreso o de lo que est\u00e1 pasando all\u00ed?\u201d \u00abBueno, tiene que leer la propuesta. En realidad no lo hab\u00eda hecho. A\u00fan no la ha le\u00eddo\u00bb. \u00abEl borrador m\u00e1s reciente\u00bb. \u00abEso es desde ayer. Tal vez lo ley\u00f3 durante la noche. Ser\u00eda bueno si lo leyera. Mucha gente est\u00e1 muriendo. \u00c9l tendr\u00e1 que concentrarse y comenzar a aceptar las cosas. Cuando est\u00e1s perdiendo, porque \u00e9l est\u00e1 perdiendo\u00bb.<\/p>\n<\/dd>\n<\/dl>\n<\/div>\n<\/div>\n<\/div>\n<\/div>\n<header class=\"css-jgknzh\">\n<div class=\"css-1gn3fip\">\n<div class=\"css-p5izi2\">\n<div class=\"css-1h4tnhd\"><nyt-betamax class=\"css-j5i4vc\"><template shadowrootmode=\"open\" slotassignment=\"named\"><link rel=\"stylesheet\" href=\"https:\/\/static01.nyt.com\/video-static\/betamax\/player-0.2.10-BFNcGY1P.css\" crossorigin=\"\"\/><\/template><nyt-betamax-cover><template shadowrootmode=\"open\" slotassignment=\"named\"><link rel=\"stylesheet\" href=\"https:\/\/static01.nyt.com\/video-static\/betamax\/cover-0.2.10-eTrf0IGY.css\" crossorigin=\"\"\/><\/template><nyt-betamax-poster><template shadowrootmode=\"open\" slotassignment=\"named\"><link rel=\"stylesheet\" href=\"https:\/\/static01.nyt.com\/video-static\/betamax\/poster-0.2.10-BdueiXaE.css\" crossorigin=\"\"\/><img decoding=\"async\" alt=\"Trump y Zelensky caminan sobre la alfombra roja mientras otros los siguen.\" src=\"https:\/\/static01.nyt.com\/images\/2025\/12\/09\/multimedia\/09trump-news-europe-hftc\/09trump-news-europe-hftc-threeByTwoMediumAt2X.jpg?auto=webp&amp;quality=75\" data-testid=\"betamax-poster\" sizes=\"(width &lt; 1024px) 100vw, (width &lt; 1440px) 945px, 1200px\" srcset=\"https:\/\/static01.nyt.com\/images\/2025\/12\/09\/multimedia\/09trump-news-europe-hftc\/09trump-news-europe-hftc-videoThumb.jpg?auto=webp&amp;quality=75 75w, https:\/\/static01.nyt.com\/images\/2025\/12\/09\/multimedia\/09trump-news-europe-hftc\/09trump-news-europe-hftc-thumbWide.jpg?auto=webp&amp;quality=75 190w, https:\/\/static01.nyt.com\/images\/2025\/12\/09\/multimedia\/09trump-news-europe-hftc\/09trump-news-europe-hftc-mediumThreeByTwo210.jpg?auto=webp&amp;quality=75 210w, https:\/\/static01.nyt.com\/images\/2025\/12\/09\/multimedia\/09trump-news-europe-hftc\/09trump-news-europe-hftc-mediumThreeByTwo225.jpg?auto=webp&amp;quality=75 225w, https:\/\/static01.nyt.com\/images\/2025\/12\/09\/multimedia\/09trump-news-europe-hftc\/09trump-news-europe-hftc-mediumThreeByTwo252.jpg?auto=webp&amp;quality=75 252w, https:\/\/static01.nyt.com\/images\/2025\/12\/09\/multimedia\/09trump-news-europe-hftc\/09trump-news-europe-hftc-mediumThreeByTwo378.jpg?auto=webp&amp;quality=75 378w, https:\/\/static01.nyt.com\/images\/2025\/12\/09\/multimedia\/09trump-news-europe-hftc\/09trump-news-europe-hftc-mediumThreeByTwo440.jpg?auto=webp&amp;quality=75 440w, https:\/\/static01.nyt.com\/images\/2025\/12\/09\/multimedia\/09trump-news-europe-hftc\/09trump-news-europe-hftc-threeByTwoSmallAt2X.jpg?auto=webp&amp;quality=75 600w, https:\/\/static01.nyt.com\/images\/2025\/12\/09\/multimedia\/09trump-news-europe-hftc\/09trump-news-europe-hftc-videoLarge.jpg?auto=webp&amp;quality=75 768w, https:\/\/static01.nyt.com\/images\/2025\/12\/09\/multimedia\/09trump-news-europe-hftc\/09trump-news-europe-hftc-threeByTwoMediumAt2X.jpg?auto=webp&amp;quality=75 1500w, https:\/\/static01.nyt.com\/images\/2025\/12\/09\/multimedia\/09trump-news-europe-hftc\/09trump-news-europe-hftc-threeByTwoLargeAt2X.jpg?auto=webp&amp;quality=75 7268w\" fetchpriority=\"high\" class=\"_poster_13tnt_20\"\/><\/template><\/nyt-betamax-poster><\/nyt-betamax-cover><nyt-betamax-overlay-controls><template shadowrootmode=\"open\" slotassignment=\"named\"><link rel=\"stylesheet\" href=\"https:\/\/static01.nyt.com\/video-static\/betamax\/overlay-controls-0.2.10-CxT1wDjU.css\" crossorigin=\"\"\/><link rel=\"stylesheet\" href=\"https:\/\/static01.nyt.com\/video-static\/betamax\/scrubber-0.2.10-allGBXvP.css\" crossorigin=\"\"\/><\/template><\/nyt-betamax-overlay-controls><nyt-betamax-ads><template shadowrootmode=\"open\" slotassignment=\"named\"><link rel=\"stylesheet\" href=\"https:\/\/static01.nyt.com\/video-static\/betamax\/ads-0.2.10-C_YVzzUG.css\" crossorigin=\"\"\/><\/template><\/nyt-betamax-ads><\/nyt-betamax><\/div>\n<div class=\"css-1msb6m0\"><span class=\"css-hple31\">El presidente Trump critic\u00f3 a sus hom\u00f3logos europeos por sus pol\u00edticas de defensa y Ucrania durante una entrevista con Politico. El presidente tambi\u00e9n sugiri\u00f3 que era hora de que el presidente Volodymyr Zelensky de Ucrania llegara a un acuerdo en las conversaciones de alto el fuego.<\/span><\/p>\n<p>Por Chevaz Clarke<\/p>\n<p>9 de diciembre de 2025<\/p>\n<\/div>\n<\/div>\n<\/div>\n<\/header>\n<\/div>\n<\/div>\n<\/div>\n\n","protected":false},"excerpt":{"rendered":"<p>nuevo v\u00eddeo cargado: Trump llama a Europa \u00abdecadente\u00bb y \u00abd\u00e9bil\u00bb transcripci\u00f3n Atr\u00e1s transcripci\u00f3n Trump llama a Europa \u00abdecadente\u00bb y \u00abd\u00e9bil\u00bb El presidente Trump critic\u00f3 a sus hom\u00f3logos europeos por sus pol\u00edticas de defensa y Ucrania durante una entrevista con Politico. El presidente tambi\u00e9n sugiri\u00f3 que era hora de que el presidente Volodymyr Zelensky de Ucrania &hellip;<\/p>\n","protected":false},"author":1,"featured_media":53282,"comment_status":"open","ping_status":"open","sticky":false,"template":"","format":"standard","meta":{"fifu_image_url":"https:\/\/static01.nyt.com\/images\/2025\/12\/09\/multimedia\/09trump-news-europe-hftc\/09trump-news-europe-hftc-facebookJumbo.jpg?video-overlay","fifu_image_alt":"","footnotes":""},"categories":[13],"tags":[],"class_list":["post-53280","post","type-post","status-publish","format-standard","has-post-thumbnail","","category-mundo"],"_links":{"self":[{"href":"https:\/\/noticiasveraces.com\/index.php?rest_route=\/wp\/v2\/posts\/53280","targetHints":{"allow":["GET"]}}],"collection":[{"href":"https:\/\/noticiasveraces.com\/index.php?rest_route=\/wp\/v2\/posts"}],"about":[{"href":"https:\/\/noticiasveraces.com\/index.php?rest_route=\/wp\/v2\/types\/post"}],"author":[{"embeddable":true,"href":"https:\/\/noticiasveraces.com\/index.php?rest_route=\/wp\/v2\/users\/1"}],"replies":[{"embeddable":true,"href":"https:\/\/noticiasveraces.com\/index.php?rest_route=%2Fwp%2Fv2%2Fcomments&post=53280"}],"version-history":[{"count":0,"href":"https:\/\/noticiasveraces.com\/index.php?rest_route=\/wp\/v2\/posts\/53280\/revisions"}],"wp:featuredmedia":[{"embeddable":true,"href":"https:\/\/noticiasveraces.com\/index.php?rest_route=\/wp\/v2\/media\/53282"}],"wp:attachment":[{"href":"https:\/\/noticiasveraces.com\/index.php?rest_route=%2Fwp%2Fv2%2Fmedia&parent=53280"}],"wp:term":[{"taxonomy":"category","embeddable":true,"href":"https:\/\/noticiasveraces.com\/index.php?rest_route=%2Fwp%2Fv2%2Fcategories&post=53280"},{"taxonomy":"post_tag","embeddable":true,"href":"https:\/\/noticiasveraces.com\/index.php?rest_route=%2Fwp%2Fv2%2Ftags&post=53280"}],"curies":[{"name":"wp","href":"https:\/\/api.w.org\/{rel}","templated":true}]}}