{"id":53263,"date":"2025-12-09T21:44:15","date_gmt":"2025-12-10T01:44:15","guid":{"rendered":"https:\/\/noticiasveraces.com\/?p=53263"},"modified":"2025-12-09T21:44:15","modified_gmt":"2025-12-10T01:44:15","slug":"la-comunidad-de-madrid-y-el-grupo-ribera-coinciden-en-negar-el-escandalo-del-hospital-de-torrejon-tras-su-primera-reunion-sociedad","status":"publish","type":"post","link":"https:\/\/noticiasveraces.com\/?p=53263","title":{"rendered":"La Comunidad de Madrid y el grupo Ribera coinciden en negar el esc\u00e1ndalo del Hospital de Torrej\u00f3n tras su primera reuni\u00f3n | Sociedad"},"content":{"rendered":"<p> \n<br \/><img decoding=\"async\" src=\"https:\/\/imagenes.elpais.com\/resizer\/v2\/O3O3TDLK7JH5HF4WEL5RSZ4VN4.jpg?auth=a3a3182f22f6c8ba8dcf5535fa185e7a66c338fdb3a0a503874c121ceb760393\" \/><\/p>\n<div data-dtm-region=\"articulo_cuerpo\">\n<p class=\"\">La reuni\u00f3n de este martes entre el Gobierno de Madrid y la m\u00e1xima autoridad del Grupo Ribera se ha solventado sin asunci\u00f3n de responsabilidades y con la conclusi\u00f3n de que el esc\u00e1ndalo revelado por EL PA\u00cdS se trata en realidad de una conspiraci\u00f3n pol\u00edtico-empresarial. El consejero delegado de Vivalto Sant\u00e9, la matriz francesa del grupo que gestiona de forma privada el hospital p\u00fablico de Torrej\u00f3n de Ardoz, ha lamentado las filtraciones de los audios y ha negado el contenido de los mismos.<\/p>\n<p class=\"\">La consejera de Sanidad, F\u00e1tima Matute, se ha reunido con Emmanuel de Geuser, presidente del Grupo Ribera, para analizar \u201cla situaci\u00f3n acaecida durante los \u00faltimos d\u00edas\u201d, en la que el principal resultado ha sido desacreditar las informaciones de EL PA\u00cdS que han destapado el esc\u00e1ndalo. En unos audios publicados por este peri\u00f3dico se escucha decir al CEO de la compa\u00f1\u00eda decir a los directivos del hospital que mejoren las cuentas de la empresa a costa de aumentar las listas de espera de pacientes. La revelaci\u00f3n ha causado una enorme conmoci\u00f3n en Espa\u00f1a.<\/p>\n<p class=\"\">  Al t\u00e9rmino del encuentro, la Comunidad de Madrid ha difundido un comunicado en el que expresa que \u201cel presidente del Grupo Ribera niega categ\u00f3ricamente cualquier tipo de instrucci\u00f3n dada desde la empresa a los profesionales del Hospital p\u00fablico de Torrej\u00f3n\u201d. <\/p>\n<p class=\"\">De Geuser, por su parte, ha negado que se haya dado ninguna instrucci\u00f3n a los profesionales de ese centro y ha anunciado posibles acciones legales ante las \u201cgrav\u00edsimas y falsas acusaciones\u201d vertidas contra su grupo. Tras desvelarse el esc\u00e1ndalo de las directrices dadas por el consejero delegado del grupo Ribera, Pablo Gallart, la consejer\u00eda madrile\u00f1a anunci\u00f3 una reuni\u00f3n urgente con el responsable del centro. Ese mismo mi\u00e9rcoles, Sanidad tuvo que posponer la cita despu\u00e9s de que Gallart decidiera apartarse de la gesti\u00f3n del hospital. De Geuser ha sido el sustituto para esta reuni\u00f3n.<\/p>\n<p class=\"\">\u201cDurante el encuentro, que ha tenido lugar en la Consejer\u00eda de Sanidad, De Geuser ha trasladado a Matute que lamenta las filtraciones de las palabras pronunciadas por el CEO de la compa\u00f1\u00eda, Pablo Gallart, manifestadas en una reuni\u00f3n privada del pasado mes de septiembre y que han sido publicadas en varios medios de comunicaci\u00f3n en un \u00e1mbito descontextualizado\u201d, se\u00f1ala la nota de los servicios de comunicaci\u00f3n del Gobierno de Isabel D\u00edaz Ayuso.<\/p>\n<p class=\"\">Para desmentir estas acusaciones sobre los audios destapados por EL PA\u00cdS, este peri\u00f3dico ha publicado este martes la grabaci\u00f3n \u00edntegra de la reuni\u00f3n interna en la que el pasado 25 de septiembre, el consejero delegado Gallart pidi\u00f3 a una veintena de mandos aumentar listas de espera y seleccionar procesos rentables para aumentar el EBITDA. Sin embargo, seg\u00fan el resumen del encuentro elaborado por la Comunidad de Madrid, \u201cDe Geuser ha negado categ\u00f3ricamente cualquier tipo de instrucci\u00f3n dada desde el Grupo Ribera a los profesionales de dicho centro y que han sido objeto de acusaci\u00f3n durante los \u00faltimos d\u00edas\u201d. <\/p>\n<p class=\"\">Siempre seg\u00fan esta nota, el consejero delegado de Vivalto Sant\u00e9 y m\u00e1ximo responsable del Grupo Ribera \u201cha asegurado que no se ha cambiado proceso de triaje alguno, reutilizado material sanitario alguno, ni manipulado el criterio de asistencia\u201d. \u201cLos resultados de la Auditor\u00eda Interna efectuada por Ribera avalan la buena gesti\u00f3n asistencial del hospital\u201d, afirma el comunicado de la Comunidad de Madrid.<\/p>\n<p class=\"\">\u201cAs\u00ed, el presidente del Grupo se ha reunido esta ma\u00f1ana con los profesionales del centro hospitalario, donde ha compartido las primeras conclusiones de esta auditor\u00eda interna y donde los trabajadores han defendido con firmeza la integridad y la libertad en el ejercicio de su profesi\u00f3n en todo momento\u201d, prosigue un comunicado que pone toda la atenci\u00f3n en descargar cualquier culpa del hospital de Torrej\u00f3n de Ardoz. \u201cUna actuaci\u00f3n rigurosa, sujeta a los m\u00e1s altos est\u00e1ndares de calidad asistencial y al c\u00f3digo deontol\u00f3gico por el que se gu\u00edan, orientada \u00fanicamente al bienestar de los pacientes\u201d, asegura la nota.<\/p>\n<\/div>\n\n","protected":false},"excerpt":{"rendered":"<p>La reuni\u00f3n de este martes entre el Gobierno de Madrid y la m\u00e1xima autoridad del Grupo Ribera se ha solventado sin asunci\u00f3n de responsabilidades y con la conclusi\u00f3n de que el esc\u00e1ndalo revelado por EL PA\u00cdS se trata en realidad de una conspiraci\u00f3n pol\u00edtico-empresarial. El consejero delegado de Vivalto Sant\u00e9, la matriz francesa del grupo &hellip;<\/p>\n","protected":false},"author":1,"featured_media":53265,"comment_status":"open","ping_status":"open","sticky":false,"template":"","format":"standard","meta":{"fifu_image_url":"https:\/\/imagenes.elpais.com\/resizer\/v2\/O3O3TDLK7JH5HF4WEL5RSZ4VN4.jpg?auth=a3a3182f22f6c8ba8dcf5535fa185e7a66c338fdb3a0a503874c121ceb760393&width=1200","fifu_image_alt":"","footnotes":""},"categories":[11],"tags":[],"class_list":["post-53263","post","type-post","status-publish","format-standard","has-post-thumbnail","","category-viaje"],"_links":{"self":[{"href":"https:\/\/noticiasveraces.com\/index.php?rest_route=\/wp\/v2\/posts\/53263","targetHints":{"allow":["GET"]}}],"collection":[{"href":"https:\/\/noticiasveraces.com\/index.php?rest_route=\/wp\/v2\/posts"}],"about":[{"href":"https:\/\/noticiasveraces.com\/index.php?rest_route=\/wp\/v2\/types\/post"}],"author":[{"embeddable":true,"href":"https:\/\/noticiasveraces.com\/index.php?rest_route=\/wp\/v2\/users\/1"}],"replies":[{"embeddable":true,"href":"https:\/\/noticiasveraces.com\/index.php?rest_route=%2Fwp%2Fv2%2Fcomments&post=53263"}],"version-history":[{"count":0,"href":"https:\/\/noticiasveraces.com\/index.php?rest_route=\/wp\/v2\/posts\/53263\/revisions"}],"wp:featuredmedia":[{"embeddable":true,"href":"https:\/\/noticiasveraces.com\/index.php?rest_route=\/wp\/v2\/media\/53265"}],"wp:attachment":[{"href":"https:\/\/noticiasveraces.com\/index.php?rest_route=%2Fwp%2Fv2%2Fmedia&parent=53263"}],"wp:term":[{"taxonomy":"category","embeddable":true,"href":"https:\/\/noticiasveraces.com\/index.php?rest_route=%2Fwp%2Fv2%2Fcategories&post=53263"},{"taxonomy":"post_tag","embeddable":true,"href":"https:\/\/noticiasveraces.com\/index.php?rest_route=%2Fwp%2Fv2%2Ftags&post=53263"}],"curies":[{"name":"wp","href":"https:\/\/api.w.org\/{rel}","templated":true}]}}