{"id":53260,"date":"2025-12-09T21:41:37","date_gmt":"2025-12-10T01:41:37","guid":{"rendered":"https:\/\/noticiasveraces.com\/?p=53260"},"modified":"2025-12-09T21:41:37","modified_gmt":"2025-12-10T01:41:37","slug":"union-patriotica-la-historia-del-partido-que-sufrio-un-genocidio-en-colombia","status":"publish","type":"post","link":"https:\/\/noticiasveraces.com\/?p=53260","title":{"rendered":"Uni\u00f3n Patri\u00f3tica, la historia del partido que sufri\u00f3 un \u00abgenocidio\u00bb en Colombia"},"content":{"rendered":"<p> \n<\/p>\n<div>\n<p>En 1982, el pol\u00edtico conservador Belisario Betancur gan\u00f3 las elecciones presidenciales en Colombia. En su discurso prometi\u00f3 que su prioridad era la paz y, para avanzar en esa l\u00ednea, inici\u00f3 conversaciones con distintos grupos armados, entre ellos, la otrora guerrilla m\u00e1s grande de Am\u00e9rica Latina, las FARC. Su capital era La Uribe, en el occidental departamento del Meta, y all\u00ed firmaron unos acuerdos de paz en 1984. Producto de estos acuerdos nacer\u00eda el partido Uni\u00f3n Patri\u00f3tica (UP).<\/p>\n<p class=\"a-read-more\"><span class=\"a-read-more__label\">Leer tambi\u00e9n<\/span>Tribunal en Colombia concluye que el exterminio del partido Uni\u00f3n Patri\u00f3tica fue \u201cun genocidio\u201d<\/p>\n<\/p>\n<h3><strong>Surgimiento y participaci\u00f3n electoral<\/strong><\/h3>\n<p style=\"text-align:justify\">En 1985, un a\u00f1o despu\u00e9s de la firma del Acuerdo de Paz, y producto de ese entendimiento, nace la UP. A esa fuerza se unir\u00edan los guerrilleros desmovilizados. Una transici\u00f3n de las armas a la pol\u00edtica. Adem\u00e1s de la guerrilla, al partido llegaron referentes comunistas, sectores sociales e incluso miembros liberales y conservadores. Un espacio transversal para liderar cambios sociales en Colombia.<\/p>\n<p style=\"text-align:justify\">La senadora del Partido Comunes Imelda Daza fue una integrante de la UP y es una de las sobrevivientes de lo que ahora la Jurisdicci\u00f3n Especial para la Paz (JEP)\u00a0reconoce como genocidio. La pol\u00edtica se exili\u00f3 a los 26 a\u00f1os en Suecia. <\/p>\n<div class=\"m-em-image\">\n<figure class=\"m-item-image m-item-image--original m-item-image--has-caption\">\n<picture class=\"a-picture a-picture--original\"><source type=\"image\/webp\" srcset=\"https:\/\/s.france24.com\/media\/display\/d104919c-d543-11f0-bb84-005056bf30b7\/w:246\/8023158184001p.webp 246w,https:\/\/s.france24.com\/media\/display\/d104919c-d543-11f0-bb84-005056bf30b7\/w:388\/8023158184001p.webp 388w,https:\/\/s.france24.com\/media\/display\/d104919c-d543-11f0-bb84-005056bf30b7\/w:720\/8023158184001p.webp 720w,https:\/\/s.france24.com\/media\/display\/d104919c-d543-11f0-bb84-005056bf30b7\/w:980\/8023158184001p.webp 980w\" sizes=\"(max-width: 1023px) calc(100vw - 32px), (min-width: 1024px) 850px\"><img decoding=\"async\" fetchpriority=\"low\" src=\"https:\/\/s.france24.com\/media\/display\/d104919c-d543-11f0-bb84-005056bf30b7\/w:980\/8023158184001p.jpg\" srcset=\"https:\/\/s.france24.com\/media\/display\/d104919c-d543-11f0-bb84-005056bf30b7\/w:246\/8023158184001p.jpg 246w,https:\/\/s.france24.com\/media\/display\/d104919c-d543-11f0-bb84-005056bf30b7\/w:388\/8023158184001p.jpg 388w,https:\/\/s.france24.com\/media\/display\/d104919c-d543-11f0-bb84-005056bf30b7\/w:720\/8023158184001p.jpg 720w,https:\/\/s.france24.com\/media\/display\/d104919c-d543-11f0-bb84-005056bf30b7\/w:980\/8023158184001p.jpg 980w\" sizes=\"(max-width: 1023px) calc(100vw - 32px), (min-width: 1024px) 850px\" alt=\"Archivo: Un acto de reconocimiento celebrado el 9 de noviembre en Santa Marta, Colombia, en el que el  Estado pidi\u00f3 perd\u00f3n por el exterminio de miles de militantes del partido Uni\u00f3n Patri\u00f3tica (UP) entre 1984 y 2002, en un evento encabezado por el presidente Gustavo Petro.\" style=\"max-height:200px\" loading=\"lazy\" class=\"a-img \"\/><\/source><\/picture><figcaption class=\"a-figcaption\">\n                <span>Archivo: Un acto de reconocimiento celebrado el 9 de noviembre en Santa Marta, Colombia, en el que el  Estado pidi\u00f3 perd\u00f3n por el exterminio de miles de militantes del partido Uni\u00f3n Patri\u00f3tica (UP) entre 1984 y 2002, en un evento encabezado por el presidente Gustavo Petro.<\/span>                <span>(EPA) EFE &#8211; Mauricio Due\u00f1as Casta\u00f1eda<\/span>            <\/figcaption><\/figure>\n<\/p><\/div>\n<p style=\"text-align:justify\">Cuando en 2023, luego de 30 a\u00f1os de litigio, la Corte Interamericana de Derechos Humanos (Corte IDH) hizo p\u00fablica una sentencia hist\u00f3rica al condenar al Estado de Colombia por un plan de exterminio contra la UP, Daza describi\u00f3 en di\u00e1logo con France 24 en espa\u00f1ol, el surgimiento de la fuerza que rompi\u00f3 con la din\u00e1mica de alternancia bipartidista en el pa\u00eds sudamericano: \u00abEl nacimiento de la UP tiene gran acogida, porque el ambiente en la izquierda era de mucho optimismo pol\u00edtico (&#8230;) Se viv\u00eda cierta euforia por la lucha c\u00edvica y ciudadana\u00bb. <\/p>\n<p style=\"text-align:justify\">En 1986, la UP particip\u00f3 por primera vez en unas elecciones. Desde los a\u00f1os 50, Colombia viv\u00eda un bipartidismo entre liberales y conservadores y la UP consigue los mejores resultados de la historia de la izquierda, convirti\u00e9ndose en el tercer partido m\u00e1s votado y una alternativa a los poderes tradicionales.<\/p>\n<p style=\"text-align:justify\">El candidato presidencial Jaime Pardo Leal logr\u00f3 m\u00e1s de 300.000 votos, sumando un 10% del total, y en los comicios legislativos, el partido logra representaci\u00f3n en el Senado, en la C\u00e1mara de Representantes y un gran n\u00famero de alcald\u00edas. La UP se convert\u00eda en un fen\u00f3meno en Colombia.\u00a0Sin embargo, en paralelo, m\u00e1s de 300 militantes ya hab\u00edan sido asesinados.<\/p>\n<p class=\"a-read-more\"><span class=\"a-read-more__label\">Leer tambi\u00e9n<\/span>Magnicidios en Am\u00e9rica Latina y el Caribe: historia de una violencia pasada y presente<\/p>\n<h3> <\/h3>\n<h3><strong>Del buen resultado electoral al \u00abgenocidio pol\u00edtico\u00bb<\/strong><\/h3>\n<p style=\"text-align:justify\">Una fecha que marca la historia de Colombia es el 30 de agosto de 1986: Leonardo Posada, un maestro escogido como representante fue asesinado. En menos de 24 horas, tambi\u00e9n mataban a Pedro Nel Jim\u00e9nez, senador, despu\u00e9s de dejar a su hija en el colegio. Son los primeros cargos electos de la UP a los que les cobran la vida. <\/p>\n<p>En este contexto, meses despu\u00e9s, dos congresistas, Braulio Herrera e Iv\u00e1n M\u00e1rquez, abandonen la actividad pol\u00edtica y vuelvan a la lucha armada de las FARC.<\/p>\n<div class=\"m-em-image\">\n<figure class=\"m-item-image m-item-image--original m-item-image--has-caption\">\n<picture class=\"a-picture a-picture--original\"><source type=\"image\/webp\" srcset=\"https:\/\/s.france24.com\/media\/display\/99eeab74-d544-11f0-b2f1-005056bfb2b6\/w:246\/AP24285660179353.webp 246w,https:\/\/s.france24.com\/media\/display\/99eeab74-d544-11f0-b2f1-005056bfb2b6\/w:388\/AP24285660179353.webp 388w,https:\/\/s.france24.com\/media\/display\/99eeab74-d544-11f0-b2f1-005056bfb2b6\/w:720\/AP24285660179353.webp 720w,https:\/\/s.france24.com\/media\/display\/99eeab74-d544-11f0-b2f1-005056bfb2b6\/w:980\/AP24285660179353.webp 980w\" sizes=\"(max-width: 1023px) calc(100vw - 32px), (min-width: 1024px) 850px\"><img decoding=\"async\" fetchpriority=\"low\" src=\"https:\/\/s.france24.com\/media\/display\/99eeab74-d544-11f0-b2f1-005056bfb2b6\/w:980\/AP24285660179353.jpg\" srcset=\"https:\/\/s.france24.com\/media\/display\/99eeab74-d544-11f0-b2f1-005056bfb2b6\/w:246\/AP24285660179353.jpg 246w,https:\/\/s.france24.com\/media\/display\/99eeab74-d544-11f0-b2f1-005056bfb2b6\/w:388\/AP24285660179353.jpg 388w,https:\/\/s.france24.com\/media\/display\/99eeab74-d544-11f0-b2f1-005056bfb2b6\/w:720\/AP24285660179353.jpg 720w,https:\/\/s.france24.com\/media\/display\/99eeab74-d544-11f0-b2f1-005056bfb2b6\/w:980\/AP24285660179353.jpg 980w\" sizes=\"(max-width: 1023px) calc(100vw - 32px), (min-width: 1024px) 850px\" alt=\"Archivo: Matilde Fomeque, esposa de Mario Bar\u00f3n, miembro asesinado del partido pol\u00edtico Uni\u00f3n Patri\u00f3tica (UP), camina entre fotos a tama\u00f1o real de miembros del partido que fueron asesinados en las d\u00e9cadas de 1980 y 1990, en Bogot\u00e1, Colombia, el viernes 11 de octubre de 2024.\" style=\"max-height:567px\" loading=\"lazy\" class=\"a-img \"\/><\/source><\/picture><figcaption class=\"a-figcaption\">\n                <span>Archivo: Matilde Fomeque, esposa de Mario Bar\u00f3n, miembro asesinado del partido pol\u00edtico Uni\u00f3n Patri\u00f3tica (UP), camina entre fotos a tama\u00f1o real de miembros del partido que fueron asesinados en las d\u00e9cadas de 1980 y 1990, en Bogot\u00e1, Colombia, el viernes 11 de octubre de 2024.<\/span>                <span>AP-Fernando Vergara<\/span>            <\/figcaption><\/figure>\n<\/p><\/div>\n<p style=\"text-align:justify\">\u00abLogramos un gran resultado electoral, que lejos de oxigenar la democracia, provoc\u00f3 preocupaci\u00f3n al establecimiento y los clanes pol\u00edticos, por lo que montan un macabro plan de exterminio (&#8230;) Despu\u00e9s del resultado, nuestros concejales se empiezan a desarrollar en los concejos y empiezan a asesinarlos\u00bb, coment\u00f3 Daza. <\/p>\n<p>Pese al llamado de las FARC a sus militantes para que retomen las armas, la Uni\u00f3n Patri\u00f3tica decide continuar con su actividad. Pero impulsan una nueva fase en la que el partido es se\u00f1alado por el Estado, como el brazo pol\u00edtico de las FARC. Un estigma que provoc\u00f3 que su exterminio creciera, pues 1988 ser\u00e1 el a\u00f1o en que m\u00e1s asesinatos se producen contra miembros y representantes de la UP.<\/p>\n<p>Ese a\u00f1o asesinan a su candidato presidencial, Jaime Pardo Leal, quien hab\u00eda obtenido un resultado hist\u00f3rico en los comicios previos. <\/p>\n<p>Su sucesor como precandidato fue Bernardo Jaramillo Ossa, quien tambi\u00e9n ser\u00eda asesinado meses antes de las elecciones presidenciales de 1990. Solo 24 horas antes de su muerte, el ministro de Gobierno, Carlos Lemos Simmonds, hab\u00eda dicho que la UP era el brazo pol\u00edtico de las FARC, a lo que Jaramillo Ossa respondi\u00f3: \u201cCon esa frase el ministro Lemos Simmonds nos acaba de colocar la l\u00e1pida en el pecho\u201d.<\/p>\n<p>En esa l\u00ednea, la vicepresidenta de la Sala de Reconocimiento de la JEP, Catalina D\u00edaz, dijo este martes 9 de diciembre en di\u00e1logo con France 24 en espa\u00f1ol que el tribunal investig\u00f3 lo que llam\u00f3 un proceso de \u00abestigmatizaci\u00f3n\u00bb del partido.<\/p>\n<p style=\"text-align:justify\">\u201cHicimos una investigaci\u00f3n a fondo en los archivos de la inteligencia militar y encontramos decenas de documentos como res\u00famenes de inteligencia, apreciaciones de situaci\u00f3n, \u00f3rdenes de operaciones, listados que expl\u00edcitamente se\u00f1alaban a dirigentes nacionales y locales de la Uni\u00f3n Patri\u00f3tica con la marca FARC-UP, es decir que mandos militares, en la inteligencia especialmente, estigmatizaron a dirigentes, militantes y al partido en s\u00ed mismo\u201d, explic\u00f3 D\u00edaz.<\/p>\n<p style=\"text-align:justify\">Y agreg\u00f3 que el se\u00f1alamiento de la UP \u00abcomo brazo pol\u00edtico de las FARC\u00bb pudo ser determinado a partir de un proceso de investigaci\u00f3n que calific\u00f3 de \u00abin\u00e9dito\u00bb.<\/p>\n<p class=\"a-read-more\"><span class=\"a-read-more__label\">Leer tambi\u00e9n<\/span>Uni\u00f3n Patri\u00f3tica: la condena al Estado colombiano por su \u201cplan de exterminio\u201d contra el partido<\/p>\n<\/p>\n<h3><strong>Un plan de Estado: la uni\u00f3n de paramilitares, narcotraficantes y fuerzas armadas<\/strong><\/h3>\n<p style=\"text-align:justify\">En cada elecci\u00f3n, la UP perd\u00eda cargos populares, militantes y votos. Muchos segu\u00edan en la lucha, pero otros, para evitar la muerte, escog\u00edan entre el exilio o el ingreso a las FARC. Los cambios que buscaba impulsar la Uni\u00f3n Patri\u00f3tica retaban a los caciques tradicionales regionales del partido liberal y conservador, que, en varios casos, se beneficiaban de los negocios del narcotr\u00e1fico y ten\u00edan relaciones con Pablo Escobar.<\/p>\n<div class=\"m-em-image\">\n<figure class=\"m-item-image m-item-image--original m-item-image--has-caption\">\n<picture class=\"a-picture a-picture--original\"><source type=\"image\/webp\" srcset=\"https:\/\/s.france24.com\/media\/display\/0367759e-9fa4-11f0-a8f0-005056bf30b7\/w:246\/Foto-Escobar.webp 246w,https:\/\/s.france24.com\/media\/display\/0367759e-9fa4-11f0-a8f0-005056bf30b7\/w:388\/Foto-Escobar.webp 388w,https:\/\/s.france24.com\/media\/display\/0367759e-9fa4-11f0-a8f0-005056bf30b7\/w:720\/Foto-Escobar.webp 720w,https:\/\/s.france24.com\/media\/display\/0367759e-9fa4-11f0-a8f0-005056bf30b7\/w:980\/Foto-Escobar.webp 980w\" sizes=\"(max-width: 1023px) calc(100vw - 32px), (min-width: 1024px) 850px\"><img decoding=\"async\" fetchpriority=\"low\" src=\"https:\/\/s.france24.com\/media\/display\/0367759e-9fa4-11f0-a8f0-005056bf30b7\/w:980\/Foto-Escobar.jpg\" srcset=\"https:\/\/s.france24.com\/media\/display\/0367759e-9fa4-11f0-a8f0-005056bf30b7\/w:246\/Foto-Escobar.jpg 246w,https:\/\/s.france24.com\/media\/display\/0367759e-9fa4-11f0-a8f0-005056bf30b7\/w:388\/Foto-Escobar.jpg 388w,https:\/\/s.france24.com\/media\/display\/0367759e-9fa4-11f0-a8f0-005056bf30b7\/w:720\/Foto-Escobar.jpg 720w,https:\/\/s.france24.com\/media\/display\/0367759e-9fa4-11f0-a8f0-005056bf30b7\/w:980\/Foto-Escobar.jpg 980w\" sizes=\"(max-width: 1023px) calc(100vw - 32px), (min-width: 1024px) 850px\" alt=\"Archivo: En Colombia, parte de la finca de Pablo Escobar pasa a manos de v\u00edctimas del conflicto armado.\" style=\"max-height:478px\" loading=\"lazy\" class=\"a-img \"\/><\/source><\/picture><figcaption class=\"a-figcaption\">\n                <span>Archivo: En Colombia, parte de la finca de Pablo Escobar pasa a manos de v\u00edctimas del conflicto armado.<\/span>                <span>\u00a9AFP<\/span>            <\/figcaption><\/figure>\n<\/p><\/div>\n<p style=\"text-align:justify\">Sobre esto, Imelda Daza coment\u00f3 las din\u00e1micas hist\u00f3ricas de Colombia: \u00abEn este pa\u00eds la democracia sigue siendo una asignatura pendiente, siempre lo ha sido. Colombia nunca ha estado preparada para que la voz de las mayor\u00edas, del pueblo, se escuche e incida en las decisiones que le afectan. Esa estrechez, esa falta de democracia fue lo que le permiti\u00f3 a la clase dirigente asumir el exterminio de la Uni\u00f3n Patri\u00f3tica a trav\u00e9s de mercenarios\u00bb.<\/p>\n<p style=\"text-align:justify\">Entonces, el Ej\u00e9rcito colombiano se basaba en la doctrina de defensa y seguridad anticomunista. Esto un\u00eda al Estado con paramilitares, narcotraficantes y Fuerzas Armadas que compart\u00edan un enemigo: la izquierda. <\/p>\n<p style=\"text-align:justify\">Jaime Caycedo, uno de los fundadores de la UP, dijo en 1997 sobre los perpetradores: \u00abSon miembros reaccionarios de grupos paramilitares. Por supuesto que conocemos muy bien las conexiones de estos grupos con las autoridades y miembros de la inteligencia militar\u00bb. <\/p>\n<h3><strong>Un genocidio que dur\u00f3 hasta el nuevo siglo<\/strong><\/h3>\n<p style=\"text-align:justify\">En 2002 el Consejo Nacional Electoral le retir\u00f3 a la UP la personer\u00eda jur\u00eddica como partido pol\u00edtico, argumentando su poca relevancia electoral. Esta decisi\u00f3n fue vista de negacionista, pues esa p\u00e9rdida de peso fue en gran medida por su exterminio, que nunca le permiti\u00f3 competir con el resto de partidos en igualdad de condiciones. <\/p>\n<p style=\"text-align:justify\">Por este motivo se le restaur\u00f3 la personer\u00eda en 2013, y actualmente, forma parte de la coalici\u00f3n gobernante Pacto Hist\u00f3rico.<\/p>\n<div class=\"m-em-image\">\n<figure class=\"m-item-image m-item-image--original m-item-image--has-caption\">\n<picture class=\"a-picture a-picture--original\"><source type=\"image\/webp\" srcset=\"https:\/\/s.france24.com\/media\/display\/e70f5238-d51b-11f0-b77d-005056a97e36\/w:246\/49f7e6775aa757acc48338023b89e8b1ddc0d358w.webp 246w,https:\/\/s.france24.com\/media\/display\/e70f5238-d51b-11f0-b77d-005056a97e36\/w:388\/49f7e6775aa757acc48338023b89e8b1ddc0d358w.webp 388w,https:\/\/s.france24.com\/media\/display\/e70f5238-d51b-11f0-b77d-005056a97e36\/w:720\/49f7e6775aa757acc48338023b89e8b1ddc0d358w.webp 720w,https:\/\/s.france24.com\/media\/display\/e70f5238-d51b-11f0-b77d-005056a97e36\/w:980\/49f7e6775aa757acc48338023b89e8b1ddc0d358w.webp 980w\" sizes=\"(max-width: 1023px) calc(100vw - 32px), (min-width: 1024px) 850px\"><img decoding=\"async\" fetchpriority=\"low\" src=\"https:\/\/s.france24.com\/media\/display\/e70f5238-d51b-11f0-b77d-005056a97e36\/w:980\/49f7e6775aa757acc48338023b89e8b1ddc0d358w.jpg\" srcset=\"https:\/\/s.france24.com\/media\/display\/e70f5238-d51b-11f0-b77d-005056a97e36\/w:246\/49f7e6775aa757acc48338023b89e8b1ddc0d358w.jpg 246w,https:\/\/s.france24.com\/media\/display\/e70f5238-d51b-11f0-b77d-005056a97e36\/w:388\/49f7e6775aa757acc48338023b89e8b1ddc0d358w.jpg 388w,https:\/\/s.france24.com\/media\/display\/e70f5238-d51b-11f0-b77d-005056a97e36\/w:720\/49f7e6775aa757acc48338023b89e8b1ddc0d358w.jpg 720w,https:\/\/s.france24.com\/media\/display\/e70f5238-d51b-11f0-b77d-005056a97e36\/w:980\/49f7e6775aa757acc48338023b89e8b1ddc0d358w.jpg 980w\" sizes=\"(max-width: 1023px) calc(100vw - 32px), (min-width: 1024px) 850px\" alt=\"De izquierda a derecha, la vicepresidenta de la Sala de Reconocimiento de Verdad y de Responsabilidad de la Jurisdicci\u00f3n Especial para la Paz (JEP), la magistrada Catalina D\u00edaz, el presidente de la JEP, Alejandro Ramelli, y la magistrada de la Sala de Reconocimiento de Verdad y de Responsabilidad de la JEP, Nadiezhda Henr\u00edquez, durante una rueda de prensa, en Bogot\u00e1, Colombia, el martes 9 de diciembre de 2025.\" style=\"max-height:567px\" loading=\"lazy\" class=\"a-img \"\/><\/source><\/picture><figcaption class=\"a-figcaption\">\n                <span>De izquierda a derecha, la vicepresidenta de la Sala de Reconocimiento de Verdad y de Responsabilidad de la Jurisdicci\u00f3n Especial para la Paz (JEP), la magistrada Catalina D\u00edaz, el presidente de la JEP, Alejandro Ramelli, y la magistrada de la Sala de Reconocimiento de Verdad y de Responsabilidad de la JEP, Nadiezhda Henr\u00edquez, durante una rueda de prensa, en Bogot\u00e1, Colombia, el martes 9 de diciembre de 2025.<\/span>                <span>\u00a9 EFE\/Carlos Ortega<\/span>            <\/figcaption><\/figure>\n<\/p><\/div>\n<p style=\"text-align:justify\">Diez a\u00f1os despu\u00e9s, con la elecci\u00f3n en 2022 de Gustavo Petro como presidente y de Francia M\u00e1rquez como vicepresidenta, la izquierda lleg\u00f3 por primera vez al poder. Un resultado hist\u00f3rico, despu\u00e9s de d\u00e9cadas sangrientas, en las que la izquierda no tuvo la posibilidad de participar de forma plena en pol\u00edtica.<\/p>\n<p style=\"text-align:justify\">En el caso de Uni\u00f3n Patri\u00f3tica, la Corte Interamericana de Derechos Humanos, responsabiliza al Estado de Colombia por imposibilitar ese acceso a la vida pol\u00edtica a partir de llevar a cabo un \u201cplan de exterminio\u201d contra esa fuerza pol\u00edtica. <\/p>\n<p style=\"text-align:justify\">Un paso m\u00e1s dio este martes la Jurisdicci\u00f3n Especial para la Paz (JEP) al calificar como \u00abgenocidio\u00bb la campa\u00f1a de exterminio perpetrada contra la UP, principalmente en las d\u00e9cadas del 80 y 90 del siglo pasado.<\/p>\n<p>\u201cEs un reconocimiento a que el ataque criminal estuvo dirigido conscientemente a destruir el partido pol\u00edtico (Uni\u00f3n Patri\u00f3tica). Estos cr\u00edmenes hab\u00edan sido calificados en Colombia como exterminio, como cr\u00edmenes de lesa humanidad, pero no se hab\u00eda llegado al reconocimiento como genocidio\u201d, explic\u00f3 Catalina D\u00edaz.<\/p>\n<p>La JEP tambi\u00e9n imput\u00f3 a cinco altos mandos retirados del Ej\u00e9rcito y seg\u00fan D\u00edaz, estos tendr\u00e1n 30 d\u00edas h\u00e1biles para decidir si reconocen su responsabilidad como autores en los cr\u00edmenes que se les imputan.<\/p>\n<p>\u00abSi no lo hacen ser\u00e1n remitidos a la Unidad de Investigaci\u00f3n y Acusaci\u00f3n que decidir\u00e1 si procede un juicio adversarial\u00bb, se\u00f1al\u00f3 a la vez que agreg\u00f3 que la JEP \u00abseguir\u00e1 investigando\u00bb porque en esta primera etapa se centraron en unas zonas de Colombia \u00abpero el genocidio tuvo lugar en otros territorios del pa\u00eds\u00bb.<\/p>\n<p class=\"a-read-more\"><span class=\"a-read-more__label\">Leer tambi\u00e9n<\/span>Colombia y su responsabilidad en el exterminio de la Uni\u00f3n Patri\u00f3tica<\/p>\n<\/p><\/div>\n\n","protected":false},"excerpt":{"rendered":"<p>En 1982, el pol\u00edtico conservador Belisario Betancur gan\u00f3 las elecciones presidenciales en Colombia. En su discurso prometi\u00f3 que su prioridad era la paz y, para avanzar en esa l\u00ednea, inici\u00f3 conversaciones con distintos grupos armados, entre ellos, la otrora guerrilla m\u00e1s grande de Am\u00e9rica Latina, las FARC. Su capital era La Uribe, en el occidental &hellip;<\/p>\n","protected":false},"author":1,"featured_media":53262,"comment_status":"open","ping_status":"open","sticky":false,"template":"","format":"standard","meta":{"fifu_image_url":"https:\/\/s.france24.com\/media\/display\/15d13830-d543-11f0-a1c8-005056a90284\/w:1280\/p:16x9\/8023158190001p.jpg","fifu_image_alt":"","footnotes":""},"categories":[13],"tags":[],"class_list":["post-53260","post","type-post","status-publish","format-standard","has-post-thumbnail","","category-mundo"],"_links":{"self":[{"href":"https:\/\/noticiasveraces.com\/index.php?rest_route=\/wp\/v2\/posts\/53260","targetHints":{"allow":["GET"]}}],"collection":[{"href":"https:\/\/noticiasveraces.com\/index.php?rest_route=\/wp\/v2\/posts"}],"about":[{"href":"https:\/\/noticiasveraces.com\/index.php?rest_route=\/wp\/v2\/types\/post"}],"author":[{"embeddable":true,"href":"https:\/\/noticiasveraces.com\/index.php?rest_route=\/wp\/v2\/users\/1"}],"replies":[{"embeddable":true,"href":"https:\/\/noticiasveraces.com\/index.php?rest_route=%2Fwp%2Fv2%2Fcomments&post=53260"}],"version-history":[{"count":0,"href":"https:\/\/noticiasveraces.com\/index.php?rest_route=\/wp\/v2\/posts\/53260\/revisions"}],"wp:featuredmedia":[{"embeddable":true,"href":"https:\/\/noticiasveraces.com\/index.php?rest_route=\/wp\/v2\/media\/53262"}],"wp:attachment":[{"href":"https:\/\/noticiasveraces.com\/index.php?rest_route=%2Fwp%2Fv2%2Fmedia&parent=53260"}],"wp:term":[{"taxonomy":"category","embeddable":true,"href":"https:\/\/noticiasveraces.com\/index.php?rest_route=%2Fwp%2Fv2%2Fcategories&post=53260"},{"taxonomy":"post_tag","embeddable":true,"href":"https:\/\/noticiasveraces.com\/index.php?rest_route=%2Fwp%2Fv2%2Ftags&post=53260"}],"curies":[{"name":"wp","href":"https:\/\/api.w.org\/{rel}","templated":true}]}}