{"id":53241,"date":"2025-12-09T19:21:36","date_gmt":"2025-12-09T23:21:36","guid":{"rendered":"https:\/\/noticiasveraces.com\/?p=53241"},"modified":"2025-12-09T19:21:36","modified_gmt":"2025-12-09T23:21:36","slug":"los-sirios-celebran-el-primer-aniversario-del-colapso-del-regimen-de-assad-en-damasco","status":"publish","type":"post","link":"https:\/\/noticiasveraces.com\/?p=53241","title":{"rendered":"Los sirios celebran el primer aniversario del colapso del r\u00e9gimen de Assad en Damasco"},"content":{"rendered":"<p> \n<\/p>\n<div>\n<div id=\"beyondwords-wrapper\" class=\"beyondwords-wrapper\">\n<p><span class=\"label-bg\">NUEVO<\/span>\u00a1Ahora puedes escuchar los art\u00edculos de Fox News!\n  <\/p>\n<\/div>\n<p class=\"speakable\">Decenas de miles de sirios inundaron las calles de Damasco el lunes para conmemorar el primer aniversario del colapso del r\u00e9gimen de Assad. <\/p>\n<p class=\"speakable\">Las celebraciones se produjeron un a\u00f1o despu\u00e9s de que el ex dictador sirio Bashar al-Assad huyera de la capital mientras las fuerzas rebeldes arrasaban el pa\u00eds en una ofensiva rel\u00e1mpago que puso fin a cinco d\u00e9cadas de gobierno de la familia Assad y abri\u00f3 un nuevo cap\u00edtulo en la historia siria.<\/p>\n<p>Desde entonces, una ola de transformaciones y primicias hist\u00f3ricas ha redise\u00f1ado el panorama pol\u00edtico de Siria, culminando en un avance diplom\u00e1tico con Estados Unidos en el que el presidente Donald Trump recibi\u00f3 al presidente interino Ahmed al-Sharaa en una visita sin precedentes a la Casa Blanca.<\/p>\n<p>La antigua Ley C\u00e9sar de Protecci\u00f3n Civil Siria, considerada la sanci\u00f3n m\u00e1s restrictiva de Estados Unidos contra Siria desde su promulgaci\u00f3n en 2019, est\u00e1 a punto de ser revocada, con una derogaci\u00f3n total incluida en la Ley de Autorizaci\u00f3n de Defensa Nacional (NDAA) de 2026.<\/p>\n<p><strong>LOS ACUERDOS DE ABRAHAM, LA JOYA DE LA CORONA DE TRUMP, PUEDEN EXPANDIRSE PARA NORMALIZAR LOS LAZOS ENTRE ISRAEL Y OTRAS NACIONES <\/strong><\/p>\n<p>\u00abTodos los sirios est\u00e1n celebrando la liberaci\u00f3n y ahora celebran la eliminaci\u00f3n de la Ley C\u00e9sar\u00bb, dijo Mouaz Moustafa, director ejecutivo del Grupo de Trabajo de Emergencia Sirio, que ayud\u00f3 a redactar y nombrar el proyecto de ley original, en una entrevista con Fox News Digital.<\/p>\n<p>\u00abC\u00e9sar estaba destrozando la econom\u00eda de Siria y el futuro de Siria, incluso si todo lo dem\u00e1s iba bien. Y ahora Siria tiene verdadera esperanza. Hoy, con el primer aniversario de la liberaci\u00f3n, el mayor regalo que el pueblo sirio podr\u00eda haber recibido es el levantamiento de la Ley C\u00e9sar\u00bb.<\/p>\n<p>Est\u00e1 previsto que la NDAA se vote en la C\u00e1mara esta semana.<\/p>\n<p><strong>IR\u00c1N EXPANDE SU &#8216;IMPERIO EN LA SOMBRA&#8217; POR MEDIO ORIENTE MIENTRAS TRUMP RETIRA TROPAS DE IRAK Y SIRIA <\/strong><\/p>\n<p>Mientras los sirios celebran el derrocamiento de Assad, el pa\u00eds enfrenta ahora la dif\u00edcil tarea de reconstruir, desde la reconstrucci\u00f3n y revitalizaci\u00f3n de la econom\u00eda hasta la b\u00fasqueda de justicia para las familias que a\u00fan esperan respuestas sobre sus seres queridos desaparecidos por la fuerza por el r\u00e9gimen.<\/p>\n<div class=\"image-ct inline\">\n<div class=\"m\"><picture><source media=\"(max-width: 767px)\" srcset=\"https:\/\/a57.foxnews.com\/static.foxnews.com\/foxnews.com\/content\/uploads\/2025\/12\/343\/192\/syria-disappeared-assad-regime.jpg?ve=1&amp;tl=1, https:\/\/a57.foxnews.com\/static.foxnews.com\/foxnews.com\/content\/uploads\/2025\/12\/686\/384\/syria-disappeared-assad-regime.jpg?ve=1&amp;tl=1 2x\" height=\"192\" width=\"343\"><source media=\"(min-width: 768px) and (max-width: 1023px)\" srcset=\"https:\/\/a57.foxnews.com\/static.foxnews.com\/foxnews.com\/content\/uploads\/2025\/12\/672\/378\/syria-disappeared-assad-regime.jpg?ve=1&amp;tl=1, https:\/\/a57.foxnews.com\/static.foxnews.com\/foxnews.com\/content\/uploads\/2025\/12\/1344\/756\/syria-disappeared-assad-regime.jpg?ve=1&amp;tl=1 2x\" height=\"378\" width=\"672\"><source media=\"(min-width: 1024px) and (max-width: 1279px)\" srcset=\"https:\/\/a57.foxnews.com\/static.foxnews.com\/foxnews.com\/content\/uploads\/2025\/12\/931\/523\/syria-disappeared-assad-regime.jpg?ve=1&amp;tl=1, https:\/\/a57.foxnews.com\/static.foxnews.com\/foxnews.com\/content\/uploads\/2025\/12\/1862\/1046\/syria-disappeared-assad-regime.jpg?ve=1&amp;tl=1 2x\" height=\"523\" width=\"931\"><source media=\"(min-width: 1280px)\" srcset=\"https:\/\/a57.foxnews.com\/static.foxnews.com\/foxnews.com\/content\/uploads\/2025\/12\/720\/405\/syria-disappeared-assad-regime.jpg?ve=1&amp;tl=1, https:\/\/a57.foxnews.com\/static.foxnews.com\/foxnews.com\/content\/uploads\/2025\/12\/1440\/810\/syria-disappeared-assad-regime.jpg?ve=1&amp;tl=1 2x\" height=\"405\" width=\"720\"><img loading=\"lazy\" decoding=\"async\" src=\"https:\/\/a57.foxnews.com\/static.foxnews.com\/foxnews.com\/content\/uploads\/2025\/12\/1200\/675\/syria-disappeared-assad-regime.jpg?ve=1&amp;tl=1\" alt=\"Los dolientes muestran fotograf\u00edas de familiares desaparecidos o asesinados durante una manifestaci\u00f3n p\u00fablica en Damasco.\" width=\"1200\" height=\"675\"\/><\/source><\/source><\/source><\/source><\/picture><\/div>\n<div class=\"info\">\n<div class=\"caption\">\n<p><span>Personas sostienen retratos de familiares asesinados o desaparecidos bajo el r\u00e9gimen de Assad durante una manifestaci\u00f3n de luto en la estaci\u00f3n de Hijaz en Damasco el 27 de diciembre de 2024.<\/span> <span>(Chris McGrath\/Getty Images)<\/span><\/p>\n<\/div>\n<\/div>\n<\/div>\n<p>Datos de la <u>Red Siria por los Derechos Humanos<\/u> indican que m\u00e1s de 170.000 personas siguen desaparecidas por la fuerza en Siria entre marzo de 2011 y agosto de 2025, una abrumadora mayor\u00eda de las cuales estaban recluidas en centros de detenci\u00f3n del antiguo r\u00e9gimen de Assad.<\/p>\n<p><strong>LA JUEGO DE TRUMP PARA NORMALIZAR LAS RELACIONES CON SIRIA FRENTE A IR\u00c1N: &#8216;ALTO RIESGO, ALTA RECOMPENSA&#8217;<\/strong><\/p>\n<p>Siria tambi\u00e9n ha enfrentado brotes de violencia sectaria este a\u00f1o, sobre todo en Sweida, donde milicias drusas, tribus beduinas sun\u00edes y fuerzas del gobierno sirio participaron en violentos enfrentamientos.<\/p>\n<div class=\"image-ct inline\">\n<div class=\"m\"><picture><source media=\"(max-width: 767px)\" srcset=\"https:\/\/a57.foxnews.com\/static.foxnews.com\/foxnews.com\/content\/uploads\/2025\/12\/343\/192\/syrian-forces-sweida-clashes.jpg?ve=1&amp;tl=1, https:\/\/a57.foxnews.com\/static.foxnews.com\/foxnews.com\/content\/uploads\/2025\/12\/686\/384\/syrian-forces-sweida-clashes.jpg?ve=1&amp;tl=1 2x\" height=\"192\" width=\"343\"><source media=\"(min-width: 768px) and (max-width: 1023px)\" srcset=\"https:\/\/a57.foxnews.com\/static.foxnews.com\/foxnews.com\/content\/uploads\/2025\/12\/672\/378\/syrian-forces-sweida-clashes.jpg?ve=1&amp;tl=1, https:\/\/a57.foxnews.com\/static.foxnews.com\/foxnews.com\/content\/uploads\/2025\/12\/1344\/756\/syrian-forces-sweida-clashes.jpg?ve=1&amp;tl=1 2x\" height=\"378\" width=\"672\"><source media=\"(min-width: 1024px) and (max-width: 1279px)\" srcset=\"https:\/\/a57.foxnews.com\/static.foxnews.com\/foxnews.com\/content\/uploads\/2025\/12\/931\/523\/syrian-forces-sweida-clashes.jpg?ve=1&amp;tl=1, https:\/\/a57.foxnews.com\/static.foxnews.com\/foxnews.com\/content\/uploads\/2025\/12\/1862\/1046\/syrian-forces-sweida-clashes.jpg?ve=1&amp;tl=1 2x\" height=\"523\" width=\"931\"><source media=\"(min-width: 1280px)\" srcset=\"https:\/\/a57.foxnews.com\/static.foxnews.com\/foxnews.com\/content\/uploads\/2025\/12\/720\/405\/syrian-forces-sweida-clashes.jpg?ve=1&amp;tl=1, https:\/\/a57.foxnews.com\/static.foxnews.com\/foxnews.com\/content\/uploads\/2025\/12\/1440\/810\/syrian-forces-sweida-clashes.jpg?ve=1&amp;tl=1 2x\" height=\"405\" width=\"720\"><img loading=\"lazy\" decoding=\"async\" src=\"https:\/\/a57.foxnews.com\/static.foxnews.com\/foxnews.com\/content\/uploads\/2025\/12\/1200\/675\/syrian-forces-sweida-clashes.jpg?ve=1&amp;tl=1\" alt=\"Los soldados se re\u00fanen en una zona rural mientras el humo se eleva a lo lejos debido a los recientes disturbios.\" width=\"1200\" height=\"675\"\/><\/source><\/source><\/source><\/source><\/picture><\/div>\n<div class=\"info\">\n<div class=\"caption\">\n<p><span>Los soldados sirios se re\u00fanen cerca de Sweida el 15 de julio de 2025, mientras se eleva humo negro tras los mortales enfrentamientos sectarios en la provincia del sur.<\/span> <span>(Stringer\/Getty Images)<\/span><\/p>\n<\/div>\n<\/div>\n<\/div>\n<p>\u00abHa habido enfrentamientos y atrocidades ocasionales. Observo, y es interesante, que este nuevo presidente Ahmed al-Sharaa ha juzgado, p\u00fablicamente, en la televisi\u00f3n en vivo en Siria, a m\u00e1s de una docena de miembros de las fuerzas de seguridad acusados \u200b\u200bde violar los derechos humanos, como ejecuciones extrajudiciales, detenciones ilegales y torturas\u00bb, dijo el ex embajador de Estados Unidos en Siria, Robert Ford, en una entrevista con Fox News Digital.<\/p>\n<p>\u00abSi son condenados y responsables, ser\u00e1 extraordinario. A\u00fan m\u00e1s notable bajo la presidencia de un hombre que sol\u00eda estar en Al Qaeda\u00bb.<\/p>\n<p>En julio, el Departamento de Estado de Estados Unidos revoc\u00f3 formalmente la designaci\u00f3n de organizaci\u00f3n terrorista extranjera de Hayat Tahrir al-Sham, el grupo islamista anteriormente dirigido por al-Sharaa.<\/p>\n<p><strong>CENTCOM ELIMINA AL CONSPLOTADOR DE ISIS RESPONSABLE DE AMENAZAR A CIUDADANOS, SOCIOS Y CIVILES ESTADOUNIDENSES<\/strong><\/p>\n<div class=\"image-ct inline\">\n<div class=\"m\"><picture><source media=\"(max-width: 767px)\" srcset=\"https:\/\/a57.foxnews.com\/static.foxnews.com\/foxnews.com\/content\/uploads\/2025\/11\/343\/192\/ahmed-al-sharaa-donald-trump.jpg?ve=1&amp;tl=1, https:\/\/a57.foxnews.com\/static.foxnews.com\/foxnews.com\/content\/uploads\/2025\/11\/686\/384\/ahmed-al-sharaa-donald-trump.jpg?ve=1&amp;tl=1 2x\" height=\"192\" width=\"343\"><source media=\"(min-width: 768px) and (max-width: 1023px)\" srcset=\"https:\/\/a57.foxnews.com\/static.foxnews.com\/foxnews.com\/content\/uploads\/2025\/11\/672\/378\/ahmed-al-sharaa-donald-trump.jpg?ve=1&amp;tl=1, https:\/\/a57.foxnews.com\/static.foxnews.com\/foxnews.com\/content\/uploads\/2025\/11\/1344\/756\/ahmed-al-sharaa-donald-trump.jpg?ve=1&amp;tl=1 2x\" height=\"378\" width=\"672\"><source media=\"(min-width: 1024px) and (max-width: 1279px)\" srcset=\"https:\/\/a57.foxnews.com\/static.foxnews.com\/foxnews.com\/content\/uploads\/2025\/11\/931\/523\/ahmed-al-sharaa-donald-trump.jpg?ve=1&amp;tl=1, https:\/\/a57.foxnews.com\/static.foxnews.com\/foxnews.com\/content\/uploads\/2025\/11\/1862\/1046\/ahmed-al-sharaa-donald-trump.jpg?ve=1&amp;tl=1 2x\" height=\"523\" width=\"931\"><source media=\"(min-width: 1280px)\" srcset=\"https:\/\/a57.foxnews.com\/static.foxnews.com\/foxnews.com\/content\/uploads\/2025\/11\/720\/405\/ahmed-al-sharaa-donald-trump.jpg?ve=1&amp;tl=1, https:\/\/a57.foxnews.com\/static.foxnews.com\/foxnews.com\/content\/uploads\/2025\/11\/1440\/810\/ahmed-al-sharaa-donald-trump.jpg?ve=1&amp;tl=1 2x\" height=\"405\" width=\"720\"><img loading=\"lazy\" decoding=\"async\" src=\"https:\/\/a57.foxnews.com\/static.foxnews.com\/foxnews.com\/content\/uploads\/2025\/11\/1200\/675\/ahmed-al-sharaa-donald-trump.jpg?ve=1&amp;tl=1\" alt=\"Se espera que el presidente interino sirio, Ahmed al-Sharaa, viaje a la Casa Blanca en noviembre y se re\u00fana con el presidente Donald Trump.\" width=\"1200\" height=\"675\"\/><\/source><\/source><\/source><\/source><\/picture><\/div>\n<div class=\"info\">\n<div class=\"caption\">\n<p><span>Se espera que el presidente estadounidense Donald Trump se re\u00fana con el presidente interino de Siria, Ahmed al-Sharaa, en la Casa Blanca.<\/span> <span>(BING GUAN\/POOL\/AFP v\u00eda Getty Images; Aaron Schwartz\/CNP\/Bloomberg v\u00eda Getty Images)<\/span><\/p>\n<\/div>\n<\/div>\n<\/div>\n<p>Trump se ha reunido con al-Sharaa, tambi\u00e9n conocido por el nombre de guerra Abu Mohammed al-Jolani, tres veces desde que regres\u00f3 a la Casa Blanca. <\/p>\n<p>Ha elogiado al nuevo l\u00edder de Siria a pesar de su pasado e inst\u00f3 a Israel a mantener un \u00abdi\u00e1logo fuerte y verdadero\u00bb con Damasco en medio de las incursiones terrestres israel\u00edes en el sur de Siria.<\/p>\n<p>\u00abEstamos haciendo todo lo que est\u00e1 a nuestro alcance para asegurarnos de que el Gobierno de Siria contin\u00fae haciendo lo que se pretend\u00eda, que es sustancial, para construir un pa\u00eds verdadero y pr\u00f3spero\u00bb, dijo Trump en una publicaci\u00f3n de Truth Social en diciembre.<\/p>\n<p><strong>EL NUEVO PRESIDENTE DE SIRIA OCUPA EL CENTRO DEL ESCENARIO EN LA AGNU MIENTRAS PERSISTEN PREOCUPACIONES SOBRE EL PASADO TERRORISTA <\/strong><\/p>\n<p>\u00abEs muy importante que Israel mantenga un di\u00e1logo fuerte y verdadero con Siria, y que no ocurra nada que interfiera con la evoluci\u00f3n de Siria hacia un Estado pr\u00f3spero\u00bb.<\/p>\n<div class=\"image-ct inline\">\n<div class=\"m\"><picture><source media=\"(max-width: 767px)\" srcset=\"https:\/\/a57.foxnews.com\/static.foxnews.com\/foxnews.com\/content\/uploads\/2025\/12\/343\/192\/bashar-assad-syria-ousting-anniversary.jpg?ve=1&amp;tl=1, https:\/\/a57.foxnews.com\/static.foxnews.com\/foxnews.com\/content\/uploads\/2025\/12\/686\/384\/bashar-assad-syria-ousting-anniversary.jpg?ve=1&amp;tl=1 2x\" height=\"192\" width=\"343\"><source media=\"(min-width: 768px) and (max-width: 1023px)\" srcset=\"https:\/\/a57.foxnews.com\/static.foxnews.com\/foxnews.com\/content\/uploads\/2025\/12\/672\/378\/bashar-assad-syria-ousting-anniversary.jpg?ve=1&amp;tl=1, https:\/\/a57.foxnews.com\/static.foxnews.com\/foxnews.com\/content\/uploads\/2025\/12\/1344\/756\/bashar-assad-syria-ousting-anniversary.jpg?ve=1&amp;tl=1 2x\" height=\"378\" width=\"672\"><source media=\"(min-width: 1024px) and (max-width: 1279px)\" srcset=\"https:\/\/a57.foxnews.com\/static.foxnews.com\/foxnews.com\/content\/uploads\/2025\/12\/931\/523\/bashar-assad-syria-ousting-anniversary.jpg?ve=1&amp;tl=1, https:\/\/a57.foxnews.com\/static.foxnews.com\/foxnews.com\/content\/uploads\/2025\/12\/1862\/1046\/bashar-assad-syria-ousting-anniversary.jpg?ve=1&amp;tl=1 2x\" height=\"523\" width=\"931\"><source media=\"(min-width: 1280px)\" srcset=\"https:\/\/a57.foxnews.com\/static.foxnews.com\/foxnews.com\/content\/uploads\/2025\/12\/720\/405\/bashar-assad-syria-ousting-anniversary.jpg?ve=1&amp;tl=1, https:\/\/a57.foxnews.com\/static.foxnews.com\/foxnews.com\/content\/uploads\/2025\/12\/1440\/810\/bashar-assad-syria-ousting-anniversary.jpg?ve=1&amp;tl=1 2x\" height=\"405\" width=\"720\"><img loading=\"lazy\" decoding=\"async\" src=\"https:\/\/a57.foxnews.com\/static.foxnews.com\/foxnews.com\/content\/uploads\/2025\/12\/1200\/675\/bashar-assad-syria-ousting-anniversary.jpg?ve=1&amp;tl=1\" alt=\"Durante las celebraciones p\u00fablicas se exhiben carteles de un l\u00edder depuesto en un escaparate.\" width=\"1200\" height=\"675\"\/><\/source><\/source><\/source><\/source><\/picture><\/div>\n<div class=\"info\">\n<div class=\"caption\">\n<p><span>Retratos de estilo buscado del ex presidente sirio Bashar Assad se exhiben en el escaparate de una cafeter\u00eda en Damasco el 7 de diciembre de 2025.<\/span> <span>(Hussein Malla\/AP)<\/span><\/p>\n<\/div>\n<\/div>\n<\/div>\n<p>Al-Sharaa pidi\u00f3 al gobierno ruso a principios de este a\u00f1o que entregara a Assad, a quien se le concedi\u00f3 asilo en Mosc\u00fa, para enfrentar la justicia por las atrocidades cometidas durante su mandato en el poder.<\/p>\n<p>El representante Joe Wilson, RS.C., defensor del pueblo sirio desde hace mucho tiempo y miembro del Comit\u00e9 de Asuntos Exteriores de la C\u00e1mara de Representantes, dijo a Fox News Digital en un comunicado que es hora de una nueva era en Siria.<\/p>\n<p><strong>HAGA CLIC AQU\u00cd PARA DESCARGAR LA APLICACI\u00d3N FOX NEWS<\/strong><\/p>\n<p>\u00abEl progreso que hemos visto en el a\u00f1o transcurrido desde la ca\u00edda del dictador Assad es incre\u00edble. Siria se ha transformado de un t\u00edtere de Putin y aliado del r\u00e9gimen iran\u00ed a un socio de Estados Unidos, uni\u00e9ndose a la coalici\u00f3n contra ISIS y eliminando a Hezbollah, al-Qaeda e ISIS. Liderados por el embajador Tom Barrack, bajo el presidente Trump, hemos aprovechado una oportunidad hist\u00f3rica al apoyar los esfuerzos del presidente al-Sharaa y levantar las sanciones paralizantes contra Siria\u00bb, dijo Wilson. <\/p>\n<p>\u00abHay avances que hacer, pero sin estas acciones audaces y visionarias para darle a Siria una oportunidad, el pa\u00eds caer\u00eda en un caos entre facciones que ser\u00eda explotado por los terroristas\u00bb, afirm\u00f3. \u00abSiria tiene una historia rica, multi\u00e9tnica y religiosamente pluralista. El pueblo sufri\u00f3 m\u00e1s de medio siglo bajo el s\u00e1dico socialista Assad\u00bb.<\/p>\n<p> <!----> <\/p>\n<div class=\"article-meta\">\n<div class=\"author-bio\">\n<p>Ashley Carnahan es escritora de Fox News Digital.<\/p>\n<\/div>\n<\/div>\n<\/div>\n\n","protected":false},"excerpt":{"rendered":"<p>NUEVO\u00a1Ahora puedes escuchar los art\u00edculos de Fox News! Decenas de miles de sirios inundaron las calles de Damasco el lunes para conmemorar el primer aniversario del colapso del r\u00e9gimen de Assad. Las celebraciones se produjeron un a\u00f1o despu\u00e9s de que el ex dictador sirio Bashar al-Assad huyera de la capital mientras las fuerzas rebeldes arrasaban &hellip;<\/p>\n","protected":false},"author":1,"featured_media":53243,"comment_status":"open","ping_status":"open","sticky":false,"template":"","format":"standard","meta":{"fifu_image_url":"https:\/\/static.foxnews.com\/foxnews.com\/content\/uploads\/2025\/12\/syria-damascus-assad-fall.jpg","fifu_image_alt":"","footnotes":""},"categories":[13],"tags":[],"class_list":["post-53241","post","type-post","status-publish","format-standard","has-post-thumbnail","","category-mundo"],"_links":{"self":[{"href":"https:\/\/noticiasveraces.com\/index.php?rest_route=\/wp\/v2\/posts\/53241","targetHints":{"allow":["GET"]}}],"collection":[{"href":"https:\/\/noticiasveraces.com\/index.php?rest_route=\/wp\/v2\/posts"}],"about":[{"href":"https:\/\/noticiasveraces.com\/index.php?rest_route=\/wp\/v2\/types\/post"}],"author":[{"embeddable":true,"href":"https:\/\/noticiasveraces.com\/index.php?rest_route=\/wp\/v2\/users\/1"}],"replies":[{"embeddable":true,"href":"https:\/\/noticiasveraces.com\/index.php?rest_route=%2Fwp%2Fv2%2Fcomments&post=53241"}],"version-history":[{"count":0,"href":"https:\/\/noticiasveraces.com\/index.php?rest_route=\/wp\/v2\/posts\/53241\/revisions"}],"wp:featuredmedia":[{"embeddable":true,"href":"https:\/\/noticiasveraces.com\/index.php?rest_route=\/wp\/v2\/media\/53243"}],"wp:attachment":[{"href":"https:\/\/noticiasveraces.com\/index.php?rest_route=%2Fwp%2Fv2%2Fmedia&parent=53241"}],"wp:term":[{"taxonomy":"category","embeddable":true,"href":"https:\/\/noticiasveraces.com\/index.php?rest_route=%2Fwp%2Fv2%2Fcategories&post=53241"},{"taxonomy":"post_tag","embeddable":true,"href":"https:\/\/noticiasveraces.com\/index.php?rest_route=%2Fwp%2Fv2%2Ftags&post=53241"}],"curies":[{"name":"wp","href":"https:\/\/api.w.org\/{rel}","templated":true}]}}