{"id":53221,"date":"2025-12-09T15:03:31","date_gmt":"2025-12-09T19:03:31","guid":{"rendered":"https:\/\/noticiasveraces.com\/?p=53221"},"modified":"2025-12-09T15:03:31","modified_gmt":"2025-12-09T19:03:31","slug":"cancelan-rueda-de-prensa-de-maria-corina-machado-un-dia-antes-de-la-entrega-del-nobel-de-la-paz-correo-del-caroni","status":"publish","type":"post","link":"https:\/\/noticiasveraces.com\/?p=53221","title":{"rendered":"Cancelan rueda de prensa de Mar\u00eda Corina Machado un d\u00eda antes de la entrega del Nobel de la Paz \u2013 Correo del Caron\u00ed"},"content":{"rendered":"<p> \n<\/p>\n<div data-id=\"494a3404\" data-element_type=\"widget\" id=\"texto\" data-widget_type=\"theme-post-content.default\">\n<div class=\"elementor-widget-container\">\n<p>La rueda de prensa que la opositora venezolana Mar\u00eda Corona Machado ten\u00eda previsto dar este martes en el Instituto Nobel de Oslo, la v\u00edspera de recibir el premio de la Paz, ha sido cancelada y no se puede en estos momentos prever c\u00f3mo y cu\u00e1ndo la exdiputada llegar\u00e1 a la capital noruega, dijo la organizaci\u00f3n.<\/p>\n<p>La conferencia de prensa \u201cno tendr\u00e1 lugar hoy\u201d, dijo el portavoz del Instituto Nobel de Noruega, Erik Aasheim.<\/p>\n<p>\u201cLa propia Mar\u00eda Corina Machado ha declarado en entrevistas lo complicado que ser\u00e1 el viaje a Oslo. Por lo tanto, en este momento no podemos proporcionar m\u00e1s informaci\u00f3n sobre cu\u00e1ndo y c\u00f3mo llegar\u00e1 para la ceremonia del Premio Nobel de la Paz\u201d, que se celebrar\u00e1 este mi\u00e9rcoles.<\/p>\n<p>La rueda de prensa, que inicialmente iba a tener lugar a las 12:00 GMT de este martes, fue primero pospuesta sin nueva hora prevista.<\/p>\n<p>Finalmente, ante las dificultades de la l\u00edder opositora para llegar a la capital noruega, el evento ha sido cancelado.<\/p>\n<p>La propia Machado, que vive en paradero desconocido en Venezuela, hab\u00eda confirmado hace unos d\u00edas al Instituto Nobel que viajar\u00eda a la capital noruega para recibir el premio.<\/p>\n<p>Este mismo martes, su hermana, Clara Machado Parisca, dijo en una entrevista desde Oslo con la emisora colombiana Blu Radio que la intenci\u00f3n de la premio Nobel es \u201cestar aqu\u00ed con nosotros\u201d y por eso la est\u00e1n esperando \u201ccon fe de que va a llegar muy pronto\u201d.<\/p>\n<p>\u201cSu deseo es estar ac\u00e1 y recoger el premio. Es lo que te puedo decir en este momento. No s\u00e9 m\u00e1s nada\u201d, agreg\u00f3 la hermana, quien dijo no tener informaci\u00f3n de si la dirigente opositora ya sali\u00f3 de Venezuela.<\/p>\n<p>En Oslo ya se encuentran tambi\u00e9n su madre, Corina Parisca, su hermana y su hija, Ana Corina Sosa, que estar\u00e1 acompa\u00f1ada en la ceremonia por sus dos hermanos.<\/p>\n<p>\u201cEstamos ac\u00e1 por ella, para ella y con toda la convicci\u00f3n de que lo va a lograr y de que va a estar ac\u00e1 y va a recoger el premio\u201d, agreg\u00f3 su hermana.<\/p>\n<p>Tambi\u00e9n se encuentra ya desde la v\u00edspera en Oslo el presidente de Panam\u00e1, Jos\u00e9 Ra\u00fal Mulino, quien se reuni\u00f3 con los familiares de Machado, mientras que estaba prevista la llegada este martes del presidente argentino, Javier Milei.<\/p>\n<p>Asimismo, Oslo espera la llegada del presidente de Ecuador, Daniel Noboa, y para este mi\u00e9rcoles la de su hom\u00f3logo paraguayo, Santiago Pe\u00f1a.<\/p>\n<p>El opositor venezolano Edmundo Gonz\u00e1lez Urrutia, candidato en las elecciones presidenciales del a\u00f1o pasado y exiliado en Espa\u00f1a desde septiembre de 2024, viaj\u00f3 tambi\u00e9n este martes a Oslo.<\/p>\n<\/p><\/div>\n<\/p><\/div>\n\n","protected":false},"excerpt":{"rendered":"<p>La rueda de prensa que la opositora venezolana Mar\u00eda Corona Machado ten\u00eda previsto dar este martes en el Instituto Nobel de Oslo, la v\u00edspera de recibir el premio de la Paz, ha sido cancelada y no se puede en estos momentos prever c\u00f3mo y cu\u00e1ndo la exdiputada llegar\u00e1 a la capital noruega, dijo la organizaci\u00f3n. &hellip;<\/p>\n","protected":false},"author":1,"featured_media":53222,"comment_status":"open","ping_status":"open","sticky":false,"template":"","format":"standard","meta":{"fifu_image_url":"https:\/\/correodelcaroni.com\/wp-content\/uploads\/2025\/12\/RUEDADP_Oslo.jpg","fifu_image_alt":"","footnotes":""},"categories":[13],"tags":[],"class_list":["post-53221","post","type-post","status-publish","format-standard","has-post-thumbnail","","category-mundo"],"_links":{"self":[{"href":"https:\/\/noticiasveraces.com\/index.php?rest_route=\/wp\/v2\/posts\/53221","targetHints":{"allow":["GET"]}}],"collection":[{"href":"https:\/\/noticiasveraces.com\/index.php?rest_route=\/wp\/v2\/posts"}],"about":[{"href":"https:\/\/noticiasveraces.com\/index.php?rest_route=\/wp\/v2\/types\/post"}],"author":[{"embeddable":true,"href":"https:\/\/noticiasveraces.com\/index.php?rest_route=\/wp\/v2\/users\/1"}],"replies":[{"embeddable":true,"href":"https:\/\/noticiasveraces.com\/index.php?rest_route=%2Fwp%2Fv2%2Fcomments&post=53221"}],"version-history":[{"count":0,"href":"https:\/\/noticiasveraces.com\/index.php?rest_route=\/wp\/v2\/posts\/53221\/revisions"}],"wp:featuredmedia":[{"embeddable":true,"href":"https:\/\/noticiasveraces.com\/index.php?rest_route=\/wp\/v2\/media\/53222"}],"wp:attachment":[{"href":"https:\/\/noticiasveraces.com\/index.php?rest_route=%2Fwp%2Fv2%2Fmedia&parent=53221"}],"wp:term":[{"taxonomy":"category","embeddable":true,"href":"https:\/\/noticiasveraces.com\/index.php?rest_route=%2Fwp%2Fv2%2Fcategories&post=53221"},{"taxonomy":"post_tag","embeddable":true,"href":"https:\/\/noticiasveraces.com\/index.php?rest_route=%2Fwp%2Fv2%2Ftags&post=53221"}],"curies":[{"name":"wp","href":"https:\/\/api.w.org\/{rel}","templated":true}]}}