{"id":53212,"date":"2025-12-09T13:30:02","date_gmt":"2025-12-09T17:30:02","guid":{"rendered":"https:\/\/noticiasveraces.com\/?p=53212"},"modified":"2025-12-09T13:30:02","modified_gmt":"2025-12-09T17:30:02","slug":"muere-raul-malo-la-leyenda-de-la-musica-de-los-noventa-muere-tragicamente-a-los-60-anos-noticias-de-celebridades-mundo-del-espectaculo-y-television","status":"publish","type":"post","link":"https:\/\/noticiasveraces.com\/?p=53212","title":{"rendered":"Muere Ra\u00fal Malo: la leyenda de la m\u00fasica de los noventa muere tr\u00e1gicamente a los 60 a\u00f1os | Noticias de celebridades | Mundo del espect\u00e1culo y televisi\u00f3n"},"content":{"rendered":"<p> \n<\/p>\n<div>\n<p>Ra\u00fal Malo, vocalista de \u00f3pera y miembro de la banda country Mavericks, ganadora del premio Grammy, muri\u00f3 el lunes a los 60 a\u00f1os. Un representante de la banda confirm\u00f3 que muri\u00f3 luego de una batalla contra el c\u00e1ncer. La banda dijo en un comunicado: \u00abCon el m\u00e1s profundo dolor compartimos el fallecimiento de nuestro amigo, compa\u00f1ero de banda y hermano Ra\u00fal Malo. Cualquiera que haya tenido el placer de estar en la \u00f3rbita de Ra\u00fal sab\u00eda que \u00e9l era una fuerza de la naturaleza humana, con una energ\u00eda contagiosa\u00bb.<\/p>\n<p>Agregaron: \u00abA lo largo de una carrera de m\u00e1s de tres d\u00e9cadas entreteniendo a millones de personas en todo el mundo, sus imponentes contribuciones creativas y su talento generacional incomparable crearon el tipo de m\u00fasica estadounidense multicultural que llega mucho m\u00e1s all\u00e1 de los propios Estados Unidos\u00bb.<\/p>\n<\/div>\n<div>\n<p>Betty, la esposa de la estrella, agreg\u00f3: \u201cNadie encarnaba la vida y el amor, la alegr\u00eda y la pasi\u00f3n, la familia, los amigos, la m\u00fasica y la aventura como lo hac\u00eda nuestro querido Ra\u00fal.<\/p>\n<p>\u201cAhora nos mirar\u00e1 con todo lo que el cielo permitir\u00e1<em>, <\/em>iluminando el camino y record\u00e1ndonos que debemos saborear cada momento\u201d.<\/p>\n<p>A la estrella le diagnosticaron c\u00e1ncer de colon en junio de 2024. En septiembre, anunci\u00f3 que estaba luchando contra un c\u00e1ncer que afectaba su cerebro y su m\u00e9dula espinal.<\/p>\n<\/div>\n<div>\n<p>Los fan\u00e1ticos quedaron desconsolados por su fallecimiento y compartieron homenajes en las redes sociales. Uno escribi\u00f3: \u00ab\u00a1M\u00e1s sentido p\u00e9same para toda la familia, compa\u00f1eros de banda, amigos y fans! \u00a1Muy triste! \u00a1QEPD!\u00bb<\/p>\n<p>Otro dijo: \u00ab\u00a1Incre\u00edble! Dios m\u00edo&#8230; \u00a1un talento incre\u00edble! Una de las mejores voces que he escuchado\u00bb.<\/p>\n<p>Un tercero escribi\u00f3: \u00abQu\u00e9 voz. Qu\u00e9 talento. Descansa en paz, Ra\u00fal Malo\u00bb. Mientras tanto, otro escribi\u00f3: \u00abDescansa en paz, hermano. Gracias por la m\u00fasica. Hiciste del mundo un lugar mejor\u00bb.<\/p>\n<p>Otro dijo: \u00abQEPD, el cielo va a recibir a un hombre extraordinario y un talento incre\u00edble. Lo extra\u00f1aremos\u00bb. <\/p>\n<\/div>\n\n","protected":false},"excerpt":{"rendered":"<p>Ra\u00fal Malo, vocalista de \u00f3pera y miembro de la banda country Mavericks, ganadora del premio Grammy, muri\u00f3 el lunes a los 60 a\u00f1os. Un representante de la banda confirm\u00f3 que muri\u00f3 luego de una batalla contra el c\u00e1ncer. La banda dijo en un comunicado: \u00abCon el m\u00e1s profundo dolor compartimos el fallecimiento de nuestro amigo, &hellip;<\/p>\n","protected":false},"author":1,"featured_media":53213,"comment_status":"open","ping_status":"open","sticky":false,"template":"","format":"standard","meta":{"fifu_image_url":"https:\/\/cdn.images.express.co.uk\/img\/dynamic\/79\/1200x630\/6603467.jpg","fifu_image_alt":"","footnotes":""},"categories":[766],"tags":[],"class_list":["post-53212","post","type-post","status-publish","format-standard","has-post-thumbnail","","category-musica"],"_links":{"self":[{"href":"https:\/\/noticiasveraces.com\/index.php?rest_route=\/wp\/v2\/posts\/53212","targetHints":{"allow":["GET"]}}],"collection":[{"href":"https:\/\/noticiasveraces.com\/index.php?rest_route=\/wp\/v2\/posts"}],"about":[{"href":"https:\/\/noticiasveraces.com\/index.php?rest_route=\/wp\/v2\/types\/post"}],"author":[{"embeddable":true,"href":"https:\/\/noticiasveraces.com\/index.php?rest_route=\/wp\/v2\/users\/1"}],"replies":[{"embeddable":true,"href":"https:\/\/noticiasveraces.com\/index.php?rest_route=%2Fwp%2Fv2%2Fcomments&post=53212"}],"version-history":[{"count":0,"href":"https:\/\/noticiasveraces.com\/index.php?rest_route=\/wp\/v2\/posts\/53212\/revisions"}],"wp:featuredmedia":[{"embeddable":true,"href":"https:\/\/noticiasveraces.com\/index.php?rest_route=\/wp\/v2\/media\/53213"}],"wp:attachment":[{"href":"https:\/\/noticiasveraces.com\/index.php?rest_route=%2Fwp%2Fv2%2Fmedia&parent=53212"}],"wp:term":[{"taxonomy":"category","embeddable":true,"href":"https:\/\/noticiasveraces.com\/index.php?rest_route=%2Fwp%2Fv2%2Fcategories&post=53212"},{"taxonomy":"post_tag","embeddable":true,"href":"https:\/\/noticiasveraces.com\/index.php?rest_route=%2Fwp%2Fv2%2Ftags&post=53212"}],"curies":[{"name":"wp","href":"https:\/\/api.w.org\/{rel}","templated":true}]}}