{"id":53207,"date":"2025-12-09T13:07:17","date_gmt":"2025-12-09T17:07:17","guid":{"rendered":"https:\/\/noticiasveraces.com\/?p=53207"},"modified":"2025-12-09T13:07:17","modified_gmt":"2025-12-09T17:07:17","slug":"un-nuevo-tratamiento-contra-la-caida-del-cabello-muestra-una-mejora-significativa-con-respecto-al-placebo","status":"publish","type":"post","link":"https:\/\/noticiasveraces.com\/?p=53207","title":{"rendered":"Un nuevo tratamiento contra la ca\u00edda del cabello muestra una mejora significativa con respecto al placebo"},"content":{"rendered":"<p> \n<\/p>\n<div>\n<div id=\"beyondwords-wrapper\" class=\"beyondwords-wrapper\">\n<p><span class=\"label-bg\">NUEVO<\/span>\u00a1Ahora puedes escuchar los art\u00edculos de Fox News!\n  <\/p>\n<\/div>\n<p class=\"speakable\">Un nuevo tratamiento experimental para el cuero cabelludo llamado clascoterona ha mostrado s\u00f3lidos resultados para ayudar a reducir la ca\u00edda del cabello de patr\u00f3n masculino (tambi\u00e9n conocida como alopecia androgen\u00e9tica o AGA).<\/p>\n<p class=\"speakable\">Los expertos consideran que los resultados son prometedores y afirman que este podr\u00eda ser el primer enfoque nuevo para revertir la ca\u00edda del cabello en d\u00e9cadas.<\/p>\n<p>Realizados por Cosmo Pharmaceuticals en Irlanda, los dos grandes ensayos de \u00faltima etapa, denominados Scalp 1 y Scalp 2, inscribieron a un total combinado de 1.465 hombres en los EE. UU. y Europa, seg\u00fan un comunicado de prensa.<\/p>\n<p><strong>EL SUERO EXPERIMENTAL MUESTRA PROMESA PARA REVERTIR LA CALVICIE EN 20 D\u00cdAS<\/strong><\/p>\n<p>Los participantes utilizaron la soluci\u00f3n t\u00f3pica o un placebo en condiciones aleatorias. La principal medida del \u00e9xito fue el \u00abrecuento de cabello en el \u00e1rea objetivo\u00bb (TAHC), un recuento objetivo de cabellos en un \u00e1rea definida del cuero cabelludo.<\/p>\n<p>La soluci\u00f3n t\u00f3pica funciona bloqueando la acci\u00f3n de la dihidrotestosterona (DHT), una hormona que hace que los fol\u00edculos pilosos gen\u00e9ticamente sensibles se encojan, directamente en el receptor del fol\u00edculo en lugar de afectar las hormonas en todo el sistema, seg\u00fan Cosmo Pharmaceuticals.<\/p>\n<div class=\"image-ct inline\">\n<div class=\"m\"><picture><source media=\"(max-width: 767px)\" srcset=\"https:\/\/a57.foxnews.com\/static.foxnews.com\/foxnews.com\/content\/uploads\/2025\/12\/343\/192\/man-looking-at-hair-in-mirror.jpg?ve=1&amp;tl=1, https:\/\/a57.foxnews.com\/static.foxnews.com\/foxnews.com\/content\/uploads\/2025\/12\/686\/384\/man-looking-at-hair-in-mirror.jpg?ve=1&amp;tl=1 2x\" height=\"192\" width=\"343\"><source media=\"(min-width: 768px) and (max-width: 1023px)\" srcset=\"https:\/\/a57.foxnews.com\/static.foxnews.com\/foxnews.com\/content\/uploads\/2025\/12\/672\/378\/man-looking-at-hair-in-mirror.jpg?ve=1&amp;tl=1, https:\/\/a57.foxnews.com\/static.foxnews.com\/foxnews.com\/content\/uploads\/2025\/12\/1344\/756\/man-looking-at-hair-in-mirror.jpg?ve=1&amp;tl=1 2x\" height=\"378\" width=\"672\"><source media=\"(min-width: 1024px) and (max-width: 1279px)\" srcset=\"https:\/\/a57.foxnews.com\/static.foxnews.com\/foxnews.com\/content\/uploads\/2025\/12\/931\/523\/man-looking-at-hair-in-mirror.jpg?ve=1&amp;tl=1, https:\/\/a57.foxnews.com\/static.foxnews.com\/foxnews.com\/content\/uploads\/2025\/12\/1862\/1046\/man-looking-at-hair-in-mirror.jpg?ve=1&amp;tl=1 2x\" height=\"523\" width=\"931\"><source media=\"(min-width: 1280px)\" srcset=\"https:\/\/a57.foxnews.com\/static.foxnews.com\/foxnews.com\/content\/uploads\/2025\/12\/720\/405\/man-looking-at-hair-in-mirror.jpg?ve=1&amp;tl=1, https:\/\/a57.foxnews.com\/static.foxnews.com\/foxnews.com\/content\/uploads\/2025\/12\/1440\/810\/man-looking-at-hair-in-mirror.jpg?ve=1&amp;tl=1 2x\" height=\"405\" width=\"720\"><img loading=\"lazy\" decoding=\"async\" src=\"https:\/\/a57.foxnews.com\/static.foxnews.com\/foxnews.com\/content\/uploads\/2025\/12\/1200\/675\/man-looking-at-hair-in-mirror.jpg?ve=1&amp;tl=1\" alt=\"Hombre mirando el pelo en el espejo\" width=\"1200\" height=\"675\"\/><\/source><\/source><\/source><\/source><\/picture><\/div>\n<div class=\"info\">\n<div class=\"caption\">\n<p><span>Cosmo Pharmaceuticals inform\u00f3 s\u00f3lidos resultados de fase 3 para la clascoterona en el tratamiento de la ca\u00edda del cabello de patr\u00f3n masculino.<\/span> <span>(iStock)<\/span><\/p>\n<\/div>\n<\/div>\n<\/div>\n<p>Este enfoque localizado intenta abordar la causa biol\u00f3gica de AGA sin exponer el cuerpo a hormonas adicionales.<\/p>\n<p>En el grupo Scalp 1, la clascoterona mostr\u00f3 una mejora relativa del 539% en el recuento de cabello en comparaci\u00f3n con el grupo placebo. Los participantes en Scalp 2 mostraron una mejora relativa del 168%, seg\u00fan el comunicado.<\/p>\n<blockquote class=\"pull-quote\">\n<p class=\"quote-text\">\u00abRealmente no tenemos una crema o loci\u00f3n muy eficaz para la ca\u00edda del cabello, por lo que puede ser valiosa para un uso cl\u00ednico generalizado\u00bb.<\/p>\n<p> <!----><\/p><\/blockquote>\n<p>Un estudio mostr\u00f3 \u00abimportancia estad\u00edstica\u00bb en los resultados informados por los pacientes, mientras que el otro mostr\u00f3 una \u00abtendencia favorable\u00bb, se\u00f1al\u00f3 el comunicado. Cuando se combinaron los datos de ambos ensayos, la mejora se describi\u00f3 como \u00abestad\u00edsticamente significativa\u00bb y se aline\u00f3 con los resultados del conteo de cabello.<\/p>\n<p>\u00abDurante d\u00e9cadas, los pacientes han tenido que elegir entre opciones de tratamiento disponibles con eficacia limitada o problemas de seguridad debido a la exposici\u00f3n hormonal sist\u00e9mica, lo que a menudo resulta en que los pacientes no traten su p\u00e9rdida de cabello en absoluto\u00bb, dijo Maria Hordinsky, MD, del Departamento de Dermatolog\u00eda de la Universidad de Minnesota, en un comunicado enviado a Fox News Digital.<\/p>\n<p><strong>MEDICAMENTO PARA LA P\u00c9RDIDA DEL CABELLO VINCULADO CON SUICIDIOS, DEPRESI\u00d3N Y ANSIEDAD EN UN ESTUDIO GLOBAL<\/strong><\/p>\n<p>\u00abEstos hallazgos muestran el potencial de la soluci\u00f3n t\u00f3pica de clascoterona al 5% para cambiar esa ecuaci\u00f3n al generar un nuevo crecimiento real y mensurable con una exposici\u00f3n sist\u00e9mica insignificante\u00bb, a\u00f1adi\u00f3 Hordinsky.<\/p>\n<p>Los resultados informados por los pacientes (c\u00f3mo los participantes del estudio percibieron el crecimiento de su cabello) tambi\u00e9n fueron positivos.<\/p>\n<div class=\"image-ct inline\">\n<div class=\"m\"><picture><source media=\"(max-width: 767px)\" srcset=\"https:\/\/a57.foxnews.com\/static.foxnews.com\/foxnews.com\/content\/uploads\/2025\/10\/343\/192\/bald-man-serum-scalp.jpg?ve=1&amp;tl=1, https:\/\/a57.foxnews.com\/static.foxnews.com\/foxnews.com\/content\/uploads\/2025\/10\/686\/384\/bald-man-serum-scalp.jpg?ve=1&amp;tl=1 2x\" height=\"192\" width=\"343\"><source media=\"(min-width: 768px) and (max-width: 1023px)\" srcset=\"https:\/\/a57.foxnews.com\/static.foxnews.com\/foxnews.com\/content\/uploads\/2025\/10\/672\/378\/bald-man-serum-scalp.jpg?ve=1&amp;tl=1, https:\/\/a57.foxnews.com\/static.foxnews.com\/foxnews.com\/content\/uploads\/2025\/10\/1344\/756\/bald-man-serum-scalp.jpg?ve=1&amp;tl=1 2x\" height=\"378\" width=\"672\"><source media=\"(min-width: 1024px) and (max-width: 1279px)\" srcset=\"https:\/\/a57.foxnews.com\/static.foxnews.com\/foxnews.com\/content\/uploads\/2025\/10\/931\/523\/bald-man-serum-scalp.jpg?ve=1&amp;tl=1, https:\/\/a57.foxnews.com\/static.foxnews.com\/foxnews.com\/content\/uploads\/2025\/10\/1862\/1046\/bald-man-serum-scalp.jpg?ve=1&amp;tl=1 2x\" height=\"523\" width=\"931\"><source media=\"(min-width: 1280px)\" srcset=\"https:\/\/a57.foxnews.com\/static.foxnews.com\/foxnews.com\/content\/uploads\/2025\/10\/720\/405\/bald-man-serum-scalp.jpg?ve=1&amp;tl=1, https:\/\/a57.foxnews.com\/static.foxnews.com\/foxnews.com\/content\/uploads\/2025\/10\/1440\/810\/bald-man-serum-scalp.jpg?ve=1&amp;tl=1 2x\" height=\"405\" width=\"720\"><img loading=\"lazy\" decoding=\"async\" src=\"https:\/\/a57.foxnews.com\/static.foxnews.com\/foxnews.com\/content\/uploads\/2025\/10\/1200\/675\/bald-man-serum-scalp.jpg?ve=1&amp;tl=1\" alt=\"El hombre aplica suero con un gotero en la parte superior de su cabeza calva.\" width=\"1200\" height=\"675\"\/><\/source><\/source><\/source><\/source><\/picture><\/div>\n<div class=\"info\">\n<div class=\"caption\">\n<p><span>Si se aprueba, el tratamiento ser\u00eda el primer enfoque nuevo en casi tres d\u00e9cadas.<\/span> <span>(iStock)<\/span><\/p>\n<\/div>\n<\/div>\n<\/div>\n<p>\u00abCreo que esto es prometedor\u00bb, dijo a Fox News Digital Marc Siegel, MD, analista m\u00e9dico senior de Fox News. \u00abRealmente no disponemos de una crema o loci\u00f3n muy eficaz para la ca\u00edda del cabello\u00bb, a\u00f1adi\u00f3 el m\u00e9dico, que no particip\u00f3 en el estudio.<\/p>\n<p>La loci\u00f3n de minoxidil, uno de los tratamientos t\u00f3picos m\u00e1s utilizados y aprobados por la FDA, generalmente tiene una eficacia limitada, anot\u00f3 Siegel. \u00abPor lo tanto, esto bien puede ser valioso para un uso cl\u00ednico generalizado\u00bb.<\/p>\n<h2>Limitaciones y riesgos potenciales<\/h2>\n<p>Siegel, que no particip\u00f3 en los ensayos, hizo referencia a la afirmaci\u00f3n del estudio de que el \u00fanico efecto secundario fue la \u00abirritaci\u00f3n local\u00bb y dijo que el medicamento parec\u00eda ser seguro en general.<\/p>\n<p>La seguridad y tolerancia del f\u00e1rmaco parecieron ser comparables a las del grupo placebo. Los efectos secundarios fueron m\u00ednimos y ocurrieron en tasas similares tanto en el grupo activo como en el de placebo, y se descubri\u00f3 que la mayor\u00eda no estaban relacionados con el medicamento, seg\u00fan los investigadores.<\/p>\n<p><strong>HAGA CLIC AQU\u00cd PARA DESCARGAR LA APLICACI\u00d3N FOX NEWS<\/strong><\/p>\n<p>Los investigadores notaron que la mejora en los participantes del estudio fue en comparaci\u00f3n con el grupo de placebo en el estudio; no garantiza que a los hombres les crezca cinco veces m\u00e1s cabello que con otros tratamientos.<\/p>\n<div class=\"image-ct inline\">\n<div class=\"m\"><picture><source media=\"(max-width: 767px)\" srcset=\"https:\/\/a57.foxnews.com\/static.foxnews.com\/foxnews.com\/content\/uploads\/2025\/12\/343\/192\/bald-treatment.jpg?ve=1&amp;tl=1, https:\/\/a57.foxnews.com\/static.foxnews.com\/foxnews.com\/content\/uploads\/2025\/12\/686\/384\/bald-treatment.jpg?ve=1&amp;tl=1 2x\" height=\"192\" width=\"343\"><source media=\"(min-width: 768px) and (max-width: 1023px)\" srcset=\"https:\/\/a57.foxnews.com\/static.foxnews.com\/foxnews.com\/content\/uploads\/2025\/12\/672\/378\/bald-treatment.jpg?ve=1&amp;tl=1, https:\/\/a57.foxnews.com\/static.foxnews.com\/foxnews.com\/content\/uploads\/2025\/12\/1344\/756\/bald-treatment.jpg?ve=1&amp;tl=1 2x\" height=\"378\" width=\"672\"><source media=\"(min-width: 1024px) and (max-width: 1279px)\" srcset=\"https:\/\/a57.foxnews.com\/static.foxnews.com\/foxnews.com\/content\/uploads\/2025\/12\/931\/523\/bald-treatment.jpg?ve=1&amp;tl=1, https:\/\/a57.foxnews.com\/static.foxnews.com\/foxnews.com\/content\/uploads\/2025\/12\/1862\/1046\/bald-treatment.jpg?ve=1&amp;tl=1 2x\" height=\"523\" width=\"931\"><source media=\"(min-width: 1280px)\" srcset=\"https:\/\/a57.foxnews.com\/static.foxnews.com\/foxnews.com\/content\/uploads\/2025\/12\/720\/405\/bald-treatment.jpg?ve=1&amp;tl=1, https:\/\/a57.foxnews.com\/static.foxnews.com\/foxnews.com\/content\/uploads\/2025\/12\/1440\/810\/bald-treatment.jpg?ve=1&amp;tl=1 2x\" height=\"405\" width=\"720\"><img loading=\"lazy\" decoding=\"async\" src=\"https:\/\/a57.foxnews.com\/static.foxnews.com\/foxnews.com\/content\/uploads\/2025\/12\/1200\/675\/bald-treatment.jpg?ve=1&amp;tl=1\" alt=\"Hombre tocando la calva en la cabeza\" width=\"1200\" height=\"675\"\/><\/source><\/source><\/source><\/source><\/picture><\/div>\n<div class=\"info\">\n<div class=\"caption\">\n<p><span>Los resultados de seguridad del medicamento fueron similares a los del placebo, sin efectos adversos inesperados, dijeron los investigadores.<\/span> <span>(iStock)<\/span><\/p>\n<\/div>\n<\/div>\n<\/div>\n<p>Los resultados de cada individuo dependen de la cantidad de cabello que ten\u00eda al principio y, sin los datos completos, no est\u00e1 claro cu\u00e1nto crecimiento visible lograr\u00e1n la mayor\u00eda de los hombres.<\/p>\n<p><strong><u>HAGA CLIC AQU\u00cd PARA SUSCRIBIRSE A NUESTRO BOLET\u00cdN DE SALUD<\/u><\/strong><\/p>\n<p>\u00abEs necesario tener cuidado con las reacciones al\u00e9rgicas y, en casos raros, con la insuficiencia suprarrenal, ya que la crema es un antiandr\u00f3geno\u00bb, advirti\u00f3 Siegel. Esto significa que debido a que este tratamiento bloquea los andr\u00f3genos (hormonas masculinas), podr\u00eda afectar levemente las gl\u00e1ndulas suprarrenales, que ayudan al cuerpo a controlar las hormonas del estr\u00e9s.<\/p>\n<div class=\"image-ct inline\">\n<div class=\"m\"><picture><source media=\"(max-width: 767px)\" srcset=\"https:\/\/a57.foxnews.com\/static.foxnews.com\/foxnews.com\/content\/uploads\/2025\/09\/343\/192\/man-hair-loss-thinning-protein-deficiency.jpg?ve=1&amp;tl=1, https:\/\/a57.foxnews.com\/static.foxnews.com\/foxnews.com\/content\/uploads\/2025\/09\/686\/384\/man-hair-loss-thinning-protein-deficiency.jpg?ve=1&amp;tl=1 2x\" height=\"192\" width=\"343\"><source media=\"(min-width: 768px) and (max-width: 1023px)\" srcset=\"https:\/\/a57.foxnews.com\/static.foxnews.com\/foxnews.com\/content\/uploads\/2025\/09\/672\/378\/man-hair-loss-thinning-protein-deficiency.jpg?ve=1&amp;tl=1, https:\/\/a57.foxnews.com\/static.foxnews.com\/foxnews.com\/content\/uploads\/2025\/09\/1344\/756\/man-hair-loss-thinning-protein-deficiency.jpg?ve=1&amp;tl=1 2x\" height=\"378\" width=\"672\"><source media=\"(min-width: 1024px) and (max-width: 1279px)\" srcset=\"https:\/\/a57.foxnews.com\/static.foxnews.com\/foxnews.com\/content\/uploads\/2025\/09\/931\/523\/man-hair-loss-thinning-protein-deficiency.jpg?ve=1&amp;tl=1, https:\/\/a57.foxnews.com\/static.foxnews.com\/foxnews.com\/content\/uploads\/2025\/09\/1862\/1046\/man-hair-loss-thinning-protein-deficiency.jpg?ve=1&amp;tl=1 2x\" height=\"523\" width=\"931\"><source media=\"(min-width: 1280px)\" srcset=\"https:\/\/a57.foxnews.com\/static.foxnews.com\/foxnews.com\/content\/uploads\/2025\/09\/720\/405\/man-hair-loss-thinning-protein-deficiency.jpg?ve=1&amp;tl=1, https:\/\/a57.foxnews.com\/static.foxnews.com\/foxnews.com\/content\/uploads\/2025\/09\/1440\/810\/man-hair-loss-thinning-protein-deficiency.jpg?ve=1&amp;tl=1 2x\" height=\"405\" width=\"720\"><img loading=\"lazy\" decoding=\"async\" src=\"https:\/\/a57.foxnews.com\/static.foxnews.com\/foxnews.com\/content\/uploads\/2025\/09\/1200\/675\/man-hair-loss-thinning-protein-deficiency.jpg?ve=1&amp;tl=1\" alt=\"Hombre inspeccionando la ca\u00edda del cabello en el espejo\" width=\"1200\" height=\"675\"\/><\/source><\/source><\/source><\/source><\/picture><\/div>\n<div class=\"info\">\n<div class=\"caption\">\n<p><span>Los datos completos, incluidos los resultados a largo plazo y los cambios detallados en el recuento absoluto de cabello, a\u00fan est\u00e1n pendientes de revisi\u00f3n regulatoria.<\/span> <span>(iStock)<\/span><\/p>\n<\/div>\n<\/div>\n<\/div>\n<p>Adem\u00e1s, estos son resultados de primera l\u00ednea, ya que a\u00fan no se han publicado datos m\u00e1s detallados, incluida la durabilidad a largo plazo, la variaci\u00f3n entre diferentes grados de p\u00e9rdida de cabello y la seguridad extendida durante 12 meses.<\/p>\n<p><strong><u>PRUEBA CON NUESTRO \u00daLTIMO QUIZ DE ESTILO DE VIDA<\/u><\/strong><\/p>\n<p>Si se aprueba, este ser\u00eda el primer tratamiento del cuero cabelludo que funciona bloqueando la DHT directamente en el fol\u00edculo piloso, el primero de su tipo elaborado espec\u00edficamente para la ca\u00edda del cabello en hombres, afirma la compa\u00f1\u00eda.<\/p>\n<p><strong><u>HAGA CLIC AQU\u00cd PARA M\u00c1S HISTORIAS DE SALUD<\/u><\/strong><\/p>\n<p>Cosmo planea completar un seguimiento de seguridad completo de 12 meses para la primavera de 2026 antes de presentar el medicamento para su aprobaci\u00f3n regulatoria en EE. UU. y Europa.<\/p>\n<p> <!----> <\/p>\n<div class=\"article-meta\">\n<div class=\"author-bio\">\n<p>Khloe Quill es asistente de producci\u00f3n de estilo de vida en Fox News Digital. Ella y el equipo de estilo de vida cubren una variedad de temas que incluyen comida y bebida, viajes y salud. <\/p>\n<\/div>\n<\/div>\n<\/div>\n\n","protected":false},"excerpt":{"rendered":"<p>NUEVO\u00a1Ahora puedes escuchar los art\u00edculos de Fox News! Un nuevo tratamiento experimental para el cuero cabelludo llamado clascoterona ha mostrado s\u00f3lidos resultados para ayudar a reducir la ca\u00edda del cabello de patr\u00f3n masculino (tambi\u00e9n conocida como alopecia androgen\u00e9tica o AGA). Los expertos consideran que los resultados son prometedores y afirman que este podr\u00eda ser el &hellip;<\/p>\n","protected":false},"author":1,"featured_media":53209,"comment_status":"open","ping_status":"open","sticky":false,"template":"","format":"standard","meta":{"fifu_image_url":"https:\/\/a57.foxnews.com\/static.foxnews.com\/foxnews.com\/content\/uploads\/2025\/12\/1200\/675\/man-looking-at-hair-in-mirror.jpg?ve=1&tl=1","fifu_image_alt":"","footnotes":""},"categories":[8],"tags":[],"class_list":["post-53207","post","type-post","status-publish","format-standard","has-post-thumbnail","","category-salud"],"_links":{"self":[{"href":"https:\/\/noticiasveraces.com\/index.php?rest_route=\/wp\/v2\/posts\/53207","targetHints":{"allow":["GET"]}}],"collection":[{"href":"https:\/\/noticiasveraces.com\/index.php?rest_route=\/wp\/v2\/posts"}],"about":[{"href":"https:\/\/noticiasveraces.com\/index.php?rest_route=\/wp\/v2\/types\/post"}],"author":[{"embeddable":true,"href":"https:\/\/noticiasveraces.com\/index.php?rest_route=\/wp\/v2\/users\/1"}],"replies":[{"embeddable":true,"href":"https:\/\/noticiasveraces.com\/index.php?rest_route=%2Fwp%2Fv2%2Fcomments&post=53207"}],"version-history":[{"count":0,"href":"https:\/\/noticiasveraces.com\/index.php?rest_route=\/wp\/v2\/posts\/53207\/revisions"}],"wp:featuredmedia":[{"embeddable":true,"href":"https:\/\/noticiasveraces.com\/index.php?rest_route=\/wp\/v2\/media\/53209"}],"wp:attachment":[{"href":"https:\/\/noticiasveraces.com\/index.php?rest_route=%2Fwp%2Fv2%2Fmedia&parent=53207"}],"wp:term":[{"taxonomy":"category","embeddable":true,"href":"https:\/\/noticiasveraces.com\/index.php?rest_route=%2Fwp%2Fv2%2Fcategories&post=53207"},{"taxonomy":"post_tag","embeddable":true,"href":"https:\/\/noticiasveraces.com\/index.php?rest_route=%2Fwp%2Fv2%2Ftags&post=53207"}],"curies":[{"name":"wp","href":"https:\/\/api.w.org\/{rel}","templated":true}]}}