{"id":53204,"date":"2025-12-09T13:02:03","date_gmt":"2025-12-09T17:02:03","guid":{"rendered":"https:\/\/noticiasveraces.com\/?p=53204"},"modified":"2025-12-09T13:02:03","modified_gmt":"2025-12-09T17:02:03","slug":"especialista-asegura-que-tareas-en-venezuela-no-son-el-aspecto-mas-prioritario-del-ambito-educativo","status":"publish","type":"post","link":"https:\/\/noticiasveraces.com\/?p=53204","title":{"rendered":"Especialista asegura que tareas en Venezuela no son el aspecto m\u00e1s prioritario del \u00e1mbito educativo"},"content":{"rendered":"<p> \n<\/p>\n<div id=\"post-5846527\">\n\t<!-- .entry-header --><\/p>\n<div class=\"entry-content\">\n<p>\n\t\t\t<span rel=\"author\" class=\"fn\">con una esp\u00e1tula<\/span>\n\t\t<\/p>\n<p>\t\t<time class=\"entry-date published updated\" datetime=\"2025-12-09T13:01:12-04:00\">diciembre 09 2025, 1:01 pm<\/time><br \/>\n\t\t<span class=\"spot-im-replies-count\" data-post-id=\"5846527\"\/><\/p>\n<figure id=\"attachment_5807567\" aria-describedby=\"caption-attachment-5807567\" style=\"width: 696px\" class=\"wp-caption alignnone\"><img fetchpriority=\"high\" decoding=\"async\" onerror=\"this.onerror=null;this.src=\" https:=\"\" class=\"size-full wp-image-5807567\" src=\"https:\/\/sandia.datanubex.uk\/wp-content\/uploads\/2025\/10\/Ninos-EScuela-696x392-1.jpg\" alt=\"\" width=\"696\" height=\"392\"\/><figcaption id=\"caption-attachment-5807567\" class=\"wp-caption-text\">Foto: cortes\u00eda<\/figcaption><\/figure>\n<\/p>\n<p><strong>Ofelia Rivera<\/strong>especialista en pol\u00edticas p\u00fablicas y defensora de la Educaci\u00f3n P\u00fablica y los Derechos Laborales, se\u00f1al\u00f3 que las tareas escolares son importantes para el desarrollo educativo, pero no constituyen el aspecto m\u00e1s prioritario dentro del sistema.<\/p>\n<p><em><strong>Por Mundo UR<\/strong><\/em><\/p>\n<p><!-- Begin Mailchimp Signup Form --><\/p>\n<div id=\"mc_embed_signup\">\n<p><label for=\"mce-EMAIL\">            \u00a1\u00danete al club ahora! Suscr\u00edbete al bolet\u00edn m\u00e1s importante de Venezuela          <\/label><iframe data-test-id=\"beehiiv-embed\" height=\"52\" frameborder=\"0\" scrolling=\"no\" style=\"margin: 0; border-radius: 0px !important; &#10;&#9;&#9;background-color: transparent;\" data-src=\"https:\/\/embeds.beehiiv.com\/cdab9503-16ae-4689-ad4f-1408c727a83a?slim=true\" class=\"lazyload\"><\/iframe><\/p>\n<\/div>\n<p><!--End mc_embed_signup 2--><\/p>\n<p>Rivera resalt\u00f3 que elementos como la comprensi\u00f3n lectora, la formaci\u00f3n docente, las condiciones de infraestructura, la nutrici\u00f3n, el equipamiento tecnol\u00f3gico, el salario de los educadores y de todo el personal deber\u00edan ser priorizados.<\/p>\n<p>La especialista explic\u00f3 que, en un contexto donde buena parte de las escuelas enfrenta carencias estructurales, insistir en aumentar la cantidad de tareas resulta contraproducente. A su juicio, \u201cun estudiante que regresa a casa sin alimentaci\u00f3n adecuada, sin acceso a internet o con maestros mal remunerados dif\u00edcilmente podr\u00e1 lograr un aprendizaje significativo, por m\u00e1s deberes que se asignen\u201d.<\/p>\n<p>Adem\u00e1s, advirti\u00f3 que centrar la discusi\u00f3n \u00fanicamente en las tareas desv\u00eda la atenci\u00f3n de los problemas de fondo que determinan la calidad educativa. Rivera insisti\u00f3 en que las pol\u00edticas p\u00fablicas deben orientarse a garantizar un entorno escolar digno, maestros mejor preparados y condiciones que permitan que el proceso de ense\u00f1anza-aprendizaje ocurra realmente dentro de las aulas.<\/p>\n<p><!-- CONTENT END 1 -->\n\t<\/div>\n<p><!-- .entry-content --><\/p>\n<\/div>\n\n","protected":false},"excerpt":{"rendered":"<p>con una esp\u00e1tula diciembre 09 2025, 1:01 pm Foto: cortes\u00eda Ofelia Riveraespecialista en pol\u00edticas p\u00fablicas y defensora de la Educaci\u00f3n P\u00fablica y los Derechos Laborales, se\u00f1al\u00f3 que las tareas escolares son importantes para el desarrollo educativo, pero no constituyen el aspecto m\u00e1s prioritario dentro del sistema. Por Mundo UR \u00a1\u00danete al club ahora! Suscr\u00edbete al &hellip;<\/p>\n","protected":false},"author":1,"featured_media":53206,"comment_status":"open","ping_status":"open","sticky":false,"template":"","format":"standard","meta":{"fifu_image_url":"https:\/\/sandia.datanubex.uk\/wp-content\/uploads\/2025\/10\/Ninos-EScuela-696x392-1.jpg","fifu_image_alt":"","footnotes":""},"categories":[13],"tags":[],"class_list":["post-53204","post","type-post","status-publish","format-standard","has-post-thumbnail","","category-mundo"],"_links":{"self":[{"href":"https:\/\/noticiasveraces.com\/index.php?rest_route=\/wp\/v2\/posts\/53204","targetHints":{"allow":["GET"]}}],"collection":[{"href":"https:\/\/noticiasveraces.com\/index.php?rest_route=\/wp\/v2\/posts"}],"about":[{"href":"https:\/\/noticiasveraces.com\/index.php?rest_route=\/wp\/v2\/types\/post"}],"author":[{"embeddable":true,"href":"https:\/\/noticiasveraces.com\/index.php?rest_route=\/wp\/v2\/users\/1"}],"replies":[{"embeddable":true,"href":"https:\/\/noticiasveraces.com\/index.php?rest_route=%2Fwp%2Fv2%2Fcomments&post=53204"}],"version-history":[{"count":0,"href":"https:\/\/noticiasveraces.com\/index.php?rest_route=\/wp\/v2\/posts\/53204\/revisions"}],"wp:featuredmedia":[{"embeddable":true,"href":"https:\/\/noticiasveraces.com\/index.php?rest_route=\/wp\/v2\/media\/53206"}],"wp:attachment":[{"href":"https:\/\/noticiasveraces.com\/index.php?rest_route=%2Fwp%2Fv2%2Fmedia&parent=53204"}],"wp:term":[{"taxonomy":"category","embeddable":true,"href":"https:\/\/noticiasveraces.com\/index.php?rest_route=%2Fwp%2Fv2%2Fcategories&post=53204"},{"taxonomy":"post_tag","embeddable":true,"href":"https:\/\/noticiasveraces.com\/index.php?rest_route=%2Fwp%2Fv2%2Ftags&post=53204"}],"curies":[{"name":"wp","href":"https:\/\/api.w.org\/{rel}","templated":true}]}}