{"id":53190,"date":"2025-12-09T11:12:01","date_gmt":"2025-12-09T15:12:01","guid":{"rendered":"https:\/\/noticiasveraces.com\/?p=53190"},"modified":"2025-12-09T11:12:01","modified_gmt":"2025-12-09T15:12:01","slug":"talleres-del-centro-legal-padre-olaso-un-espacio-educativo-que-acompana-a-las-personas-de-la-tercera-edad-el-diario-venezuela","status":"publish","type":"post","link":"https:\/\/noticiasveraces.com\/?p=53190","title":{"rendered":"Talleres del Centro Legal padre Olaso, un espacio educativo que acompa\u00f1a a las personas de la tercera edad\u00a0 &#8211; El Diario Venezuela"},"content":{"rendered":"<p> \n<\/p>\n<div>\n<p>En Venezuela, en medio de una crisis econ\u00f3mica y un \u00e9xodo migratorio que ha cambiado la estructura familiar desde 2015, <strong>envejecer puede convertirse en un proceso marcado por la soledad<\/strong>. La ausencia de hijos, nietos y seres queridos que han emigrado deja a decenas de adultos mayores frente a desaf\u00edos cotidianos sin una red de apoyo.<\/p>\n<p>Sin embargo, en ese escenario de incertidumbre, una iniciativa conjunta entre el <strong>Centro de Asesor\u00eda Legal Padre Olaso y la parroquia Universitaria de la Universidad Central de Venezuela (UCV) <\/strong>abri\u00f3 un espacio para que las personas de la tercera edad vuelvan a tejer v\u00ednculos, aprender y compartir experiencias.<\/p>\n<p>Desde finales de 2023 y con continuidad durante 2024 y 2025, ambas instituciones impulsan de manera conjunto un programa de formaci\u00f3n dirigido especial<strong>mente a personas jubiladas<\/strong>muchas de ellas egresadas de la UCV, que buscan mantenerse activas, acompa\u00f1adas y emocionalmente fortalecidas. <\/p>\n<figure class=\"wp-block-image size-large\"><img fetchpriority=\"high\" decoding=\"async\" width=\"1200\" height=\"779\" src=\"https:\/\/eldiario.com\/wp-content\/uploads\/2025\/12\/TALLERES-2-1200x779.jpg\" alt=\"Talleres del Centro Legal padre Olaso, un espacio educativo que acompa\u00f1a a las personas de la tercera edad \" class=\"wp-image-831414\" srcset=\"https:\/\/eldiario.com\/wp-content\/uploads\/2025\/12\/TALLERES-2-1200x779.jpg 1200w, https:\/\/eldiario.com\/wp-content\/uploads\/2025\/12\/TALLERES-2-300x195.jpg 300w, https:\/\/eldiario.com\/wp-content\/uploads\/2025\/12\/TALLERES-2-768x499.jpg 768w, https:\/\/eldiario.com\/wp-content\/uploads\/2025\/12\/TALLERES-2-1536x997.jpg 1536w, https:\/\/eldiario.com\/wp-content\/uploads\/2025\/12\/TALLERES-2-860x558.jpg 860w, https:\/\/eldiario.com\/wp-content\/uploads\/2025\/12\/TALLERES-2-150x97.jpg 150w, https:\/\/eldiario.com\/wp-content\/uploads\/2025\/12\/TALLERES-2.jpg 1600w\" sizes=\"(max-width: 1200px) 100vw, 1200px\"\/><figcaption class=\"wp-element-caption\">Talleres del Centro Legal padre Olaso. Foto: Diannaly Mu\u00f1oz<\/figcaption><\/figure>\n<h2 id=\"incorporar-a-los-adultos-mayores-a-la-vida-social\" class=\"rb-heading-index-0-831410 wp-block-heading\"><strong>Incorporar a los adultos mayores a la vida social<\/strong><\/h2>\n<p>La abogada y directora del Centro de Asesor\u00eda Legal Padre Olaso que funciona en la Parroquia Universitaria La Epifan\u00eda del Se\u00f1or de la UCV, Diannaly Mu\u00f1oz, explic\u00f3 en una entrevista para <strong>El Diario <\/strong>qu\u00e9 <strong>el proyecto surgi\u00f3 como respuesta a una preocupaci\u00f3n creciente sobre el aislamiento social que enfrentan los adultos mayores<\/strong>as\u00ed como la necesidad de ofrecerles herramientas que promuevan autonom\u00eda, bienestar y sentido de pertenencia.<\/p>\n<p>En apenas dos a\u00f1os, el <strong>Centro de Asesor\u00eda Legal padre Olaso<\/strong> organiz\u00f3 cerca de 60 talleres con una variedad tem\u00e1tica que abarca \u00e1reas esenciales para la vida cotidiana y el desarrollo personal. <\/p>\n<p>Mu\u00f1oz mencion\u00f3 que la oferta incluye <strong>sesiones sobre gesti\u00f3n del estr\u00e9s, motivaci\u00f3n al logro, oratoria, mediaci\u00f3n de conflictos, uso del tel\u00e9fono inteligente, salud integral, biodescodificaci\u00f3n, alineaci\u00f3n corporal y derechos humanos<\/strong>entre otros. <\/p>\n<p>\u201cCada encuentro es impartido por especialistas con trayectoria comprobada, lo que garantiza no solo contenidos de calidad, sino tambi\u00e9n <strong>un ambiente de confianza en el que los participantes pueden expresar sus vivencias sin temor ni juicio<\/strong>\u201d, expres\u00f3 la representante de la organizaci\u00f3n.<\/p>\n<figure class=\"wp-block-image size-large\"><img loading=\"lazy\" decoding=\"async\" width=\"1200\" height=\"633\" src=\"https:\/\/eldiario.com\/wp-content\/uploads\/2025\/12\/Talleres-1200x633.jpg\" alt=\"Talleres del Centro Legal padre Olaso, un espacio educativo que acompa\u00f1a a las personas de la tercera edad \" class=\"wp-image-831412\" srcset=\"https:\/\/eldiario.com\/wp-content\/uploads\/2025\/12\/Talleres-1200x633.jpg 1200w, https:\/\/eldiario.com\/wp-content\/uploads\/2025\/12\/Talleres-300x158.jpg 300w, https:\/\/eldiario.com\/wp-content\/uploads\/2025\/12\/Talleres-768x405.jpg 768w, https:\/\/eldiario.com\/wp-content\/uploads\/2025\/12\/Talleres-1536x810.jpg 1536w, https:\/\/eldiario.com\/wp-content\/uploads\/2025\/12\/Talleres-860x454.jpg 860w, https:\/\/eldiario.com\/wp-content\/uploads\/2025\/12\/Talleres-150x79.jpg 150w, https:\/\/eldiario.com\/wp-content\/uploads\/2025\/12\/Talleres.jpg 1600w\" sizes=\"auto, (max-width: 1200px) 100vw, 1200px\"\/><figcaption class=\"wp-element-caption\">Talleres del Centro Legal padre Olaso. Foto: Diannaly Mu\u00f1oz<\/figcaption><\/figure>\n<h2 id=\"impacto-de-los-talleres-del-centro-legal-padre-olaso\" class=\"rb-heading-index-1-831410 wp-block-heading\"><strong>Impacto de los talleres del Centro Legal padre Olaso<\/strong><\/h2>\n<p>Actualmente, la organizaci\u00f3n tiene un registro de que m\u00e1s del 70 % de los asistentes han realizado cerca de 20 talleres.<\/p>\n<p>\u201cLa mayor\u00eda reporta mejoras sustanciales en su bienestar emocional, en su <strong>autoestima y en su satisfacci\u00f3n con la rutina diaria<\/strong>. Muchos han encontrado nuevas amistades, creando redes de apoyo que trascienden las aulas y se convierten en sost\u00e9n afectivo. Aqu\u00ed no solo aprendemos, tambi\u00e9n volvemos a sentir que pertenecemos a algo\u201d, agreg\u00f3.<\/p>\n<p>Mu\u00f1oz detall\u00f3 que en las din\u00e1micas grupales, las conversaciones fluyen entre an\u00e9cdotas de vida, risas espont\u00e1neas y momentos de introspecci\u00f3n. <\/p>\n<p>Sumado a esto, <strong>los adultos mayores tambi\u00e9n reciben informaci\u00f3n clave sobre sus derechos<\/strong>contemplados en la constituci\u00f3n de Venezuela y en la Ley Org\u00e1nica de Protecci\u00f3n a las Personas Mayores, lo que les permite ejercerlos con mayor conciencia y seguridad.<\/p>\n<p>La dimensi\u00f3n psicol\u00f3gica tambi\u00e9n ocupa un lugar central en los talleres. <strong>Temas como la resiliencia, el perd\u00f3n, la aceptaci\u00f3n, la gesti\u00f3n del estr\u00e9s y la gratitud <\/strong>ofrecen herramientas pr\u00e1cticas para enfrentar los desaf\u00edos propios de esta etapa de la vida. <\/p>\n<figure class=\"wp-block-image size-large\"><img loading=\"lazy\" decoding=\"async\" width=\"1200\" height=\"713\" src=\"https:\/\/eldiario.com\/wp-content\/uploads\/2025\/12\/T-2-1200x713.jpg\" alt=\"Talleres del Centro Legal padre Olaso, un espacio educativo que acompa\u00f1a a las personas de la tercera edad \" class=\"wp-image-831416\" srcset=\"https:\/\/eldiario.com\/wp-content\/uploads\/2025\/12\/T-2-1200x713.jpg 1200w, https:\/\/eldiario.com\/wp-content\/uploads\/2025\/12\/T-2-300x178.jpg 300w, https:\/\/eldiario.com\/wp-content\/uploads\/2025\/12\/T-2-768x456.jpg 768w, https:\/\/eldiario.com\/wp-content\/uploads\/2025\/12\/T-2-1536x912.jpg 1536w, https:\/\/eldiario.com\/wp-content\/uploads\/2025\/12\/T-2-860x511.jpg 860w, https:\/\/eldiario.com\/wp-content\/uploads\/2025\/12\/T-2-150x89.jpg 150w, https:\/\/eldiario.com\/wp-content\/uploads\/2025\/12\/T-2.jpg 1600w\" sizes=\"auto, (max-width: 1200px) 100vw, 1200px\"\/><figcaption class=\"wp-element-caption\">Talleres del Centro Legal padre Olaso. Foto: Diannaly Mu\u00f1oz<\/figcaption><\/figure>\n<h2 id=\"como-formar-parte-de-los-talleres-del-centro-de-asesoria-legal-padre-olaso\" class=\"rb-heading-index-2-831410 wp-block-heading\"><strong>\u00bfC\u00f3mo formar parte de los talleres del Centro de Asesor\u00eda Legal padre Olaso<\/strong><\/h2>\n<p>Las personas que deseen formar parte de los talleres del<strong> Centro de Asesor\u00eda Legal padre Olaso<\/strong> deben contactarse por correo electr\u00f3nico asesorialegalpadreolaso@gmail.com.<br \/>Cada taller tiene un costo de 5 d\u00f3lares a la tasa del Banco Central de Venezuela (BCV) del d\u00eda, sin embargo, Mu\u00f1oz enfatiz\u00f3 que, en caso de no tener el dinero, <strong>los adultos mayores pueden optar por becas otorgadas por la propia organizaci\u00f3n<\/strong>.<\/p>\n<p><!-- CONTENT END 1 -->\n<\/div>\n\n","protected":false},"excerpt":{"rendered":"<p>En Venezuela, en medio de una crisis econ\u00f3mica y un \u00e9xodo migratorio que ha cambiado la estructura familiar desde 2015, envejecer puede convertirse en un proceso marcado por la soledad. La ausencia de hijos, nietos y seres queridos que han emigrado deja a decenas de adultos mayores frente a desaf\u00edos cotidianos sin una red de &hellip;<\/p>\n","protected":false},"author":1,"featured_media":53192,"comment_status":"open","ping_status":"open","sticky":false,"template":"","format":"standard","meta":{"fifu_image_url":"https:\/\/eldiario.com\/wp-content\/uploads\/2025\/12\/Talleres-del-Centro-Legal-padre-Olaso-WEB.png","fifu_image_alt":"","footnotes":""},"categories":[4],"tags":[],"class_list":["post-53190","post","type-post","status-publish","format-standard","has-post-thumbnail","","category-historias-destacadas"],"_links":{"self":[{"href":"https:\/\/noticiasveraces.com\/index.php?rest_route=\/wp\/v2\/posts\/53190","targetHints":{"allow":["GET"]}}],"collection":[{"href":"https:\/\/noticiasveraces.com\/index.php?rest_route=\/wp\/v2\/posts"}],"about":[{"href":"https:\/\/noticiasveraces.com\/index.php?rest_route=\/wp\/v2\/types\/post"}],"author":[{"embeddable":true,"href":"https:\/\/noticiasveraces.com\/index.php?rest_route=\/wp\/v2\/users\/1"}],"replies":[{"embeddable":true,"href":"https:\/\/noticiasveraces.com\/index.php?rest_route=%2Fwp%2Fv2%2Fcomments&post=53190"}],"version-history":[{"count":0,"href":"https:\/\/noticiasveraces.com\/index.php?rest_route=\/wp\/v2\/posts\/53190\/revisions"}],"wp:featuredmedia":[{"embeddable":true,"href":"https:\/\/noticiasveraces.com\/index.php?rest_route=\/wp\/v2\/media\/53192"}],"wp:attachment":[{"href":"https:\/\/noticiasveraces.com\/index.php?rest_route=%2Fwp%2Fv2%2Fmedia&parent=53190"}],"wp:term":[{"taxonomy":"category","embeddable":true,"href":"https:\/\/noticiasveraces.com\/index.php?rest_route=%2Fwp%2Fv2%2Fcategories&post=53190"},{"taxonomy":"post_tag","embeddable":true,"href":"https:\/\/noticiasveraces.com\/index.php?rest_route=%2Fwp%2Fv2%2Ftags&post=53190"}],"curies":[{"name":"wp","href":"https:\/\/api.w.org\/{rel}","templated":true}]}}