{"id":53152,"date":"2025-12-09T05:11:13","date_gmt":"2025-12-09T09:11:13","guid":{"rendered":"https:\/\/noticiasveraces.com\/?p=53152"},"modified":"2025-12-09T05:11:13","modified_gmt":"2025-12-09T09:11:13","slug":"el-nobel-como-evento-de-diplomacia-activa-para-venezuela","status":"publish","type":"post","link":"https:\/\/noticiasveraces.com\/?p=53152","title":{"rendered":"El Nobel como evento de diplomacia activa para Venezuela"},"content":{"rendered":"<p> \n<\/p>\n<div id=\"\">\n<div class=\"image-featured\">\n<img src=\"data:image\/png;base64,iVBORw0KGgoAAAANSUhEUgAABLAAAAMgAQAAAAAbm6avAAAAAnRSTlMAAHaTzTgAAACMSURBVHja7cExAQAAAMKg9U9tB2+gAAAAAAAAAAAAAAAAAAAAAAAAAAAAAAAAAAAAAAAAAAAAAAAAAAAAAAAAAAAAAAAAAAAAAAAAAAAAAAAAAAAAAAAAAAAAAAAAAAAAAAAAAAAAAAAAAAAAAAAAAAAAAAAAAAAAAAAAAAAAAAAAAAAAAAAAAAAAPgPX7wABGnGBnwAAAABJRU5ErkJggg==\" alt=\"Premio Nobel de la Paz 2025\" data-src=\"https:\/\/elnacional-uploads.nyc3.digitaloceanspaces.com\/wp-content\/uploads\/2025\/12\/08135741\/efe-Jose-Raul-Mulino.jpg\" decoding=\"async\" class=\"lazyload\" data-eio-rwidth=\"1200\" data-eio-rheight=\"800\"\/><img decoding=\"async\" src=\"https:\/\/elnacional-uploads.nyc3.digitaloceanspaces.com\/wp-content\/uploads\/2025\/12\/08135741\/efe-Jose-Raul-Mulino.jpg\" alt=\"Premio Nobel de la Paz 2025\" data-eio=\"l\"\/><figcaption>El presidente de Panam\u00e1, Jos\u00e9 Ra\u00fal Mulino (centro), llega al Grand Hotel de Oslo, Noruega, el 8 de diciembre de 2025. Foto: EFE\/ EPA\/ Cornelius Poppe<\/figcaption><\/div>\n<p>La ceremonia de entrega del Premio Nobel de la Paz 2025 en Oslo, Noruega, ha trascendido su car\u00e1cter meramente protocolario. Se ha transformado, por la coyuntura pol\u00edtica, en un foro diplom\u00e1tico de alto nivel centrado espec\u00edficamente en la profunda crisis venezolana. El evento tiene lugar anualmente el 10 de diciembre, conmemorando la fecha de la muerte del fundador, Alfred Nobel.<\/p>\n<p>Mar\u00eda Corina Machado ha confirmado su asistencia, a pesar de las amenazas pol\u00edticas y la situaci\u00f3n de clandestinidad. Su presencia ser\u00e1 reforzada por una in\u00e9dita congregaci\u00f3n de l\u00edderes regionales en la capital noruega. Estos l\u00edderes buscan manifestar su apoyo a la causa democr\u00e1tica.<\/p>\n<figure class=\"wp-block-image size-full\"><img loading=\"lazy\" decoding=\"async\" width=\"1200\" height=\"355\" src=\"data:image\/png;base64,iVBORw0KGgoAAAANSUhEUgAABLAAAAFjAQAAAAAFyM9EAAAAAnRSTlMAAHaTzTgAAABKSURBVHja7cEBDQAAAMKg909tDwcUAAAAAAAAAAAAAAAAAAAAAAAAAAAAAAAAAAAAAAAAAAAAAAAAAAAAAAAAAAAAAAAAAAAAcGHRZQABXEaZSQAAAABJRU5ErkJggg==\" alt=\"Venezuela\" class=\"wp-image-2845473 lazyload\" data-src=\"https:\/\/elnacional-uploads.nyc3.digitaloceanspaces.com\/wp-content\/uploads\/2025\/12\/08132359\/afp-nobel-combo-presidentes-maria-corina-machado.jpg\" data-eio-rwidth=\"1200\" data-eio-rheight=\"355\"\/><img loading=\"lazy\" decoding=\"async\" width=\"1200\" height=\"355\" src=\"https:\/\/elnacional-uploads.nyc3.digitaloceanspaces.com\/wp-content\/uploads\/2025\/12\/08132359\/afp-nobel-combo-presidentes-maria-corina-machado.jpg\" alt=\"Venezuela\" class=\"wp-image-2845473\" data-eio=\"l\"\/><figcaption class=\"wp-element-caption\">Combinaci\u00f3n de im\u00e1genes de archivo creadas el 7 de diciembre de 2025, de (de izquierda a derecha) el presidente de Panam\u00e1, Jos\u00e9 Ra\u00fal Mulino, en el Palacio de Planalto en Brasilia el 28 de agosto de 2025, el presidente de Argentina, Javier Milei, en la Casa Blanca en Washington, D.C. el 14 de octubre de 2025, la l\u00edder opositora venezolana, Mar\u00eda Corina Machado, en Caracas el 28 de julio de 2024, el presidente de Ecuador, Daniel Noboa, en el Palacio Presidencial de Carondelet en Quito el 31 de julio de 2025, y el presidente de Paraguay, Santiago Pe\u00f1a, en el Palacio Est\u00e9vez en Montevideo el 2 de marzo de 2025. Mulino, Milei, Noboa y Pe\u00f1a asistir\u00e1n como invitados especiales de la l\u00edder opositora venezolana, Mar\u00eda Corina Machado, cuando reciba el Premio Nobel de la Paz el 10 de diciembre de 2025 en Oslo. Foto: AFP<\/figcaption><\/figure>\n<h2 class=\"wp-block-heading\" id=\"h-la-congregacion-de-jefes-de-estado\"><strong>La congregaci\u00f3n de jefes de Estado<\/strong><\/h2>\n<p>Han confirmado su presencia los presidentes de Paraguay, Santiago Pe\u00f1a, y de Panam\u00e1, Jos\u00e9 Ra\u00fal Mulino. Tambi\u00e9n se sumar\u00e1n el presidente de Ecuador, Daniel Noboa, y el de Argentina, Javier Milei. Esta asistencia de varios jefes de Estado constituye un hecho de gran peso diplom\u00e1tico.<\/p>\n<p>Adicionalmente, se espera en Oslo la asistencia del l\u00edder opositor exiliado Edmundo Gonz\u00e1lez Urrutia, la figura electoral de la Plataforma Democr\u00e1tica. Esta congregaci\u00f3n de l\u00edderes es un mecanismo de presi\u00f3n diplom\u00e1tica regional que supera las declaraciones formales.<\/p>\n<p>Su presencia colectiva en Oslo es un respaldo expl\u00edcito a la causa democr\u00e1tica de Venezuela. Adem\u00e1s, representa un intento por solidificar una alianza internacional robusta contra el autoritarismo en Am\u00e9rica Latina. La ceremonia utiliza el prestigio global del Nobel como un catalizador potente.<\/p>\n<figure class=\"wp-block-image size-full\"><img loading=\"lazy\" decoding=\"async\" width=\"1920\" height=\"1230\" src=\"data:image\/png;base64,iVBORw0KGgoAAAANSUhEUgAAB4AAAATOAQAAAAADYwbqAAAAAnRSTlMAAHaTzTgAAAE1SURBVHja7cEBAQAAAIIg\/69uSEABAAAAAAAAAAAAAAAAAAAAAAAAAAAAAAAAAAAAAAAAAAAAAAAAAAAAAAAAAAAAAAAAAAAAAAAAAAAAAAAAAAAAAAAAAAAAAAAAAAAAAAAAAAAAAAAAAAAAAAAAAAAAAAAAAAAAAAAAAAAAAAAAAAAAAAAAAAAAAAAAAAAAAAAAAAAAAAAAAAAAAAAAAAAAAAAAAAAAAAAAAAAAAAAAAAAAAAAAAAAAAAAAAAAAAAAAAAAAAAAAAAAAAAAAAAAAAAAAAAAAAAAAAAAAAAAAAAAAAAAAAAAAAAAAAAAAAAAAAAAAAAAAAAAAAAAAAAAAAAAAAAAAAAAAAAAAAAAAAAAAAAAAAAAAAAAAAAAAAAAAAAAAAAAAAAAAAAAAAAAAADwahioAAQs0ecAAAAAASUVORK5CYII=\" alt=\"Mar\u00eda Corina Machado convoca a marcha mundial el s\u00e1bado por la paz y la libertad en Venezuela\" class=\"wp-image-2825392 lazyload\" data-src=\"https:\/\/elnacional-uploads.nyc3.digitaloceanspaces.com\/wp-content\/uploads\/2025\/11\/31144941\/Maria-Corina-Machado-2.jpg\" data-eio-rwidth=\"1920\" data-eio-rheight=\"1230\"\/><img loading=\"lazy\" decoding=\"async\" width=\"1920\" height=\"1230\" src=\"https:\/\/elnacional-uploads.nyc3.digitaloceanspaces.com\/wp-content\/uploads\/2025\/11\/31144941\/Maria-Corina-Machado-2.jpg\" alt=\"Mar\u00eda Corina Machado convoca a marcha mundial el s\u00e1bado por la paz y la libertad en Venezuela\" class=\"wp-image-2825392\" data-eio=\"l\"\/><figcaption class=\"wp-element-caption\">Mar\u00eda Corina Machado, l\u00edder de la oposici\u00f3n en Venezuela. Foto: Europa Press<\/figcaption><\/figure>\n<h2 class=\"wp-block-heading\" id=\"h-el-legado-venezolano-en-la-historia-del-nobel\"><strong>El legado venezolano en la historia del Nobel<\/strong><\/h2>\n<p>Mar\u00eda Corina Machado se convierte en la <strong>segunda ciudadana venezolana en ser galardonada<\/strong> con un Premio Nobel en la historia. Es tambi\u00e9n la primera mujer venezolana en recibir este honor en cualquier categor\u00eda del reconocimiento.<\/p>\n<p>El legado venezolano en los premios se bifurca entre la excelencia en el campo cient\u00edfico y la lucha en el \u00e1mbito pol\u00edtico. El precedente cient\u00edfico lo estableci\u00f3 el inmun\u00f3logo Baruj Benacerraf. Benacerraf fue co-laureado con el Premio Nobel de Fisiolog\u00eda o Medicina en 1980.<\/p>\n<p>El galard\u00f3n a Benacerraf fue otorgado por el descubrimiento de \u00abestructuras gen\u00e9ticamente determinadas en la superficie celular\u00bb. Este trabajo fue fundamental para la comprensi\u00f3n moderna de c\u00f3mo el cuerpo humano distingue entre c\u00e9lulas propias y ajenas, sentando las bases de la inmunolog\u00eda contempor\u00e1nea.<\/p>\n<h2 class=\"wp-block-heading\" id=\"h-ciencia-y-coraje-civico-dos-exilios\"><strong>Ciencia y coraje c\u00edvico: dos exilios<\/strong><\/h2>\n<p>Benacerraf representa la excelencia cient\u00edfica, a menudo lograda en la di\u00e1spora del talento venezolano fuera del pa\u00eds. Por otro lado, Machado representa la excelencia en la lucha por la libertad y la dignidad democr\u00e1tica.<\/p>\n<p>Esta lucha ha sido desarrollada en el contexto actual de la crisis pol\u00edtica interna y la represi\u00f3n. El v\u00ednculo de Venezuela con los Premios Nobel se inici\u00f3 tempranamente en el siglo XX. Las primeras nominaciones registradas a ciudadanos venezolanos datan del a\u00f1o 1908.<\/p>\n<p>Entre las figuras hist\u00f3ricas se encuentra Carlos Medina Chirinos, quien se convirti\u00f3 en el primer venezolano nominado oficialmente al Premio Nobel de la Paz en 1926. Machado no es solo la primera mujer venezolana ganadora del Nobel, sino la segunda en ser nominada al Premio de la Paz. Ambos honores, en ciencia y en paz, reflejan el potencial intelectual y el coraje c\u00edvico del pueblo venezolano.<\/p>\n<figure class=\"wp-block-embed is-type-video is-provider-youtube wp-block-embed-youtube wp-embed-aspect-16-9 wp-has-aspect-ratio\"\/><\/div>\n\n","protected":false},"excerpt":{"rendered":"<p>El presidente de Panam\u00e1, Jos\u00e9 Ra\u00fal Mulino (centro), llega al Grand Hotel de Oslo, Noruega, el 8 de diciembre de 2025. Foto: EFE\/ EPA\/ Cornelius Poppe La ceremonia de entrega del Premio Nobel de la Paz 2025 en Oslo, Noruega, ha trascendido su car\u00e1cter meramente protocolario. Se ha transformado, por la coyuntura pol\u00edtica, en un &hellip;<\/p>\n","protected":false},"author":1,"featured_media":53154,"comment_status":"open","ping_status":"open","sticky":false,"template":"","format":"standard","meta":{"fifu_image_url":"https:\/\/elnacional-uploads.nyc3.digitaloceanspaces.com\/wp-content\/uploads\/2025\/12\/08135741\/efe-Jose-Raul-Mulino.jpg","fifu_image_alt":"","footnotes":""},"categories":[4],"tags":[],"class_list":["post-53152","post","type-post","status-publish","format-standard","has-post-thumbnail","","category-historias-destacadas"],"_links":{"self":[{"href":"https:\/\/noticiasveraces.com\/index.php?rest_route=\/wp\/v2\/posts\/53152","targetHints":{"allow":["GET"]}}],"collection":[{"href":"https:\/\/noticiasveraces.com\/index.php?rest_route=\/wp\/v2\/posts"}],"about":[{"href":"https:\/\/noticiasveraces.com\/index.php?rest_route=\/wp\/v2\/types\/post"}],"author":[{"embeddable":true,"href":"https:\/\/noticiasveraces.com\/index.php?rest_route=\/wp\/v2\/users\/1"}],"replies":[{"embeddable":true,"href":"https:\/\/noticiasveraces.com\/index.php?rest_route=%2Fwp%2Fv2%2Fcomments&post=53152"}],"version-history":[{"count":0,"href":"https:\/\/noticiasveraces.com\/index.php?rest_route=\/wp\/v2\/posts\/53152\/revisions"}],"wp:featuredmedia":[{"embeddable":true,"href":"https:\/\/noticiasveraces.com\/index.php?rest_route=\/wp\/v2\/media\/53154"}],"wp:attachment":[{"href":"https:\/\/noticiasveraces.com\/index.php?rest_route=%2Fwp%2Fv2%2Fmedia&parent=53152"}],"wp:term":[{"taxonomy":"category","embeddable":true,"href":"https:\/\/noticiasveraces.com\/index.php?rest_route=%2Fwp%2Fv2%2Fcategories&post=53152"},{"taxonomy":"post_tag","embeddable":true,"href":"https:\/\/noticiasveraces.com\/index.php?rest_route=%2Fwp%2Fv2%2Ftags&post=53152"}],"curies":[{"name":"wp","href":"https:\/\/api.w.org\/{rel}","templated":true}]}}