{"id":53149,"date":"2025-12-09T05:06:01","date_gmt":"2025-12-09T09:06:01","guid":{"rendered":"https:\/\/noticiasveraces.com\/?p=53149"},"modified":"2025-12-09T05:06:01","modified_gmt":"2025-12-09T09:06:01","slug":"los-neurocientificos-dicen-que-el-cerebro-pasa-por-estas-cinco-etapas-a-lo-largo-de-la-vida","status":"publish","type":"post","link":"https:\/\/noticiasveraces.com\/?p=53149","title":{"rendered":"Los neurocient\u00edficos dicen que el cerebro pasa por estas cinco etapas a lo largo de la vida"},"content":{"rendered":"<p> \n<\/p>\n<div>\n<div id=\"beyondwords-wrapper\" class=\"beyondwords-wrapper\">\n<p><span class=\"label-bg\">NUEVO<\/span>\u00a1Ahora puedes escuchar los art\u00edculos de Fox News!\n  <\/p>\n<\/div>\n<p class=\"speakable\">Investigaciones anteriores han descubierto que el cerebro humano alcanza la madurez en alg\u00fan momento alrededor de los 20 a\u00f1os, pero un nuevo estudio sugiere que nunca deja de desarrollarse.<\/p>\n<p class=\"speakable\">Los neurocient\u00edficos de la Universidad de Cambridge han identificado \u00abcinco \u00e9pocas o etapas principales\u00bb de la estructura del cerebro, seg\u00fan un comunicado de prensa de la universidad.<\/p>\n<p>A lo largo de la vida, el cerebro \u00abse reconfigura para respaldar diferentes formas de pensar mientras crecemos, maduramos y, en \u00faltima instancia, decaemos\u00bb, anotaron los investigadores.<\/p>\n<p><strong>LA SE\u00d1AL DE ADVERTENCIA DE SALUD CEREBRAL PODR\u00cdA ESTAR OCULTA A LA VISTA, DICEN LOS INVESTIGADORES<\/strong><\/p>\n<p>El estudio, publicado en la revista Nature Communications y dirigido por la Unidad de Ciencias del Cerebro y Cognici\u00f3n del MRC de Cambridge, examin\u00f3 los cerebros de 3.802 personas entre el nacimiento y los 90 a\u00f1os.<\/p>\n<p>Se compararon mediante una resonancia magn\u00e9tica especializada que rastrea c\u00f3mo se mueven las mol\u00e9culas de agua a trav\u00e9s del tejido cerebral, afirmaron los investigadores.<\/p>\n<div class=\"image-ct inline\">\n<div class=\"m\"><picture><source media=\"(max-width: 767px)\" srcset=\"https:\/\/a57.foxnews.com\/static.foxnews.com\/foxnews.com\/content\/uploads\/2025\/12\/343\/192\/brain-eras-cambridge.jpg?ve=1&amp;tl=1, https:\/\/a57.foxnews.com\/static.foxnews.com\/foxnews.com\/content\/uploads\/2025\/12\/686\/384\/brain-eras-cambridge.jpg?ve=1&amp;tl=1 2x\" height=\"192\" width=\"343\"><source media=\"(min-width: 768px) and (max-width: 1023px)\" srcset=\"https:\/\/a57.foxnews.com\/static.foxnews.com\/foxnews.com\/content\/uploads\/2025\/12\/672\/378\/brain-eras-cambridge.jpg?ve=1&amp;tl=1, https:\/\/a57.foxnews.com\/static.foxnews.com\/foxnews.com\/content\/uploads\/2025\/12\/1344\/756\/brain-eras-cambridge.jpg?ve=1&amp;tl=1 2x\" height=\"378\" width=\"672\"><source media=\"(min-width: 1024px) and (max-width: 1279px)\" srcset=\"https:\/\/a57.foxnews.com\/static.foxnews.com\/foxnews.com\/content\/uploads\/2025\/12\/931\/523\/brain-eras-cambridge.jpg?ve=1&amp;tl=1, https:\/\/a57.foxnews.com\/static.foxnews.com\/foxnews.com\/content\/uploads\/2025\/12\/1862\/1046\/brain-eras-cambridge.jpg?ve=1&amp;tl=1 2x\" height=\"523\" width=\"931\"><source media=\"(min-width: 1280px)\" srcset=\"https:\/\/a57.foxnews.com\/static.foxnews.com\/foxnews.com\/content\/uploads\/2025\/12\/720\/405\/brain-eras-cambridge.jpg?ve=1&amp;tl=1, https:\/\/a57.foxnews.com\/static.foxnews.com\/foxnews.com\/content\/uploads\/2025\/12\/1440\/810\/brain-eras-cambridge.jpg?ve=1&amp;tl=1 2x\" height=\"405\" width=\"720\"><img loading=\"lazy\" decoding=\"async\" src=\"https:\/\/a57.foxnews.com\/static.foxnews.com\/foxnews.com\/content\/uploads\/2025\/12\/1200\/675\/brain-eras-cambridge.jpg?ve=1&amp;tl=1\" alt=\"Las cinco etapas del desarrollo del cerebro\" width=\"1200\" height=\"675\"\/><\/source><\/source><\/source><\/source><\/picture><\/div>\n<div class=\"info\">\n<div class=\"caption\">\n<p><span>Se muestran im\u00e1genes representativas de tractograf\u00eda por resonancia magn\u00e9tica para cada era del cerebro humano, lo que indica el patr\u00f3n general observado en los cerebros del estudio.<\/span> <span>(Dra. Alexa Mousley, Universidad de Cambridge)<\/span><\/p>\n<\/div>\n<\/div>\n<\/div>\n<p>El estudio identific\u00f3 las siguientes cinco fases generales de la estructura cerebral, separadas en cuatro \u00abpuntos de inflexi\u00f3n\u00bb entre el nacimiento y la muerte.<\/p>\n<h2>1. Infancia: Del nacimiento a los 9 a\u00f1os<\/h2>\n<p>En la era infantil del cerebro, se produce un r\u00e1pido crecimiento y \u00abconsolidaci\u00f3n de redes\u00bb, incluida la expansi\u00f3n de la materia gris y blanca y la estabilizaci\u00f3n de la superficie cerebral. Seg\u00fan los investigadores, la materia gris es responsable de procesar la informaci\u00f3n en el cerebro, mientras que la materia blanca permite la comunicaci\u00f3n.<\/p>\n<p>Tambi\u00e9n hay una sobreproducci\u00f3n de conectores neuronales, o sinapsis, que se reducen para que s\u00f3lo sobrevivan las m\u00e1s activas.<\/p>\n<p><strong>EL ENVEJECIMIENTO DEL CEREBRO PUEDE DISMINUIRSE CON EL T\u00c9 VERDE, LAS NUECES Y UNA PEQUE\u00d1A PLANTA DE PANTANO, ENCUENTRA UN ESTUDIO<\/strong><\/p>\n<p>\u00abEn todo el cerebro, las conexiones se reconfiguran siguiendo el mismo patr\u00f3n desde el nacimiento hasta aproximadamente los 9 a\u00f1os\u00bb, anotaron los investigadores.<\/p>\n<p>A los 9 a\u00f1os, el cerebro experimenta un \u00abcambio radical\u00bb en la capacidad cognitiva y un mayor riesgo de sufrir trastornos de salud mental.<\/p>\n<h2>2. Adolescencia: 9 a 32 a\u00f1os<\/h2>\n<p>En la etapa de la adolescencia, que dura en promedio hasta los 32 a\u00f1os, contin\u00faa el crecimiento de la materia blanca, mientras que las redes de comunicaci\u00f3n del cerebro se vuelven m\u00e1s refinadas y eficientes.<\/p>\n<p>Tambi\u00e9n hay un aumento en la conectividad, lo que mejora el desarrollo cognitivo y el aprendizaje, encontr\u00f3 el estudio.<\/p>\n<div class=\"image-ct inline\">\n<div class=\"m\"><picture><source media=\"(max-width: 767px)\" srcset=\"https:\/\/a57.foxnews.com\/static.foxnews.com\/foxnews.com\/content\/uploads\/2025\/08\/343\/192\/neurologist-brain-scan.jpg?ve=1&amp;tl=1, https:\/\/a57.foxnews.com\/static.foxnews.com\/foxnews.com\/content\/uploads\/2025\/08\/686\/384\/neurologist-brain-scan.jpg?ve=1&amp;tl=1 2x\" height=\"192\" width=\"343\"><source media=\"(min-width: 768px) and (max-width: 1023px)\" srcset=\"https:\/\/a57.foxnews.com\/static.foxnews.com\/foxnews.com\/content\/uploads\/2025\/08\/672\/378\/neurologist-brain-scan.jpg?ve=1&amp;tl=1, https:\/\/a57.foxnews.com\/static.foxnews.com\/foxnews.com\/content\/uploads\/2025\/08\/1344\/756\/neurologist-brain-scan.jpg?ve=1&amp;tl=1 2x\" height=\"378\" width=\"672\"><source media=\"(min-width: 1024px) and (max-width: 1279px)\" srcset=\"https:\/\/a57.foxnews.com\/static.foxnews.com\/foxnews.com\/content\/uploads\/2025\/08\/931\/523\/neurologist-brain-scan.jpg?ve=1&amp;tl=1, https:\/\/a57.foxnews.com\/static.foxnews.com\/foxnews.com\/content\/uploads\/2025\/08\/1862\/1046\/neurologist-brain-scan.jpg?ve=1&amp;tl=1 2x\" height=\"523\" width=\"931\"><source media=\"(min-width: 1280px)\" srcset=\"https:\/\/a57.foxnews.com\/static.foxnews.com\/foxnews.com\/content\/uploads\/2025\/08\/720\/405\/neurologist-brain-scan.jpg?ve=1&amp;tl=1, https:\/\/a57.foxnews.com\/static.foxnews.com\/foxnews.com\/content\/uploads\/2025\/08\/1440\/810\/neurologist-brain-scan.jpg?ve=1&amp;tl=1 2x\" height=\"405\" width=\"720\"><img loading=\"lazy\" decoding=\"async\" src=\"https:\/\/a57.foxnews.com\/static.foxnews.com\/foxnews.com\/content\/uploads\/2025\/08\/1200\/675\/neurologist-brain-scan.jpg?ve=1&amp;tl=1\" alt=\"El m\u00e9dico examina los esc\u00e1neres cerebrales.\" width=\"1200\" height=\"675\"\/><\/source><\/source><\/source><\/source><\/picture><\/div>\n<div class=\"info\">\n<div class=\"caption\">\n<p><span>La primera era de desarrollo del cerebro ocurre entre el nacimiento y los 9 a\u00f1os, e implica una afluencia de conectores neuronales y materia cerebral.<\/span> <span>(iStock)<\/span><\/p>\n<\/div>\n<\/div>\n<\/div>\n<p>Estos desarrollos alcanzan su punto m\u00e1ximo a principios de los a\u00f1os 30, lo que se define como el \u00abpunto de inflexi\u00f3n topol\u00f3gico m\u00e1s fuerte\u00bb de toda la vida.<\/p>\n<p>Alrededor de los 32 a\u00f1os, se producen \u00abla mayor cantidad de cambios direccionales en el cableado y el mayor cambio general en la trayectoria\u00bb, escribi\u00f3 en un comunicado la investigadora principal, la Dra. Alexa Mousley, becaria de Gates Cambridge.<\/p>\n<p>\u00abSi bien la pubertad ofrece un comienzo claro, el final de la adolescencia es mucho m\u00e1s dif\u00edcil de precisar cient\u00edficamente\u00bb, afirm\u00f3. \u00abBas\u00e1ndonos \u00fanicamente en la arquitectura neuronal, descubrimos que los cambios en la estructura cerebral similares a los de los adolescentes terminan alrededor de los 30 a\u00f1os\u00bb.<\/p>\n<h2>3. Edad adulta: 32 a 66 a\u00f1os<\/h2>\n<p>La edad adulta es la era m\u00e1s larga de desarrollo del cerebro y dura m\u00e1s de tres d\u00e9cadas. En esta etapa, la arquitectura del cerebro se estabiliza sin grandes puntos de inflexi\u00f3n, lo que corresponde a una \u00abmeseta en la inteligencia y la personalidad\u00bb, seg\u00fan los investigadores se hicieron eco de otros estudios.<\/p>\n<p>Mientras tanto, las regiones del cerebro durante la edad adulta se vuelven m\u00e1s compartimentadas o \u00absegregadas\u00bb.<\/p>\n<h2>4. Envejecimiento temprano: 66 a 83 a\u00f1os<\/h2>\n<p>Alrededor del a\u00f1o 66, no hay cambios estructurales importantes, pero los investigadores a\u00fan se\u00f1alaron \u00abcambios significativos\u00bb en el patr\u00f3n de las redes cerebrales. Esta reorganizaci\u00f3n probablemente est\u00e9 relacionada con el envejecimiento general, coincidiendo con una conectividad reducida y la degeneraci\u00f3n de la materia blanca.<\/p>\n<p>Seg\u00fan Mousley, las personas a esta edad enfrentan un mayor riesgo de sufrir problemas de salud que pueden afectar el cerebro, como la hipertensi\u00f3n.<\/p>\n<div class=\"image-ct inline\">\n<div class=\"m\"><picture><source media=\"(max-width: 767px)\" srcset=\"https:\/\/a57.foxnews.com\/static.foxnews.com\/foxnews.com\/content\/uploads\/2025\/12\/343\/192\/doctors-brain-scans.jpg?ve=1&amp;tl=1, https:\/\/a57.foxnews.com\/static.foxnews.com\/foxnews.com\/content\/uploads\/2025\/12\/686\/384\/doctors-brain-scans.jpg?ve=1&amp;tl=1 2x\" height=\"192\" width=\"343\"><source media=\"(min-width: 768px) and (max-width: 1023px)\" srcset=\"https:\/\/a57.foxnews.com\/static.foxnews.com\/foxnews.com\/content\/uploads\/2025\/12\/672\/378\/doctors-brain-scans.jpg?ve=1&amp;tl=1, https:\/\/a57.foxnews.com\/static.foxnews.com\/foxnews.com\/content\/uploads\/2025\/12\/1344\/756\/doctors-brain-scans.jpg?ve=1&amp;tl=1 2x\" height=\"378\" width=\"672\"><source media=\"(min-width: 1024px) and (max-width: 1279px)\" srcset=\"https:\/\/a57.foxnews.com\/static.foxnews.com\/foxnews.com\/content\/uploads\/2025\/12\/931\/523\/doctors-brain-scans.jpg?ve=1&amp;tl=1, https:\/\/a57.foxnews.com\/static.foxnews.com\/foxnews.com\/content\/uploads\/2025\/12\/1862\/1046\/doctors-brain-scans.jpg?ve=1&amp;tl=1 2x\" height=\"523\" width=\"931\"><source media=\"(min-width: 1280px)\" srcset=\"https:\/\/a57.foxnews.com\/static.foxnews.com\/foxnews.com\/content\/uploads\/2025\/12\/720\/405\/doctors-brain-scans.jpg?ve=1&amp;tl=1, https:\/\/a57.foxnews.com\/static.foxnews.com\/foxnews.com\/content\/uploads\/2025\/12\/1440\/810\/doctors-brain-scans.jpg?ve=1&amp;tl=1 2x\" height=\"405\" width=\"720\"><img loading=\"lazy\" decoding=\"async\" src=\"https:\/\/a57.foxnews.com\/static.foxnews.com\/foxnews.com\/content\/uploads\/2025\/12\/1200\/675\/doctors-brain-scans.jpg?ve=1&amp;tl=1\" alt=\"M\u00e9dicos femeninos y masculinos examinan un esc\u00e1ner cerebral\" width=\"1200\" height=\"675\"\/><\/source><\/source><\/source><\/source><\/picture><\/div>\n<div class=\"info\">\n<div class=\"caption\">\n<p><span>La edad adulta en el cerebro se corresponde con una \u00abmeseta en la inteligencia y la personalidad\u00bb, anotaron los investigadores.<\/span> <span>(iStock)<\/span><\/p>\n<\/div>\n<\/div>\n<\/div>\n<h2>5. Envejecimiento tard\u00edo: 83 a\u00f1os y m\u00e1s<\/h2>\n<p>La estructura cerebral final se produce alrededor de los 83 a\u00f1os. Si bien los datos son limitados para esta era, hay un cambio notable en la disminuci\u00f3n de la conectividad cerebral y una mayor dependencia de ciertas regiones, anotaron los investigadores.<\/p>\n<p><strong>HAGA CLIC AQU\u00cd PARA M\u00c1S HISTORIAS DE SALUD<\/strong><\/p>\n<h2>&#8216;Contexto importante&#8217;<\/h2>\n<p>El autor principal Duncan Astle, profesor de neuroinform\u00e1tica en Cambridge, coment\u00f3 en un comunicado que \u00abmuchas afecciones neurol\u00f3gicas, de salud mental y de desarrollo neurol\u00f3gico est\u00e1n relacionadas con la forma en que est\u00e1 conectado el cerebro\u00bb.<\/p>\n<div class=\"image-ct inline\">\n<div class=\"m\"><picture><source media=\"(max-width: 767px)\" srcset=\"https:\/\/a57.foxnews.com\/static.foxnews.com\/foxnews.com\/content\/uploads\/2024\/12\/343\/192\/istock-1160196463.jpg?ve=1&amp;tl=1, https:\/\/a57.foxnews.com\/static.foxnews.com\/foxnews.com\/content\/uploads\/2024\/12\/686\/384\/istock-1160196463.jpg?ve=1&amp;tl=1 2x\" height=\"192\" width=\"343\"><source media=\"(min-width: 768px) and (max-width: 1023px)\" srcset=\"https:\/\/a57.foxnews.com\/static.foxnews.com\/foxnews.com\/content\/uploads\/2024\/12\/672\/378\/istock-1160196463.jpg?ve=1&amp;tl=1, https:\/\/a57.foxnews.com\/static.foxnews.com\/foxnews.com\/content\/uploads\/2024\/12\/1344\/756\/istock-1160196463.jpg?ve=1&amp;tl=1 2x\" height=\"378\" width=\"672\"><source media=\"(min-width: 1024px) and (max-width: 1279px)\" srcset=\"https:\/\/a57.foxnews.com\/static.foxnews.com\/foxnews.com\/content\/uploads\/2024\/12\/931\/523\/istock-1160196463.jpg?ve=1&amp;tl=1, https:\/\/a57.foxnews.com\/static.foxnews.com\/foxnews.com\/content\/uploads\/2024\/12\/1862\/1046\/istock-1160196463.jpg?ve=1&amp;tl=1 2x\" height=\"523\" width=\"931\"><source media=\"(min-width: 1280px)\" srcset=\"https:\/\/a57.foxnews.com\/static.foxnews.com\/foxnews.com\/content\/uploads\/2024\/12\/720\/405\/istock-1160196463.jpg?ve=1&amp;tl=1, https:\/\/a57.foxnews.com\/static.foxnews.com\/foxnews.com\/content\/uploads\/2024\/12\/1440\/810\/istock-1160196463.jpg?ve=1&amp;tl=1 2x\" height=\"405\" width=\"720\"><img loading=\"lazy\" decoding=\"async\" src=\"https:\/\/a57.foxnews.com\/static.foxnews.com\/foxnews.com\/content\/uploads\/2024\/12\/1200\/675\/istock-1160196463.jpg?ve=1&amp;tl=1\" alt=\"enfermera cogidos de la mano con un paciente mayor\" width=\"1200\" height=\"675\"\/><\/source><\/source><\/source><\/source><\/picture><\/div>\n<div class=\"info\">\n<div class=\"caption\">\n<p><span>La estructura cerebral final se produce alrededor de los 83 a\u00f1os, cuando se produce un cambio notable en la disminuci\u00f3n de la conectividad cerebral.<\/span> <span>(iStock)<\/span><\/p>\n<\/div>\n<\/div>\n<\/div>\n<p>\u00abDe hecho, las diferencias en el cableado cerebral predicen dificultades con la atenci\u00f3n, el lenguaje, la memoria y una gran cantidad de comportamientos diferentes\u00bb, dijo.<\/p>\n<p>\u00abComprender que el viaje estructural del cerebro no es una cuesti\u00f3n de progresi\u00f3n constante, sino m\u00e1s bien uno de los principales puntos de inflexi\u00f3n, nos ayudar\u00e1 a identificar cu\u00e1ndo y c\u00f3mo su cableado es vulnerable a la interrupci\u00f3n\u00bb.<\/p>\n<p><strong>PRUEBA CON NUESTRO \u00daLTIMO QUIZ DE ESTILO DE VIDA<\/strong><\/p>\n<p>Esta investigaci\u00f3n es la primera en identificar las principales fases del cableado cerebral a lo largo de la vida humana, coment\u00f3 Mousley.<\/p>\n<p>\u00abEstas eras proporcionan un contexto importante sobre aquello en lo que nuestros cerebros podr\u00edan ser mejores o m\u00e1s vulnerables en diferentes etapas de nuestras vidas\u00bb, dijo. \u00abPodr\u00eda ayudarnos a comprender por qu\u00e9 algunos cerebros se desarrollan de manera diferente en momentos clave de la vida, ya sean dificultades de aprendizaje en la infancia o demencia en nuestros \u00faltimos a\u00f1os\u00bb.<\/p>\n<p>En entrevista con Fox News Digital, el Dr. Paul Saphier, neurocirujano y fundador de Coaxial Neurosurgical Specialists en Nueva Jersey, coment\u00f3 que aunque est\u00e1 de acuerdo con el concepto de etapas del envejecimiento cerebral, la \u00absegregaci\u00f3n que propusieron es un poco amplia\u00bb.<\/p>\n<p><strong>HAGA CLIC AQU\u00cd PARA SUSCRIBIRSE A NUESTRO BOLET\u00cdN DE SALUD<\/strong><\/p>\n<p>\u00abCreo que hay hitos fundamentales m\u00e1s discretos en el envejecimiento m\u00e1s temprano\u00bb, dijo. \u00abDesde el nacimiento hasta los 9 a\u00f1os se producen cambios sustanciales\u00bb.<\/p>\n<p>Saphier, que no particip\u00f3 en el estudio, se\u00f1al\u00f3 que ciertos factores pueden influir en el envejecimiento cerebral, como estimular el desarrollo cerebral de los ni\u00f1os con habilidades verbales, escritas, matem\u00e1ticas y musicales.<\/p>\n<div class=\"image-ct inline\">\n<div class=\"m\"><picture><source media=\"(max-width: 767px)\" srcset=\"https:\/\/a57.foxnews.com\/static.foxnews.com\/foxnews.com\/content\/uploads\/2025\/12\/343\/192\/couple-doing-crosswords.jpg?ve=1&amp;tl=1, https:\/\/a57.foxnews.com\/static.foxnews.com\/foxnews.com\/content\/uploads\/2025\/12\/686\/384\/couple-doing-crosswords.jpg?ve=1&amp;tl=1 2x\" height=\"192\" width=\"343\"><source media=\"(min-width: 768px) and (max-width: 1023px)\" srcset=\"https:\/\/a57.foxnews.com\/static.foxnews.com\/foxnews.com\/content\/uploads\/2025\/12\/672\/378\/couple-doing-crosswords.jpg?ve=1&amp;tl=1, https:\/\/a57.foxnews.com\/static.foxnews.com\/foxnews.com\/content\/uploads\/2025\/12\/1344\/756\/couple-doing-crosswords.jpg?ve=1&amp;tl=1 2x\" height=\"378\" width=\"672\"><source media=\"(min-width: 1024px) and (max-width: 1279px)\" srcset=\"https:\/\/a57.foxnews.com\/static.foxnews.com\/foxnews.com\/content\/uploads\/2025\/12\/931\/523\/couple-doing-crosswords.jpg?ve=1&amp;tl=1, https:\/\/a57.foxnews.com\/static.foxnews.com\/foxnews.com\/content\/uploads\/2025\/12\/1862\/1046\/couple-doing-crosswords.jpg?ve=1&amp;tl=1 2x\" height=\"523\" width=\"931\"><source media=\"(min-width: 1280px)\" srcset=\"https:\/\/a57.foxnews.com\/static.foxnews.com\/foxnews.com\/content\/uploads\/2025\/12\/720\/405\/couple-doing-crosswords.jpg?ve=1&amp;tl=1, https:\/\/a57.foxnews.com\/static.foxnews.com\/foxnews.com\/content\/uploads\/2025\/12\/1440\/810\/couple-doing-crosswords.jpg?ve=1&amp;tl=1 2x\" height=\"405\" width=\"720\"><img loading=\"lazy\" decoding=\"async\" src=\"https:\/\/a57.foxnews.com\/static.foxnews.com\/foxnews.com\/content\/uploads\/2025\/12\/1200\/675\/couple-doing-crosswords.jpg?ve=1&amp;tl=1\" alt=\"Pareja haciendo crucigramas - salud cerebral\" width=\"1200\" height=\"675\"\/><\/source><\/source><\/source><\/source><\/picture><\/div>\n<div class=\"info\">\n<div class=\"caption\">\n<p><span>\u00abComprender que el viaje estructural del cerebro no es una cuesti\u00f3n de progresi\u00f3n constante, sino m\u00e1s bien uno de los principales puntos de inflexi\u00f3n, nos ayudar\u00e1 a identificar cu\u00e1ndo y c\u00f3mo su cableado es vulnerable a la interrupci\u00f3n\u00bb.<\/span> <span>(iStock)<\/span><\/p>\n<\/div>\n<\/div>\n<\/div>\n<p>\u00abEn el extremo opuesto del espectro, continuar con estas tareas ayuda a prevenir el envejecimiento acelerado en los \u00faltimos a\u00f1os de la vida\u00bb, afirm\u00f3.<\/p>\n<p><strong>HAGA CLIC AQU\u00cd PARA DESCARGAR LA APLICACI\u00d3N FOX NEWS<\/strong><\/p>\n<p>Seg\u00fan el experto, los factores del estilo de vida, como una dieta saludable, una ingesta limitada de alcohol y evitar el consumo de drogas il\u00edcitas y fumar, tambi\u00e9n pueden ayudar a promover la salud cerebral a largo plazo.<\/p>\n<p>Saphier a\u00f1adi\u00f3: \u00abTambi\u00e9n sabemos por investigaciones en las &#8216;zonas azules&#8217; que las personas que viven en comunidades socialmente activas y evitan el aislamiento tambi\u00e9n tienen una mayor salud cerebral y longevidad con tasas m\u00e1s bajas de demencia\u00bb.<\/p>\n<p> <!----> <\/p>\n<div class=\"article-meta\">\n<div class=\"author-bio\">\n<p>Angelica Stabile es reportera de estilo de vida de Fox News Digital.<\/p>\n<\/div>\n<\/div>\n<\/div>\n\n","protected":false},"excerpt":{"rendered":"<p>NUEVO\u00a1Ahora puedes escuchar los art\u00edculos de Fox News! Investigaciones anteriores han descubierto que el cerebro humano alcanza la madurez en alg\u00fan momento alrededor de los 20 a\u00f1os, pero un nuevo estudio sugiere que nunca deja de desarrollarse. Los neurocient\u00edficos de la Universidad de Cambridge han identificado \u00abcinco \u00e9pocas o etapas principales\u00bb de la estructura del &hellip;<\/p>\n","protected":false},"author":1,"featured_media":53151,"comment_status":"open","ping_status":"open","sticky":false,"template":"","format":"standard","meta":{"fifu_image_url":"https:\/\/a57.foxnews.com\/static.foxnews.com\/foxnews.com\/content\/uploads\/2025\/12\/1200\/675\/brain-eras-cambridge.jpg?ve=1&tl=1","fifu_image_alt":"","footnotes":""},"categories":[8],"tags":[],"class_list":["post-53149","post","type-post","status-publish","format-standard","has-post-thumbnail","","category-salud"],"_links":{"self":[{"href":"https:\/\/noticiasveraces.com\/index.php?rest_route=\/wp\/v2\/posts\/53149","targetHints":{"allow":["GET"]}}],"collection":[{"href":"https:\/\/noticiasveraces.com\/index.php?rest_route=\/wp\/v2\/posts"}],"about":[{"href":"https:\/\/noticiasveraces.com\/index.php?rest_route=\/wp\/v2\/types\/post"}],"author":[{"embeddable":true,"href":"https:\/\/noticiasveraces.com\/index.php?rest_route=\/wp\/v2\/users\/1"}],"replies":[{"embeddable":true,"href":"https:\/\/noticiasveraces.com\/index.php?rest_route=%2Fwp%2Fv2%2Fcomments&post=53149"}],"version-history":[{"count":0,"href":"https:\/\/noticiasveraces.com\/index.php?rest_route=\/wp\/v2\/posts\/53149\/revisions"}],"wp:featuredmedia":[{"embeddable":true,"href":"https:\/\/noticiasveraces.com\/index.php?rest_route=\/wp\/v2\/media\/53151"}],"wp:attachment":[{"href":"https:\/\/noticiasveraces.com\/index.php?rest_route=%2Fwp%2Fv2%2Fmedia&parent=53149"}],"wp:term":[{"taxonomy":"category","embeddable":true,"href":"https:\/\/noticiasveraces.com\/index.php?rest_route=%2Fwp%2Fv2%2Fcategories&post=53149"},{"taxonomy":"post_tag","embeddable":true,"href":"https:\/\/noticiasveraces.com\/index.php?rest_route=%2Fwp%2Fv2%2Ftags&post=53149"}],"curies":[{"name":"wp","href":"https:\/\/api.w.org\/{rel}","templated":true}]}}