{"id":53141,"date":"2025-12-09T03:42:52","date_gmt":"2025-12-09T07:42:52","guid":{"rendered":"https:\/\/noticiasveraces.com\/?p=53141"},"modified":"2025-12-09T03:42:52","modified_gmt":"2025-12-09T07:42:52","slug":"jep-alerto-sobre-traslados-arbitrarios-de-varios-presos-politicos-el-diario-venezuela","status":"publish","type":"post","link":"https:\/\/noticiasveraces.com\/?p=53141","title":{"rendered":"JEP alert\u00f3 sobre traslados \u201carbitrarios\u201d de varios presos pol\u00edticos &#8211; El Diario Venezuela"},"content":{"rendered":"<p> \n<\/p>\n<div>\n<p>La organizaci\u00f3n no gubernamental (ONG) <strong>Justicia, Encuentro y Perd\u00f3n (JEP) <\/strong>inform\u00f3 el 8 de diciembre que ha recibido m\u00faltiples reportes de familiares de <strong>personas presas por motivos pol\u00edticos<\/strong> que, al acudir a los centros de reclusi\u00f3n para llevar alimentos e insumos esenciales, se han encontrado con que s<strong>us parientes fueron trasladados a otros centros de reclusi\u00f3n sin previo aviso.<\/strong><\/p>\n<div class=\"ruby-table-contents rbtoc table-fw\">\n<ul class=\"toc-content h5\">\n<li>Denuncia sobre traslado del periodista Rory Branker<\/li>\n<li>Sobre los presos pol\u00edticos en Venezuela<\/li>\n<\/ul>\n<\/div>\n<p>De acuerdo con una publicaci\u00f3n en X, <strong>JEP catalog\u00f3 los traslados como \u201carbitrarios\u201d y asegur\u00f3 que son ejecutados sin que exista una orden judicial.<\/strong><\/p>\n<p>\u201cEste patr\u00f3n persistente de traslados intercarcelarios arbitrarios, ejecutados sin orden judicial y sin notificaci\u00f3n adecuada a las familias ni a los abogados de confianza, <strong>constituye una grave violaci\u00f3n a los est\u00e1ndares nacionales e internacionales que protegen el derecho a la integridad, la seguridad personal y el debido proceso\u201d<\/strong>escribi\u00f3 la ONG.<\/p>\n<figure class=\"wp-block-image size-large\"><img fetchpriority=\"high\" decoding=\"async\" width=\"1200\" height=\"800\" src=\"https:\/\/eldiario.com\/wp-content\/uploads\/2025\/12\/Diseno-sin-titulo-1200x800.jpg\" alt=\"JEP alert\u00f3 sobre traslados \u201carbitrarios\u201d de varios presos pol\u00edticos\" class=\"wp-image-832079\" srcset=\"https:\/\/eldiario.com\/wp-content\/uploads\/2025\/12\/Diseno-sin-titulo-1200x800.jpg 1200w, https:\/\/eldiario.com\/wp-content\/uploads\/2025\/12\/Diseno-sin-titulo-300x200.jpg 300w, https:\/\/eldiario.com\/wp-content\/uploads\/2025\/12\/Diseno-sin-titulo-768x512.jpg 768w, https:\/\/eldiario.com\/wp-content\/uploads\/2025\/12\/Diseno-sin-titulo-1536x1024.jpg 1536w, https:\/\/eldiario.com\/wp-content\/uploads\/2025\/12\/Diseno-sin-titulo-330x220.jpg 330w, https:\/\/eldiario.com\/wp-content\/uploads\/2025\/12\/Diseno-sin-titulo-420x280.jpg 420w, https:\/\/eldiario.com\/wp-content\/uploads\/2025\/12\/Diseno-sin-titulo-615x410.jpg 615w, https:\/\/eldiario.com\/wp-content\/uploads\/2025\/12\/Diseno-sin-titulo-860x574.jpg 860w, https:\/\/eldiario.com\/wp-content\/uploads\/2025\/12\/Diseno-sin-titulo-150x100.jpg 150w, https:\/\/eldiario.com\/wp-content\/uploads\/2025\/12\/Diseno-sin-titulo.jpg 1600w\" sizes=\"(max-width: 1200px) 100vw, 1200px\"\/><\/figure>\n<p>La organizaci\u00f3n advirti\u00f3 que estos hechos no solo interrumpen la comunicaci\u00f3n de las personas detenidas con sus allegados y defensores, sino que tambi\u00e9n<strong> incrementan el riesgo de malos tratos, aislamiento forzado y situaciones que comprometan su salud o su vida.<\/strong><\/p>\n<p>Frente a este escenario,<strong> la ONG exhort\u00f3 a las autoridades a proporcionar informaci\u00f3n oportuna, veraz y completa sobre cada persona trasladada<\/strong>y asegurar que cualquier movimiento entre centros de reclusi\u00f3n se haga \u00fanicamente con autorizaci\u00f3n judicial, justificaci\u00f3n legal y notificaci\u00f3n inmediata a familiares y abogados.<\/p>\n<p>\u201c<strong>Nuestra organizaci\u00f3n permanece en alerta, monitoreando cada caso<\/strong> y acompa\u00f1ando a las familias frente a este nuevo episodio de incertidumbre e irrespeto a las normas b\u00e1sicas de protecci\u00f3n de la dignidad humana\u201d, dijo.<\/p>\n<h2 id=\"denuncia-sobre-traslado-del-periodista-rory-branker\" class=\"rb-heading-index-0-832077 wp-block-heading\"><strong>Denuncia sobre traslado del periodista Rory Branker<\/strong><\/h2>\n<p><strong>Familiares del periodista Rory Branke denunciaron el 8 de diciembre que el comunicador fue trasladado a otro centro de reclusi\u00f3n<\/strong>sin embargo, se desconoce su paradero. <\/p>\n<p>Desde la cuenta de X @LiberenRBranker <strong>alertaron que la medida se realiz\u00f3 sin informar a los abogados de Branke ni a sus familiares. <\/strong><\/p>\n<figure class=\"wp-block-image size-large\"><picture loading=\"lazy\" decoding=\"async\" class=\"wp-image-775086\"><source type=\"image\/webp\" srcset=\"https:\/\/eldiario.com\/wp-content\/uploads\/2025\/02\/rory-branker-1200x725.png.webp 1200w, https:\/\/eldiario.com\/wp-content\/uploads\/2025\/02\/rory-branker-300x181.png.webp 300w, https:\/\/eldiario.com\/wp-content\/uploads\/2025\/02\/rory-branker-768x464.png.webp 768w, https:\/\/eldiario.com\/wp-content\/uploads\/2025\/02\/rory-branker-1536x927.png.webp 1536w, https:\/\/eldiario.com\/wp-content\/uploads\/2025\/02\/rory-branker-860x519.png.webp 860w, https:\/\/eldiario.com\/wp-content\/uploads\/2025\/02\/rory-branker-150x91.png.webp 150w, https:\/\/eldiario.com\/wp-content\/uploads\/2025\/02\/rory-branker.png.webp 1600w\" sizes=\"(max-width: 1200px) 100vw, 1200px\"\/><img loading=\"lazy\" decoding=\"async\" width=\"1200\" height=\"725\" src=\"https:\/\/eldiario.com\/wp-content\/uploads\/2025\/02\/rory-branker-1200x725.png\" alt=\"Lo que se sabe sobre la detenci\u00f3n del periodista de La Patilla Rory Branker\" srcset=\"https:\/\/eldiario.com\/wp-content\/uploads\/2025\/02\/rory-branker-1200x725.png 1200w, https:\/\/eldiario.com\/wp-content\/uploads\/2025\/02\/rory-branker-300x181.png 300w, https:\/\/eldiario.com\/wp-content\/uploads\/2025\/02\/rory-branker-768x464.png 768w, https:\/\/eldiario.com\/wp-content\/uploads\/2025\/02\/rory-branker-1536x927.png 1536w, https:\/\/eldiario.com\/wp-content\/uploads\/2025\/02\/rory-branker-860x519.png 860w, https:\/\/eldiario.com\/wp-content\/uploads\/2025\/02\/rory-branker-150x91.png 150w, https:\/\/eldiario.com\/wp-content\/uploads\/2025\/02\/rory-branker.png 1600w\" sizes=\"auto, (max-width: 1200px) 100vw, 1200px\"\/>\n<\/picture><figcaption class=\"wp-element-caption\">Foto: Cortes\u00eda\/La Patilla<\/figcaption><\/figure>\n<p>\u201cRory nuevamente est\u00e1 en desaparici\u00f3n forzada. Poder medidas cautelares de la CIDH por haber sido v\u00edctima de esta violaci\u00f3n a sus DD HH por m\u00e1s de 200 d\u00edas y lamentablemente hoy nuevamente se encuentra en absoluta vulnerabilidad\u201d, se lee en la publicaci\u00f3n. <\/p>\n<h2 id=\"sobre-los-presos-politicos-en-venezuela\" class=\"rb-heading-index-1-832077 wp-block-heading\"><strong>Sobre los presos pol\u00edticos en Venezuela<\/strong><\/h2>\n<p>El 4 de diciembre, la ONG<strong> Foro Penal inform\u00f3 que, hasta el 1\u00b0 de diciembre, hab\u00eda 887 presos pol\u00edticos en el pa\u00eds<\/strong>de los cuales 60 permanecen desaparecidos. Recalc\u00f3 que 85 de los detenidos son extranjeros.<\/p>\n<p>En su balance publicado el 4 de diciembre, la ONG detall\u00f3 que del total de detenidos,<strong> 770 son hombres y 117 mujeres, mientras que 713 son civiles y 174 militares<\/strong>. Adem\u00e1s, indic\u00f3 que entre los detenidos <strong>hay 4 adolescentes<\/strong> con edades comprendidas entre los 14 y 17 a\u00f1os.<\/p>\n<p>Previamente, JEP report\u00f3 el 3 de diciembre un total de<strong> 1.082 detenidos por motivos pol\u00edticos en Venezuela, de los cuales 182 son mujeres y 900 hombres.<\/strong><\/p>\n<p>La organizaci\u00f3n expres\u00f3 su preocupaci\u00f3n por el progresivo agravamiento de las vulneraciones a los derechos fundamentales en Venezuela y subray\u00f3 que las cifras de detenidos disponibles son solo aproximadas.<\/p>\n<p><!-- CONTENT END 1 -->\n<\/div>\n\n","protected":false},"excerpt":{"rendered":"<p>La organizaci\u00f3n no gubernamental (ONG) Justicia, Encuentro y Perd\u00f3n (JEP) inform\u00f3 el 8 de diciembre que ha recibido m\u00faltiples reportes de familiares de personas presas por motivos pol\u00edticos que, al acudir a los centros de reclusi\u00f3n para llevar alimentos e insumos esenciales, se han encontrado con que sus parientes fueron trasladados a otros centros de &hellip;<\/p>\n","protected":false},"author":1,"featured_media":53143,"comment_status":"open","ping_status":"open","sticky":false,"template":"","format":"standard","meta":{"fifu_image_url":"https:\/\/eldiario.com\/wp-content\/uploads\/2025\/10\/a6ba13aecd0488f471aa3fad6e8520e162ff3375.jpg","fifu_image_alt":"","footnotes":""},"categories":[13],"tags":[],"class_list":["post-53141","post","type-post","status-publish","format-standard","has-post-thumbnail","","category-mundo"],"_links":{"self":[{"href":"https:\/\/noticiasveraces.com\/index.php?rest_route=\/wp\/v2\/posts\/53141","targetHints":{"allow":["GET"]}}],"collection":[{"href":"https:\/\/noticiasveraces.com\/index.php?rest_route=\/wp\/v2\/posts"}],"about":[{"href":"https:\/\/noticiasveraces.com\/index.php?rest_route=\/wp\/v2\/types\/post"}],"author":[{"embeddable":true,"href":"https:\/\/noticiasveraces.com\/index.php?rest_route=\/wp\/v2\/users\/1"}],"replies":[{"embeddable":true,"href":"https:\/\/noticiasveraces.com\/index.php?rest_route=%2Fwp%2Fv2%2Fcomments&post=53141"}],"version-history":[{"count":0,"href":"https:\/\/noticiasveraces.com\/index.php?rest_route=\/wp\/v2\/posts\/53141\/revisions"}],"wp:featuredmedia":[{"embeddable":true,"href":"https:\/\/noticiasveraces.com\/index.php?rest_route=\/wp\/v2\/media\/53143"}],"wp:attachment":[{"href":"https:\/\/noticiasveraces.com\/index.php?rest_route=%2Fwp%2Fv2%2Fmedia&parent=53141"}],"wp:term":[{"taxonomy":"category","embeddable":true,"href":"https:\/\/noticiasveraces.com\/index.php?rest_route=%2Fwp%2Fv2%2Fcategories&post=53141"},{"taxonomy":"post_tag","embeddable":true,"href":"https:\/\/noticiasveraces.com\/index.php?rest_route=%2Fwp%2Fv2%2Ftags&post=53141"}],"curies":[{"name":"wp","href":"https:\/\/api.w.org\/{rel}","templated":true}]}}