{"id":53132,"date":"2025-12-09T00:38:15","date_gmt":"2025-12-09T04:38:15","guid":{"rendered":"https:\/\/noticiasveraces.com\/?p=53132"},"modified":"2025-12-09T00:38:15","modified_gmt":"2025-12-09T04:38:15","slug":"la-expectativa-sobre-la-presencia-de-maria-corina-machado-en-oslo-crece-ante-la-entrega-del-nobel-de-la-paz","status":"publish","type":"post","link":"https:\/\/noticiasveraces.com\/?p=53132","title":{"rendered":"La expectativa sobre la presencia de Mar\u00eda Corina Machado en Oslo crece ante la entrega del Nobel de la Paz"},"content":{"rendered":"<p> \n<\/p>\n<div>\n<p>\n\t\t\t<span rel=\"author\" class=\"fn\">con una esp\u00e1tula<\/span>\n\t\t<\/p>\n<p>\t\t<time class=\"entry-date published updated\" datetime=\"2025-12-08T22:20:06-04:00\">diciembre 08 2025, 10:20 pm<\/time><br \/>\n\t\t<span class=\"spot-im-replies-count\" data-post-id=\"5846129\"\/><\/p>\n<figure id=\"attachment_5811833\" aria-describedby=\"caption-attachment-5811833\" style=\"width: 1600px\" class=\"wp-caption alignnone\"><img fetchpriority=\"high\" decoding=\"async\" onerror=\"this.onerror=null;this.src=\" https:=\"\" class=\"size-full wp-image-5811833\" src=\"https:\/\/sandia.datanubex.uk\/wp-content\/uploads\/2025\/10\/maria-corina-machado-3.jpg\" alt=\"\" width=\"1600\" height=\"900\"\/><figcaption id=\"caption-attachment-5811833\" class=\"wp-caption-text\">Cortes\u00eda<\/figcaption><\/figure>\n<\/p>\n<p>\u201c\u00bfSe sabe algo de Mar\u00eda Corina?\u201c. Esa es la pregunta que acapara la atenci\u00f3n entre los venezolanos y los periodistas que han comenzado a llegar a Oslo antes de que se celebre este mi\u00e9rcoles la ceremonia de entrega del Premio Nobel de la Paz a la opositora venezolana Mar\u00eda Corina Machado. La dirigente, de 58 a\u00f1os, s\u00edmbolo de la disidencia y la oposici\u00f3n frente al chavismo, adelant\u00f3 hace un par de semanas que su intenci\u00f3n es recibir el reconocimiento de forma presencial, al igual que el Instituto Noruego del Nobel, que ha seguido con los preparativos bajo el supuesto de que Machado estar\u00e1 en el pa\u00eds n\u00f3rdico para participar en todas las actividades previstas para esta semana, entre ellas una conferencia de prensa agendada para este martes.<\/p>\n<p><em><strong>Por: El Pa\u00eds<\/strong><\/em><\/p>\n<p><!-- Begin Mailchimp Signup Form --><\/p>\n<div id=\"mc_embed_signup\">\n<p><label for=\"mce-EMAIL\">            \u00a1\u00danete al club ahora! Suscr\u00edbete al bolet\u00edn m\u00e1s importante de Venezuela          <\/label><iframe data-test-id=\"beehiiv-embed\" height=\"52\" frameborder=\"0\" scrolling=\"no\" style=\"margin: 0; border-radius: 0px !important; &#10;&#9;&#9;background-color: transparent;\" data-src=\"https:\/\/embeds.beehiiv.com\/cdab9503-16ae-4689-ad4f-1408c727a83a?slim=true\" class=\"lazyload\"><\/iframe><\/p>\n<\/div>\n<p><!--End mc_embed_signup 2--><\/p>\n<p>A solo unas horas de que se comiencen los actos oficiales, la llegada de la dirigente opositora es, sin embargo, una inc\u00f3gnita. De producirse, ser\u00eda la primera aparici\u00f3n p\u00fablica de Machado desde agosto del a\u00f1o pasado, cuando decidi\u00f3 continuar con su labor pol\u00edtica desde la clandestinidad tras la crisis poselectoral que sigui\u00f3 a las elecciones presidenciales del 28 de julio de 2024. \u201cYo creo que s\u00ed [la vamos a ver]pero no te lo aseguro todav\u00eda\u201d, ha declarado Corina Parisca, la madre de la Nobel venezolana, a la periodista Andreina Flores, al llegar al aeropuerto de la capital noruega. Parisca, que ha afirmado que tiene m\u00e1s de un a\u00f1o sin ver a su hija, ha agregado que ser\u00eda un \u201cmilagro\u201d si logra salir de Venezuela.<\/p>\n<p>Ana Corina Sosa, hija de la exdiputada venezolana, ya se encuentra tambi\u00e9n en Oslo, as\u00ed como otros invitados de honor de Machado, como el presidente paname\u00f1o, Jos\u00e9 Ra\u00fal Mulino. \u201cLes reiter\u00e9 el respaldo de Panam\u00e1 a la libertad del pueblo venezolano\u201d, ha escrito el mandatario centroamericano tras reunirse con familiares de la galardonada, parte de un goteo permanente de venezolanos en la di\u00e1spora que han recorrido miles de kil\u00f3metros para darse cita en un momento que consideran hist\u00f3rico. \u201cLos paname\u00f1os sabemos lo que es enfrentar momentos duros, lo vivimos en el 89?, ha agregado.<\/p>\n<p>Mulino se refiere a la invasi\u00f3n de Estados Unidos a territorio paname\u00f1o que acab\u00f3 con la rendici\u00f3n del dictador Manuel Noriega a finales de la d\u00e9cada de 1980. El Nobel de la Paz a Machado se anunci\u00f3 el pasado 10 de octubre, en pleno pico de tensiones entre Venezuela y Estados Unidos por el despliegue militar ordenado por Donald Trump en aguas del Caribe lim\u00edtrofes con Venezuela.<\/p>\n<p>El misterio sobre la llegada de la opositora a Noruega ha entrado como una variable m\u00e1s en algunos an\u00e1lisis sobre los amagos que ha lanzado la Casa Blanca sobre una posible intervenci\u00f3n estadounidense contra Maduro, como ha insinuado Trump en numerosas ocasiones. Tambi\u00e9n anticipa nuevas inc\u00f3gnitas, como la posibilidad de que la dirigente, constantemente en la diana del chavismo, pueda regresar a su pa\u00eds o si continuar\u00e1 su lucha, al menos de momento, desde el exilio. \u201cEst\u00e1 a punto de tomar la decisi\u00f3n pol\u00edtica m\u00e1s importante de su vida\u201d, escribi\u00f3 Ryan Dub\u00e9 para The Wall Street Journal.<\/p>\n<p>Puedes leer la nota completa en <em><strong>El Pa\u00eds<\/strong><\/em><\/p>\n<p><!-- CONTENT END 2 -->\n\t<\/div>\n\n","protected":false},"excerpt":{"rendered":"<p>con una esp\u00e1tula diciembre 08 2025, 10:20 pm Cortes\u00eda \u201c\u00bfSe sabe algo de Mar\u00eda Corina?\u201c. Esa es la pregunta que acapara la atenci\u00f3n entre los venezolanos y los periodistas que han comenzado a llegar a Oslo antes de que se celebre este mi\u00e9rcoles la ceremonia de entrega del Premio Nobel de la Paz a la &hellip;<\/p>\n","protected":false},"author":1,"featured_media":53134,"comment_status":"open","ping_status":"open","sticky":false,"template":"","format":"standard","meta":{"fifu_image_url":"https:\/\/sandia.datanubex.uk\/wp-content\/uploads\/2025\/10\/maria-corina-machado-3.jpg","fifu_image_alt":"","footnotes":""},"categories":[13],"tags":[],"class_list":["post-53132","post","type-post","status-publish","format-standard","has-post-thumbnail","","category-mundo"],"_links":{"self":[{"href":"https:\/\/noticiasveraces.com\/index.php?rest_route=\/wp\/v2\/posts\/53132","targetHints":{"allow":["GET"]}}],"collection":[{"href":"https:\/\/noticiasveraces.com\/index.php?rest_route=\/wp\/v2\/posts"}],"about":[{"href":"https:\/\/noticiasveraces.com\/index.php?rest_route=\/wp\/v2\/types\/post"}],"author":[{"embeddable":true,"href":"https:\/\/noticiasveraces.com\/index.php?rest_route=\/wp\/v2\/users\/1"}],"replies":[{"embeddable":true,"href":"https:\/\/noticiasveraces.com\/index.php?rest_route=%2Fwp%2Fv2%2Fcomments&post=53132"}],"version-history":[{"count":0,"href":"https:\/\/noticiasveraces.com\/index.php?rest_route=\/wp\/v2\/posts\/53132\/revisions"}],"wp:featuredmedia":[{"embeddable":true,"href":"https:\/\/noticiasveraces.com\/index.php?rest_route=\/wp\/v2\/media\/53134"}],"wp:attachment":[{"href":"https:\/\/noticiasveraces.com\/index.php?rest_route=%2Fwp%2Fv2%2Fmedia&parent=53132"}],"wp:term":[{"taxonomy":"category","embeddable":true,"href":"https:\/\/noticiasveraces.com\/index.php?rest_route=%2Fwp%2Fv2%2Fcategories&post=53132"},{"taxonomy":"post_tag","embeddable":true,"href":"https:\/\/noticiasveraces.com\/index.php?rest_route=%2Fwp%2Fv2%2Ftags&post=53132"}],"curies":[{"name":"wp","href":"https:\/\/api.w.org\/{rel}","templated":true}]}}