{"id":53109,"date":"2025-12-08T21:18:24","date_gmt":"2025-12-09T01:18:24","guid":{"rendered":"https:\/\/noticiasveraces.com\/?p=53109"},"modified":"2025-12-08T21:18:24","modified_gmt":"2025-12-09T01:18:24","slug":"despiden-a-empleada-de-una-famosa-cadena-de-comida-en-ee-uu-por-proferir-insultos-racistas-video","status":"publish","type":"post","link":"https:\/\/noticiasveraces.com\/?p=53109","title":{"rendered":"Despiden a empleada de una famosa cadena de comida en EE.UU. por proferir insultos racistas (VIDEO)"},"content":{"rendered":"<p> \n<\/p>\n<div>\n<p>\u00abSoy racista\u00bb. Esa frase, pronunciada frente a una pareja de clientes, le cost\u00f3 el trabajo a una empleada de la cadena Cinnabon en el estado estadounidense de Wisconsin, luego de que su agresi\u00f3n verbal quedara registrada en video y se viralizara en las redes sociales, reporta CBS News.<\/p>\n<p>En el audiovisual se ve a una mujer cauc\u00e1sica detr\u00e1s de un mostrador, mientras insulta a unos clientes no registrados por la c\u00e1mara. \u00ab<strong>Soy racista y se lo dir\u00e9 al mundo entero<\/strong>. No sea irrespetuoso\u00bb, grit\u00f3 la mujer. No conforme con eso, hizo gestos obscenos y amenaz\u00f3 con lanzarle agua a la persona que la grababa.<\/p>\n<div class=\"EmbedBlock-root EmbedBlock-twitter\">\n<div class=\"TwitterEmbed\">\n<blockquote class=\"twitter-tweet lazyload\" data-twitter=\"twitter-tweet\" data-media-max-width=\"560\">\n<p lang=\"en\" dir=\"ltr\">Esto es jodidamente perturbador. Este es el odio y la intolerancia que incita Trump: una pareja somal\u00ed entr\u00f3 en un Cinnabon en Wisconsin para comprar algo de comida y fue recibida por un racista del MAGA, que obviamente estaba influenciado por el vitriolo racista de Trump contra la gente de Somalia a principios de semana. \ud83d\ude33\ud83d\udc47 <a href=\"https:\/\/t.co\/3qgUQfcSp8\">pic.twitter.com\/3qgUQfcSp8<\/a><\/p>\n<p>&#8211; Bill Madden (@maddenifico) <a href=\"https:\/\/twitter.com\/maddenifico\/status\/1997687637491228926?ref_src=twsrc%5Etfw\">7 de diciembre de 2025<\/a><\/p><\/blockquote>\n<\/div>\n<\/div>\n<p>De acuerdo con quien subi\u00f3 la agresi\u00f3n a TikTok, el\u00a0objeto del ataque de la empleada fue <strong>una pareja de somal\u00edes negros y musulmanes<\/strong>. La situaci\u00f3n comenz\u00f3 cuando la clienta solicit\u00f3 que se le a\u00f1adiera un poco m\u00e1s de caramelo a su rollo de canela con nueces y caramelo, al considerar que el que le sirvieron no ten\u00eda suficiente cantidad del \u00faltimo ingrediente.<\/p>\n<div class=\"ReadMore-root Section-root Section-is1to3-xs_is1to1\" data-widgets=\"ReadMore\">\n<div class=\"Section-container Section-isRow-isTop-isWrap\">\n<article class=\"Card-root Card-is1to1 Card-default \">\n<div class=\"Card-imageWrap\">\n<div class=\"Card-picture\">\n<picture class=\"Picture-root Picture-default\"><!--[if IE 9]><video style=\"display: none;\"><![endif]--><source media=\"(-webkit-min-device-pixel-ratio: 2) and (min-resolution: 120dpi)\" data-srcset=\"&#10;                                            https:\/\/mfes.b37m.ru\/actualidad\/public_images\/2024.11\/thumbnail\/672df21ce9ff712bd90ae94a.jpg 850w,&#10;                                    https:\/\/mfes.b37m.ru\/actualidad\/public_images\/2024.11\/article\/672df21ce9ff712bd90ae949.jpg 1960w,            \" srcset=\"&#10;                                    data:image\/png;base64,iVBORw0KGgoAAAANSUhEUgAAABAAAAAJCAQAAACRI2S5AAAAEElEQVR42mNkIAAYRxWAAQAG9gAKqv6+AwAAAABJRU5ErkJggg==&#10;                            \"><source data-srcset=\"&#10;                                            https:\/\/mfes.b37m.ru\/actualidad\/public_images\/2024.11\/thumbnail\/672df21ce9ff712bd90ae94a.jpg 460,&#10;                                  https:\/\/mfes.b37m.ru\/actualidad\/public_images\/2024.11\/article\/672df21ce9ff712bd90ae949.jpg 980w,&#10;            \" srcset=\"&#10;                                    data:image\/png;base64,iVBORw0KGgoAAAANSUhEUgAAABAAAAAJCAQAAACRI2S5AAAAEElEQVR42mNkIAAYRxWAAQAG9gAKqv6+AwAAAABJRU5ErkJggg==&#10;                            \"><!--[if IE 9]><\/video><![endif]--><img decoding=\"async\" data-sizes=\"auto\" src=\"&#10;                                    data:image\/png;base64,iVBORw0KGgoAAAANSUhEUgAAABAAAAAJCAQAAACRI2S5AAAAEElEQVR42mNkIAAYRxWAAQAG9gAKqv6+AwAAAABJRU5ErkJggg==&#10;                            \" class=\"Picture-root Picture-default lazyload\" data-src=\"https:\/\/mfes.b37m.ru\/actualidad\/public_images\/2024.11\/thumbnail\/672df21ce9ff712bd90ae94a.jpg\" alt=\"&quot;Te han elegido para recoger algod\u00f3n&quot;: env\u00edan mensajes racistas a afroamericanos en EE.UU.\"\/><\/source><\/source><\/picture><!-- noscript pattern --><img decoding=\"async\" src=\"https:\/\/mfes.b37m.ru\/actualidad\/public_images\/2024.11\/article\/672df21ce9ff712bd90ae949.jpg\" alt=\"&quot;Te han elegido para recoger algod\u00f3n&quot;: env\u00edan mensajes racistas a afroamericanos en EE.UU.\"\/>    <\/div>\n<\/p><\/div>\n<\/article><\/div>\n<\/p><\/div>\n<p>Esto ocasion\u00f3 que la dependienta se burlara de su hiyab, al que se refiri\u00f3 como \u00abel pa\u00f1uelo de bruja que llevas en la parte superior de cabeza\u00bb, luego de lo cual opt\u00f3 por vanagloriarse de su racismo, exigir respeto y hacer obscenidades con sus manos y trasero.<\/p>\n<h3>R\u00e9plica y campa\u00f1as<\/h3>\n<p>Por su lado, la compa\u00f1\u00eda public\u00f3 un comunicado en las redes sociales para desmarcarse del incidente e informar que la agresora hab\u00eda sido despedida de inmediato. \u00abHemos visto el inquietante video de la panader\u00eda Cinnabon en Ashwaubenon, Wisconsin, y no toleramos este comportamiento. <strong>El due\u00f1o de la franquicia despidi\u00f3 inmediatamente a la exempleada<\/strong>. Sus acciones no reflejan nuestros valores ni la c\u00e1lida bienvenida que todo cliente merece\u00bb, reza el texto.<\/p>\n<p>Entretanto, se han abierto sendas campa\u00f1as de recaudaci\u00f3n de fondos: una para apoyar a las v\u00edctimas, quienes aseguran haber quedado \u00abtraumatizadas\u00bb por el evento, y otra para respaldar a la exempleada. En este \u00faltimo caso, <strong>la colecta ya super\u00f3 los 100.000 d\u00f3lares<\/strong> y parece estar siendo impulsada por un grupo cristiano radical, que ya apoy\u00f3 a una mujer despedida en Minnesota a inicios de este a\u00f1o por atacar con frases racistas a un ni\u00f1o negro.<\/p>\n<\/div>\n<p><script async src=\"https:\/\/platform.twitter.com\/widgets.js\" charset=\"utf-8\"><\/script><br \/>\n<br \/>\n","protected":false},"excerpt":{"rendered":"<p>\u00abSoy racista\u00bb. Esa frase, pronunciada frente a una pareja de clientes, le cost\u00f3 el trabajo a una empleada de la cadena Cinnabon en el estado estadounidense de Wisconsin, luego de que su agresi\u00f3n verbal quedara registrada en video y se viralizara en las redes sociales, reporta CBS News. En el audiovisual se ve a una &hellip;<\/p>\n","protected":false},"author":1,"featured_media":53111,"comment_status":"open","ping_status":"open","sticky":false,"template":"","format":"standard","meta":{"fifu_image_url":"https:\/\/mfes.b37m.ru\/actualidad\/public_images\/2025.12\/article\/69377840e9ff7141ab714b6d.png","fifu_image_alt":"","footnotes":""},"categories":[13],"tags":[],"class_list":["post-53109","post","type-post","status-publish","format-standard","has-post-thumbnail","","category-mundo"],"_links":{"self":[{"href":"https:\/\/noticiasveraces.com\/index.php?rest_route=\/wp\/v2\/posts\/53109","targetHints":{"allow":["GET"]}}],"collection":[{"href":"https:\/\/noticiasveraces.com\/index.php?rest_route=\/wp\/v2\/posts"}],"about":[{"href":"https:\/\/noticiasveraces.com\/index.php?rest_route=\/wp\/v2\/types\/post"}],"author":[{"embeddable":true,"href":"https:\/\/noticiasveraces.com\/index.php?rest_route=\/wp\/v2\/users\/1"}],"replies":[{"embeddable":true,"href":"https:\/\/noticiasveraces.com\/index.php?rest_route=%2Fwp%2Fv2%2Fcomments&post=53109"}],"version-history":[{"count":0,"href":"https:\/\/noticiasveraces.com\/index.php?rest_route=\/wp\/v2\/posts\/53109\/revisions"}],"wp:featuredmedia":[{"embeddable":true,"href":"https:\/\/noticiasveraces.com\/index.php?rest_route=\/wp\/v2\/media\/53111"}],"wp:attachment":[{"href":"https:\/\/noticiasveraces.com\/index.php?rest_route=%2Fwp%2Fv2%2Fmedia&parent=53109"}],"wp:term":[{"taxonomy":"category","embeddable":true,"href":"https:\/\/noticiasveraces.com\/index.php?rest_route=%2Fwp%2Fv2%2Fcategories&post=53109"},{"taxonomy":"post_tag","embeddable":true,"href":"https:\/\/noticiasveraces.com\/index.php?rest_route=%2Fwp%2Fv2%2Ftags&post=53109"}],"curies":[{"name":"wp","href":"https:\/\/api.w.org\/{rel}","templated":true}]}}