{"id":53098,"date":"2025-12-08T19:16:29","date_gmt":"2025-12-08T23:16:29","guid":{"rendered":"https:\/\/noticiasveraces.com\/?p=53098"},"modified":"2025-12-08T19:16:29","modified_gmt":"2025-12-08T23:16:29","slug":"tras-deportacion-de-ee-uu-los-retornados-mexicanos-luchan-por-reconstruir-sus-vidas-en-foco","status":"publish","type":"post","link":"https:\/\/noticiasveraces.com\/?p=53098","title":{"rendered":"Tras deportaci\u00f3n de EE. UU., los &#8216;retornados&#8217; mexicanos luchan por reconstruir sus vidas &#8211; En Foco"},"content":{"rendered":"<p> \n<\/p>\n<div data-article-content=\"\">\n<div class=\"t-content__main-media\" data-media-video-35ef34ff-c2cd-4af9-b64e-ff3ab9d0ec82=\"\" data-wrapper-video-player=\"\" data-show-hidden-video-player=\"35EF34FF-C2CD-4AF9-B64E-FF3AB9D0EC82\" data-autoplay-video-link=\"\" data-youtube-script=\"\">\n<div class=\"o-em-consent \">\n<div class=\"o-em-consent__content\">\n<p class=\"o-em-consent__content__text\">Para mostrar este contenido de YouTube, debe autorizar las cookies de medici\u00f3n de audiencia y publicidad.<\/p>\n<p>        <button class=\"a-master-button a-master-button--dark\" data-action=\"accept\">Aceptar<i class=\"a-svg a-svg--icon-check\"\/><\/button><br \/>\n        <button class=\"a-link\" data-action=\"manage\">Gestionar mis opciones<i class=\"a-svg a-svg--icon-edit\"\/><\/button>\n    <\/div>\n<\/div>\n<div class=\"o-em-adblock\" data-adblock-content=\"\">\n<div class=\"o-em-adblock__content\">\n<p class=\"o-em-adblock__content__text\">Una extensi\u00f3n de tu navegador parece estar bloqueando la carga del reproductor de video. Para poder ver este contenido, debes desactivarla en este sitio.<\/p>\n<p>            <button class=\"a-master-button a-master-button--dark\" data-action=\"reload\">Reintentar<\/button>\n    <\/div>\n<\/div>\n<figure class=\"m-item-image m-item-image--16x9 m-item-image--has-caption\">\n<picture class=\"a-picture a-picture--16x9\"><source type=\"image\/webp\" srcset=\"https:\/\/s.france24.com\/media\/display\/2eb64d74-d069-11f0-83db-005056bfb2b6\/w:388\/p:16x9\/PASDEREF-EN-RETORNADOS-MEXIQUE-CUVILLIER-FOCUS-01dec-FF.webp 388w,https:\/\/s.france24.com\/media\/display\/2eb64d74-d069-11f0-83db-005056bfb2b6\/w:720\/p:16x9\/PASDEREF-EN-RETORNADOS-MEXIQUE-CUVILLIER-FOCUS-01dec-FF.webp 720w,https:\/\/s.france24.com\/media\/display\/2eb64d74-d069-11f0-83db-005056bfb2b6\/w:1024\/p:16x9\/PASDEREF-EN-RETORNADOS-MEXIQUE-CUVILLIER-FOCUS-01dec-FF.webp 1024w,https:\/\/s.france24.com\/media\/display\/2eb64d74-d069-11f0-83db-005056bfb2b6\/w:1280\/p:16x9\/PASDEREF-EN-RETORNADOS-MEXIQUE-CUVILLIER-FOCUS-01dec-FF.webp 1280w\" sizes=\"(max-width: 1076px) 100vw, 1012px\"><img decoding=\"async\" fetchpriority=\"high\" src=\"https:\/\/s.france24.com\/media\/display\/2eb64d74-d069-11f0-83db-005056bfb2b6\/w:1280\/p:16x9\/PASDEREF-EN-RETORNADOS-MEXIQUE-CUVILLIER-FOCUS-01dec-FF.jpg\" srcset=\"https:\/\/s.france24.com\/media\/display\/2eb64d74-d069-11f0-83db-005056bfb2b6\/w:388\/p:16x9\/PASDEREF-EN-RETORNADOS-MEXIQUE-CUVILLIER-FOCUS-01dec-FF.jpg 388w,https:\/\/s.france24.com\/media\/display\/2eb64d74-d069-11f0-83db-005056bfb2b6\/w:720\/p:16x9\/PASDEREF-EN-RETORNADOS-MEXIQUE-CUVILLIER-FOCUS-01dec-FF.jpg 720w,https:\/\/s.france24.com\/media\/display\/2eb64d74-d069-11f0-83db-005056bfb2b6\/w:1024\/p:16x9\/PASDEREF-EN-RETORNADOS-MEXIQUE-CUVILLIER-FOCUS-01dec-FF.jpg 1024w,https:\/\/s.france24.com\/media\/display\/2eb64d74-d069-11f0-83db-005056bfb2b6\/w:1280\/p:16x9\/PASDEREF-EN-RETORNADOS-MEXIQUE-CUVILLIER-FOCUS-01dec-FF.jpg 1280w\" sizes=\"(max-width: 1076px) 100vw, 1012px\" width=\"1280\" height=\"720\" alt=\"Tras deportaci\u00f3n de EE.UU., los 'retornados' mexicanos luchan por reconstruir sus vidas\" loading=\"eager\" class=\"a-img \"\/><\/source><\/picture><figcaption class=\"a-figcaption\">\n                <span>Tras deportaci\u00f3n de EE.UU., los &#8216;retornados&#8217; mexicanos luchan por reconstruir sus vidas<\/span>                <span>\u00a9 Francia 24<\/span>            <\/figcaption><\/figure>\n<\/p><\/div>\n<div class=\"t-content__metadata\">\n<div class=\"t-content__dates\">\n<p class=\"m-pub-dates\"><span class=\"m-pub-dates__date\">Primera modificaci\u00f3n: <time datetime=\"2025-12-08T18:14:30+00:00\" pubdate=\"pubdate\">12\/08\/2025 &#8211; 19:14<\/time><\/span><\/p>\n<\/p><\/div>\n<p>\n                            <span class=\"a-svg a-svg--icon-replay\"\/><\/p>\n<p>                            05:51 minutos\n                        <\/p>\n<\/p><\/div>\n<p>Viene del show<\/p>\n<p>  <svg class=\"a-svg a-svg--icon-caret-right\" transform=\"rotate(-90)\">\n    <use xlink:href=\"http:\/\/www.france24.com\/build\/images\/svg\/sprite.9a4ac776932454d16194bba12daad92b.svg#icon-caret-down\" href=\"http:\/\/www.france24.com\/build\/images\/svg\/sprite.9a4ac776932454d16194bba12daad92b.svg#icon-caret-down\"\/>\n  <\/svg><\/p>\n<picture class=\"a-picture a-picture--original\">\n    <img decoding=\"async\" fetchpriority=\"low\" src=\"https:\/\/s.france24.com\/media\/display\/42cf1f70-100e-11ee-975e-005056bfb2b6\/ES-en-foco.svg\" srcset=\"https:\/\/s.france24.com\/media\/display\/42cf1f70-100e-11ee-975e-005056bfb2b6\/ES-en-foco.svg\" alt=\"En Foco\" loading=\"lazy\" class=\"a-img  a-img--svg\"\/><\/picture>\n<p>\n                        <span class=\"a-svg a-svg--icon-clock\"\/><br \/>\n                        <span class=\"t-content__reading-time__label\">Tiempo de lectura<\/span><br \/>\n                        1 minuto<\/p>\n<p class=\"t-content__chapo\">\n<p>                                                Una vez persiguieron el sue\u00f1o americano. Ahora, miles de mexicanos est\u00e1n siendo deportados a un pa\u00eds que apenas recuerdan o que ni siquiera conocieron. Seg\u00fan cifras del gobierno mexicano, m\u00e1s de 100.000 mexicanos han sido expulsados \u200b\u200bdesde enero bajo la ofensiva migratoria del presidente estadounidense Donald Trump. El impacto inicial del regreso es solo el principio; la verdadera lucha llega cuando intentan reconstruir sus vidas.                    <\/p>\n<div class=\"t-content__authors\">\n<div class=\"m-from-author\">\n                    <span class=\"m-from-author__by-label\"><\/p>\n<p>                Por:<br \/>\n            <\/span><\/p>\n<div class=\"m-author m-author--small m-author--has-image\">\n<div class=\"m-author__image\">\n<picture class=\"a-picture a-picture--1x1\"><source type=\"image\/webp\" srcset=\"https:\/\/s.france24.com\/media\/display\/88de3c52-e78b-11ef-a2e9-005056bf30b7\/w:177\/p:1x1\/logo_france24_RVB-circlesafe.webp 177w,https:\/\/s.france24.com\/media\/display\/88de3c52-e78b-11ef-a2e9-005056bf30b7\/w:388\/p:1x1\/logo_france24_RVB-circlesafe.webp 388w\" sizes=\"(max-width: 639px) 100px, 170px\"><img decoding=\"async\" fetchpriority=\"low\" src=\"https:\/\/s.france24.com\/media\/display\/88de3c52-e78b-11ef-a2e9-005056bf30b7\/w:388\/p:1x1\/logo_france24_RVB-circlesafe.png\" srcset=\"https:\/\/s.france24.com\/media\/display\/88de3c52-e78b-11ef-a2e9-005056bf30b7\/w:177\/p:1x1\/logo_france24_RVB-circlesafe.png 177w,https:\/\/s.france24.com\/media\/display\/88de3c52-e78b-11ef-a2e9-005056bf30b7\/w:388\/p:1x1\/logo_france24_RVB-circlesafe.png 388w\" sizes=\"auto, (max-width: 639px) 100px, 170px\" width=\"388\" height=\"388\" alt=\"Logotipo de Francia 24\" loading=\"lazy\" class=\"a-img \"\/><\/source><\/picture>\n                        <\/div>\n<\/p><\/div>\n<\/p><\/div>\n<\/p><\/div>\n<\/p><\/div>\n\n","protected":false},"excerpt":{"rendered":"<p>Para mostrar este contenido de YouTube, debe autorizar las cookies de medici\u00f3n de audiencia y publicidad. Aceptar Gestionar mis opciones Una extensi\u00f3n de tu navegador parece estar bloqueando la carga del reproductor de video. Para poder ver este contenido, debes desactivarla en este sitio. Reintentar Tras deportaci\u00f3n de EE.UU., los &#8216;retornados&#8217; mexicanos luchan por reconstruir &hellip;<\/p>\n","protected":false},"author":1,"featured_media":53100,"comment_status":"open","ping_status":"open","sticky":false,"template":"","format":"standard","meta":{"fifu_image_url":"https:\/\/s.france24.com\/media\/display\/2eb64d74-d069-11f0-83db-005056bfb2b6\/w:1280\/p:16x9\/PASDEREF-EN-RETORNADOS-MEXIQUE-CUVILLIER-FOCUS-01dec-FF.jpg","fifu_image_alt":"","footnotes":""},"categories":[13],"tags":[],"class_list":["post-53098","post","type-post","status-publish","format-standard","has-post-thumbnail","","category-mundo"],"_links":{"self":[{"href":"https:\/\/noticiasveraces.com\/index.php?rest_route=\/wp\/v2\/posts\/53098","targetHints":{"allow":["GET"]}}],"collection":[{"href":"https:\/\/noticiasveraces.com\/index.php?rest_route=\/wp\/v2\/posts"}],"about":[{"href":"https:\/\/noticiasveraces.com\/index.php?rest_route=\/wp\/v2\/types\/post"}],"author":[{"embeddable":true,"href":"https:\/\/noticiasveraces.com\/index.php?rest_route=\/wp\/v2\/users\/1"}],"replies":[{"embeddable":true,"href":"https:\/\/noticiasveraces.com\/index.php?rest_route=%2Fwp%2Fv2%2Fcomments&post=53098"}],"version-history":[{"count":0,"href":"https:\/\/noticiasveraces.com\/index.php?rest_route=\/wp\/v2\/posts\/53098\/revisions"}],"wp:featuredmedia":[{"embeddable":true,"href":"https:\/\/noticiasveraces.com\/index.php?rest_route=\/wp\/v2\/media\/53100"}],"wp:attachment":[{"href":"https:\/\/noticiasveraces.com\/index.php?rest_route=%2Fwp%2Fv2%2Fmedia&parent=53098"}],"wp:term":[{"taxonomy":"category","embeddable":true,"href":"https:\/\/noticiasveraces.com\/index.php?rest_route=%2Fwp%2Fv2%2Fcategories&post=53098"},{"taxonomy":"post_tag","embeddable":true,"href":"https:\/\/noticiasveraces.com\/index.php?rest_route=%2Fwp%2Fv2%2Ftags&post=53098"}],"curies":[{"name":"wp","href":"https:\/\/api.w.org\/{rel}","templated":true}]}}