{"id":53094,"date":"2025-12-08T18:13:10","date_gmt":"2025-12-08T22:13:10","guid":{"rendered":"https:\/\/noticiasveraces.com\/?p=53094"},"modified":"2025-12-08T18:13:10","modified_gmt":"2025-12-08T22:13:10","slug":"milei-viaja-a-noruega-para-la-entrega-del-nobel-a-machado-dw-08-12-2025","status":"publish","type":"post","link":"https:\/\/noticiasveraces.com\/?p=53094","title":{"rendered":"Milei viaja a Noruega para la entrega del Nobel a Machado \u2013 DW \u2013 08\/12\/2025"},"content":{"rendered":"<p> \n<\/p>\n<div data-tracking-name=\"rich-text\" data-tracking-skip=\"true\">\n<p>El presidente de Argentina, Javier Milei, viajar\u00e1 este lunes (08.12.2025) a Noruega para asistir a la entrega del Premio Nobel de la Paz a la l\u00edder opositora venezolana Mar\u00eda Corina Machado, indicaron fuentes oficiales.<\/p>\n<p>El mandatario llegar\u00e1 a Oslo el martes y tras asistir a la ceremonia de premiaci\u00f3n el mi\u00e9rcoles ser\u00e1 recibido por el rey de Noruega Harald V. Luego se reunir\u00e1 con el primer ministro noruego Jonas Gahr Store, seg\u00fan la agenda oficial.<\/p>\n<p>Machado, que vive en la clandestinidad en su pa\u00eds,\u00a0confirm\u00f3 su participaci\u00f3n en la ceremonia y recibir\u00e1 el premio en medio del despliegue militar de Estados Unidos en el Caribe y el Pac\u00edfico, que deja unos 87 muertos.<\/p>\n<p>La l\u00edder opositora de 58 a\u00f1os recibi\u00f3 el Nobel \u00abpor su incansable labor en favor de los derechos democr\u00e1ticos del pueblo venezolano y por su lucha por una transici\u00f3n justa y pac\u00edfica de la dictadura a la democracia\u00bb.<\/p>\n<p>En Buenos Aires, la comunidad venezolana se congregar\u00e1 en el Centro Venezolano Argentino para ver en pantalla grande la transmisi\u00f3n de la ceremonia.<\/p>\n<p>afp\/efe<\/p>\n<\/div>\n\n","protected":false},"excerpt":{"rendered":"<p>El presidente de Argentina, Javier Milei, viajar\u00e1 este lunes (08.12.2025) a Noruega para asistir a la entrega del Premio Nobel de la Paz a la l\u00edder opositora venezolana Mar\u00eda Corina Machado, indicaron fuentes oficiales. El mandatario llegar\u00e1 a Oslo el martes y tras asistir a la ceremonia de premiaci\u00f3n el mi\u00e9rcoles ser\u00e1 recibido por el &hellip;<\/p>\n","protected":false},"author":1,"featured_media":53095,"comment_status":"open","ping_status":"open","sticky":false,"template":"","format":"standard","meta":{"fifu_image_url":"https:\/\/static.dw.com\/image\/74505402_6.jpg","fifu_image_alt":"","footnotes":""},"categories":[13],"tags":[],"class_list":["post-53094","post","type-post","status-publish","format-standard","has-post-thumbnail","","category-mundo"],"_links":{"self":[{"href":"https:\/\/noticiasveraces.com\/index.php?rest_route=\/wp\/v2\/posts\/53094","targetHints":{"allow":["GET"]}}],"collection":[{"href":"https:\/\/noticiasveraces.com\/index.php?rest_route=\/wp\/v2\/posts"}],"about":[{"href":"https:\/\/noticiasveraces.com\/index.php?rest_route=\/wp\/v2\/types\/post"}],"author":[{"embeddable":true,"href":"https:\/\/noticiasveraces.com\/index.php?rest_route=\/wp\/v2\/users\/1"}],"replies":[{"embeddable":true,"href":"https:\/\/noticiasveraces.com\/index.php?rest_route=%2Fwp%2Fv2%2Fcomments&post=53094"}],"version-history":[{"count":0,"href":"https:\/\/noticiasveraces.com\/index.php?rest_route=\/wp\/v2\/posts\/53094\/revisions"}],"wp:featuredmedia":[{"embeddable":true,"href":"https:\/\/noticiasveraces.com\/index.php?rest_route=\/wp\/v2\/media\/53095"}],"wp:attachment":[{"href":"https:\/\/noticiasveraces.com\/index.php?rest_route=%2Fwp%2Fv2%2Fmedia&parent=53094"}],"wp:term":[{"taxonomy":"category","embeddable":true,"href":"https:\/\/noticiasveraces.com\/index.php?rest_route=%2Fwp%2Fv2%2Fcategories&post=53094"},{"taxonomy":"post_tag","embeddable":true,"href":"https:\/\/noticiasveraces.com\/index.php?rest_route=%2Fwp%2Fv2%2Ftags&post=53094"}],"curies":[{"name":"wp","href":"https:\/\/api.w.org\/{rel}","templated":true}]}}