{"id":53089,"date":"2025-12-08T17:12:02","date_gmt":"2025-12-08T21:12:02","guid":{"rendered":"https:\/\/noticiasveraces.com\/?p=53089"},"modified":"2025-12-08T17:12:02","modified_gmt":"2025-12-08T21:12:02","slug":"melania-trump-y-olena-zelenska-exponen-el-complot-de-adoctrinamiento-infantil-de-rusia","status":"publish","type":"post","link":"https:\/\/noticiasveraces.com\/?p=53089","title":{"rendered":"Melania Trump y Olena Zelenska exponen el complot de adoctrinamiento infantil de Rusia"},"content":{"rendered":"<p> \n<\/p>\n<div>\n<div id=\"beyondwords-wrapper\" class=\"beyondwords-wrapper\">\n<p><span class=\"label-bg\">NUEVO<\/span>\u00a1Ahora puedes escuchar los art\u00edculos de Fox News!\n  <\/p>\n<\/div>\n<p class=\"speakable\">La primera dama Melania Trump y la ucraniana Olena Zelenska se han unido a una campa\u00f1a que expone la operaci\u00f3n de miles de millones de d\u00f3lares de Rusia para secuestrar y adoctrinar a ni\u00f1os ucranianos, dijo su portavoz.<\/p>\n<p class=\"speakable\">Mientras calificaba los intentos de Rusia de \u00abcalculados\u00bb para atacar el futuro de su pa\u00eds, Maksym Maksymov de Bring Kids Back UA dijo que los roles contrastantes de las dos primeras damas hacen que el mensaje de la organizaci\u00f3n sea a\u00fan m\u00e1s fuerte.<\/p>\n<p>\u00abJuntos ayudan a garantizar que ning\u00fan ni\u00f1o secuestrado sea olvidado, pero separados, uno habla desde el centro de la crisis y el otro lleva el mensaje al mundo\u00bb, dijo Maksymov a Fox News Digital.<\/p>\n<p>El trabajo reciente de Melania Trump ayud\u00f3 a dar visibilidad a los casos en los que siete ni\u00f1os ucranianos se reunieron con sus padres. En octubre, la madre de uno apoy\u00f3 a otros ocho.<\/p>\n<p><strong>LA PRIMERA DAMA MELANIA TRUMP ANUNCIA QUE 8 NI\u00d1OS UCRANIANOS SE REUNIRON CON SUS FAMILIAS DESPU\u00c9S DE SER LLEVADOS A RUSIA<\/strong><\/p>\n<div class=\"image-ct inline\">\n<div class=\"m\"><picture><source media=\"(max-width: 767px)\" srcset=\"https:\/\/a57.foxnews.com\/static.foxnews.com\/foxnews.com\/content\/uploads\/2023\/12\/343\/192\/melania-speech.jpg?ve=1&amp;tl=1, https:\/\/a57.foxnews.com\/static.foxnews.com\/foxnews.com\/content\/uploads\/2023\/12\/686\/384\/melania-speech.jpg?ve=1&amp;tl=1 2x\" height=\"192\" width=\"343\"><source media=\"(min-width: 768px) and (max-width: 1023px)\" srcset=\"https:\/\/a57.foxnews.com\/static.foxnews.com\/foxnews.com\/content\/uploads\/2023\/12\/672\/378\/melania-speech.jpg?ve=1&amp;tl=1, https:\/\/a57.foxnews.com\/static.foxnews.com\/foxnews.com\/content\/uploads\/2023\/12\/1344\/756\/melania-speech.jpg?ve=1&amp;tl=1 2x\" height=\"378\" width=\"672\"><source media=\"(min-width: 1024px) and (max-width: 1279px)\" srcset=\"https:\/\/a57.foxnews.com\/static.foxnews.com\/foxnews.com\/content\/uploads\/2023\/12\/931\/523\/melania-speech.jpg?ve=1&amp;tl=1, https:\/\/a57.foxnews.com\/static.foxnews.com\/foxnews.com\/content\/uploads\/2023\/12\/1862\/1046\/melania-speech.jpg?ve=1&amp;tl=1 2x\" height=\"523\" width=\"931\"><source media=\"(min-width: 1280px)\" srcset=\"https:\/\/a57.foxnews.com\/static.foxnews.com\/foxnews.com\/content\/uploads\/2023\/12\/720\/405\/melania-speech.jpg?ve=1&amp;tl=1, https:\/\/a57.foxnews.com\/static.foxnews.com\/foxnews.com\/content\/uploads\/2023\/12\/1440\/810\/melania-speech.jpg?ve=1&amp;tl=1 2x\" height=\"405\" width=\"720\"><img loading=\"lazy\" decoding=\"async\" src=\"https:\/\/a57.foxnews.com\/static.foxnews.com\/foxnews.com\/content\/uploads\/2023\/12\/1200\/675\/melania-speech.jpg?ve=1&amp;tl=1\" alt=\"Melania Trump hablando en un evento.\" width=\"1200\" height=\"675\"\/><\/source><\/source><\/source><\/source><\/picture><\/div>\n<div class=\"info\">\n<div class=\"caption\">\n<p><span>La primera dama Melania Trump habla durante una ceremonia de naturalizaci\u00f3n en el edificio de los Archivos Nacionales en Washington, DC.<\/span> <span>(Sa\u00fal Loeb)<\/span><\/p>\n<\/div>\n<\/div>\n<\/div>\n<p>\u00abMelania Trump usa su voz como madre y figura p\u00fablica con compasi\u00f3n para llamar la atenci\u00f3n mundial sobre los ni\u00f1os que de otro modo ser\u00edan olvidados\u00bb, dijo Maksymov.<\/p>\n<p>\u00abCuando ella habla, la gente escucha, y ella decidi\u00f3 utilizar esa influencia para resaltar el sufrimiento de los ni\u00f1os ucranianos directamente ante la persona responsable de sus secuestros. Eso requiere valent\u00eda\u00bb, a\u00f1adi\u00f3. \u00abMelania reconoce su dolor, plantea la urgencia de traer a estos ni\u00f1os a casa y refuerza una verdad simple: que los ni\u00f1os pertenecen a las personas que los aman y su regreso debe ser incondicional\u00bb.<\/p>\n<p><strong>MELANIA TRUMP NOMBRADA &#8216;PATRIOTA DEL A\u00d1O&#8217; DE FOX NATION POR SU TRABAJO GLOBAL DE DEFENSA INFANTIL<\/strong><\/p>\n<div class=\"image-ct inline\">\n<div class=\"m\"><picture><source media=\"(max-width: 767px)\" srcset=\"https:\/\/a57.foxnews.com\/static.foxnews.com\/foxnews.com\/content\/uploads\/2022\/07\/343\/192\/Ukrainian-first-lady-Olena-Zelenska.jpg?ve=1&amp;tl=1, https:\/\/a57.foxnews.com\/static.foxnews.com\/foxnews.com\/content\/uploads\/2022\/07\/686\/384\/Ukrainian-first-lady-Olena-Zelenska.jpg?ve=1&amp;tl=1 2x\" height=\"192\" width=\"343\"><source media=\"(min-width: 768px) and (max-width: 1023px)\" srcset=\"https:\/\/a57.foxnews.com\/static.foxnews.com\/foxnews.com\/content\/uploads\/2022\/07\/672\/378\/Ukrainian-first-lady-Olena-Zelenska.jpg?ve=1&amp;tl=1, https:\/\/a57.foxnews.com\/static.foxnews.com\/foxnews.com\/content\/uploads\/2022\/07\/1344\/756\/Ukrainian-first-lady-Olena-Zelenska.jpg?ve=1&amp;tl=1 2x\" height=\"378\" width=\"672\"><source media=\"(min-width: 1024px) and (max-width: 1279px)\" srcset=\"https:\/\/a57.foxnews.com\/static.foxnews.com\/foxnews.com\/content\/uploads\/2022\/07\/931\/523\/Ukrainian-first-lady-Olena-Zelenska.jpg?ve=1&amp;tl=1, https:\/\/a57.foxnews.com\/static.foxnews.com\/foxnews.com\/content\/uploads\/2022\/07\/1862\/1046\/Ukrainian-first-lady-Olena-Zelenska.jpg?ve=1&amp;tl=1 2x\" height=\"523\" width=\"931\"><source media=\"(min-width: 1280px)\" srcset=\"https:\/\/a57.foxnews.com\/static.foxnews.com\/foxnews.com\/content\/uploads\/2022\/07\/720\/405\/Ukrainian-first-lady-Olena-Zelenska.jpg?ve=1&amp;tl=1, https:\/\/a57.foxnews.com\/static.foxnews.com\/foxnews.com\/content\/uploads\/2022\/07\/1440\/810\/Ukrainian-first-lady-Olena-Zelenska.jpg?ve=1&amp;tl=1 2x\" height=\"405\" width=\"720\"><img loading=\"lazy\" decoding=\"async\" src=\"https:\/\/a57.foxnews.com\/static.foxnews.com\/foxnews.com\/content\/uploads\/2022\/07\/1200\/675\/Ukrainian-first-lady-Olena-Zelenska.jpg?ve=1&amp;tl=1\" alt=\"La primera dama ucraniana, Olena Zelenska, se dirige al Congreso en Washington.\" width=\"1200\" height=\"675\"\/><\/source><\/source><\/source><\/source><\/picture><\/div>\n<div class=\"info\">\n<div class=\"caption\">\n<p><span>Olena Zelenska, la primera dama de Ucrania, est\u00e1 trabajando para exponer la operaci\u00f3n rusa de miles de millones de d\u00f3lares para secuestrar y adoctrinar a ni\u00f1os ucranianos.<\/span> <span>(Michael Reynolds\/Foto de piscina v\u00eda AP)<\/span><\/p>\n<\/div>\n<\/div>\n<\/div>\n<p>Mientras tanto, Olena Zelenska, dijo, est\u00e1 involucrada en el terreno.<\/p>\n<p>\u00abNuestra primera dama, Olena Zelenska, ha sido una presencia constante y esencial en este trabajo. Visita hospitales, refugios, escuelas e iglesias en toda Ucrania y se re\u00fane con ni\u00f1os que han vivido traumas que ning\u00fan ni\u00f1o deber\u00eda experimentar jam\u00e1s\u00bb, explic\u00f3 Maksymov.<\/p>\n<p>De hecho, en respuesta al trabajo de la organizaci\u00f3n, Ucrania ha criminalizado desde entonces la deportaci\u00f3n de ni\u00f1os, su militarizaci\u00f3n forzada y la obstrucci\u00f3n de su regreso. <\/p>\n<div class=\"image-ct inline\">\n<div class=\"m\"><picture><source media=\"(max-width: 767px)\" srcset=\"https:\/\/a57.foxnews.com\/static.foxnews.com\/foxnews.com\/content\/uploads\/2025\/12\/343\/192\/olena-zelenska-melania-trump.jpg?ve=1&amp;tl=1, https:\/\/a57.foxnews.com\/static.foxnews.com\/foxnews.com\/content\/uploads\/2025\/12\/686\/384\/olena-zelenska-melania-trump.jpg?ve=1&amp;tl=1 2x\" height=\"192\" width=\"343\"><source media=\"(min-width: 768px) and (max-width: 1023px)\" srcset=\"https:\/\/a57.foxnews.com\/static.foxnews.com\/foxnews.com\/content\/uploads\/2025\/12\/672\/378\/olena-zelenska-melania-trump.jpg?ve=1&amp;tl=1, https:\/\/a57.foxnews.com\/static.foxnews.com\/foxnews.com\/content\/uploads\/2025\/12\/1344\/756\/olena-zelenska-melania-trump.jpg?ve=1&amp;tl=1 2x\" height=\"378\" width=\"672\"><source media=\"(min-width: 1024px) and (max-width: 1279px)\" srcset=\"https:\/\/a57.foxnews.com\/static.foxnews.com\/foxnews.com\/content\/uploads\/2025\/12\/931\/523\/olena-zelenska-melania-trump.jpg?ve=1&amp;tl=1, https:\/\/a57.foxnews.com\/static.foxnews.com\/foxnews.com\/content\/uploads\/2025\/12\/1862\/1046\/olena-zelenska-melania-trump.jpg?ve=1&amp;tl=1 2x\" height=\"523\" width=\"931\"><source media=\"(min-width: 1280px)\" srcset=\"https:\/\/a57.foxnews.com\/static.foxnews.com\/foxnews.com\/content\/uploads\/2025\/12\/720\/405\/olena-zelenska-melania-trump.jpg?ve=1&amp;tl=1, https:\/\/a57.foxnews.com\/static.foxnews.com\/foxnews.com\/content\/uploads\/2025\/12\/1440\/810\/olena-zelenska-melania-trump.jpg?ve=1&amp;tl=1 2x\" height=\"405\" width=\"720\"><img loading=\"lazy\" decoding=\"async\" src=\"https:\/\/a57.foxnews.com\/static.foxnews.com\/foxnews.com\/content\/uploads\/2025\/12\/1200\/675\/olena-zelenska-melania-trump.jpg?ve=1&amp;tl=1\" alt=\"Olena Zelenska y Melania Trump de Ucrania\" width=\"1200\" height=\"675\"\/><\/source><\/source><\/source><\/source><\/picture><\/div>\n<div class=\"info\">\n<div class=\"caption\">\n<p><span>Melania Trump se une a la ucraniana Olena Zelenska en la lucha contra el programa sistem\u00e1tico de secuestro infantil de Rusia.<\/span> <span>(Yalcin\/Anadolu v\u00eda Getty Images; Aaron Schwartz\/Bloomberg v\u00eda Getty Images)<\/span><\/p>\n<\/div>\n<\/div>\n<\/div>\n<p>Tambi\u00e9n se impusieron sanciones a las personas involucradas en secuestros y adopciones ilegales.<\/p>\n<p>Fue Melania Trump quien tambi\u00e9n escribi\u00f3 anteriormente una \u00abcarta de paz\u00bb al presidente ruso Vladimir Putin, dici\u00e9ndole que \u00abes hora\u00bb de proteger a los ni\u00f1os y a las generaciones futuras en todo el mundo, inform\u00f3 Fox News Digital en agosto.<\/p>\n<p><strong>LA CRISIS DE LOS NI\u00d1OS ROBADOS EN UCRANIA SE OBTENGA GRANDE MIENTRAS LA OTAN SE RE\u00daNE SOBRE LA GUERRA DE RUSIA<\/strong><\/p>\n<div class=\"image-ct inline\">\n<div class=\"m\"><picture><source media=\"(max-width: 767px)\" srcset=\"https:\/\/a57.foxnews.com\/static.foxnews.com\/foxnews.com\/content\/uploads\/2022\/03\/343\/192\/AP22081379994227.jpg?ve=1&amp;tl=1, https:\/\/a57.foxnews.com\/static.foxnews.com\/foxnews.com\/content\/uploads\/2022\/03\/686\/384\/AP22081379994227.jpg?ve=1&amp;tl=1 2x\" height=\"192\" width=\"343\"><source media=\"(min-width: 768px) and (max-width: 1023px)\" srcset=\"https:\/\/a57.foxnews.com\/static.foxnews.com\/foxnews.com\/content\/uploads\/2022\/03\/672\/378\/AP22081379994227.jpg?ve=1&amp;tl=1, https:\/\/a57.foxnews.com\/static.foxnews.com\/foxnews.com\/content\/uploads\/2022\/03\/1344\/756\/AP22081379994227.jpg?ve=1&amp;tl=1 2x\" height=\"378\" width=\"672\"><source media=\"(min-width: 1024px) and (max-width: 1279px)\" srcset=\"https:\/\/a57.foxnews.com\/static.foxnews.com\/foxnews.com\/content\/uploads\/2022\/03\/931\/523\/AP22081379994227.jpg?ve=1&amp;tl=1, https:\/\/a57.foxnews.com\/static.foxnews.com\/foxnews.com\/content\/uploads\/2022\/03\/1862\/1046\/AP22081379994227.jpg?ve=1&amp;tl=1 2x\" height=\"523\" width=\"931\"><source media=\"(min-width: 1280px)\" srcset=\"https:\/\/a57.foxnews.com\/static.foxnews.com\/foxnews.com\/content\/uploads\/2022\/03\/720\/405\/AP22081379994227.jpg?ve=1&amp;tl=1, https:\/\/a57.foxnews.com\/static.foxnews.com\/foxnews.com\/content\/uploads\/2022\/03\/1440\/810\/AP22081379994227.jpg?ve=1&amp;tl=1 2x\" height=\"405\" width=\"720\"><img loading=\"lazy\" decoding=\"async\" src=\"https:\/\/a57.foxnews.com\/static.foxnews.com\/foxnews.com\/content\/uploads\/2022\/03\/1200\/675\/AP22081379994227.jpg?ve=1&amp;tl=1\" alt=\"Hu\u00e9rfanos prepar\u00e1ndose para subir a un tren.\" width=\"1200\" height=\"675\"\/><\/source><\/source><\/source><\/source><\/picture><\/div>\n<div class=\"info\">\n<div class=\"caption\">\n<p><span>Se ve a hu\u00e9rfanos ucranianos durante una escala en Varsovia, Polonia, de camino al Reino Unido, el 21 de marzo de 2022.<\/span> <span>(Pawel Kuczynski\/Foto AP)<\/span><\/p>\n<\/div>\n<\/div>\n<\/div>\n<p>Luego, el presidente Donald Trump entreg\u00f3 personalmente el mensaje al l\u00edder ruso antes de su cumbre en Alaska ese mes.<\/p>\n<p>Pero desde la invasi\u00f3n rusa a gran escala en 2022, el traslado ilegal de ni\u00f1os sigue siendo una preocupaci\u00f3n.<\/p>\n<p>Seg\u00fan Bring Kids Back UA, lanzado por Zelenska, cerca de 20.000 ni\u00f1os han sido denunciados secuestrados, aunque Maksym destaca que \u00abcada caso requiere una verificaci\u00f3n individual porque Rusia bloquea el acceso, oculta informaci\u00f3n y a menudo altera la identidad de los ni\u00f1os\u00bb.<\/p>\n<p>Hasta ahora, dijo, \u00abUcrania ha verificado completamente 9.221 casos\u00bb, pero miles m\u00e1s siguen desaparecidos.<\/p>\n<p>Un ejemplo del sistema coercitivo de Rusia, dijo, es el caso de Bohdan Yermokhin, cuya experiencia los funcionarios ucranianos describen en detalle.<\/p>\n<p><strong>SENADOR DEM DICE QUE MELANIA TRUMP ES EL &#8216;ARMA SECRETA&#8217; DE ESTADOS UNIDOS CONTRA LA &#8216;CRIMINALIDAD DE GUERRA&#8217; DE PUTIN<\/strong><\/p>\n<div class=\"image-ct inline\">\n<div class=\"m\"><picture><source media=\"(max-width: 767px)\" srcset=\"https:\/\/a57.foxnews.com\/static.foxnews.com\/foxnews.com\/content\/uploads\/2024\/07\/343\/192\/Ukraine-missile-strike-3.jpg?ve=1&amp;tl=1, https:\/\/a57.foxnews.com\/static.foxnews.com\/foxnews.com\/content\/uploads\/2024\/07\/686\/384\/Ukraine-missile-strike-3.jpg?ve=1&amp;tl=1 2x\" height=\"192\" width=\"343\"><source media=\"(min-width: 768px) and (max-width: 1023px)\" srcset=\"https:\/\/a57.foxnews.com\/static.foxnews.com\/foxnews.com\/content\/uploads\/2024\/07\/672\/378\/Ukraine-missile-strike-3.jpg?ve=1&amp;tl=1, https:\/\/a57.foxnews.com\/static.foxnews.com\/foxnews.com\/content\/uploads\/2024\/07\/1344\/756\/Ukraine-missile-strike-3.jpg?ve=1&amp;tl=1 2x\" height=\"378\" width=\"672\"><source media=\"(min-width: 1024px) and (max-width: 1279px)\" srcset=\"https:\/\/a57.foxnews.com\/static.foxnews.com\/foxnews.com\/content\/uploads\/2024\/07\/931\/523\/Ukraine-missile-strike-3.jpg?ve=1&amp;tl=1, https:\/\/a57.foxnews.com\/static.foxnews.com\/foxnews.com\/content\/uploads\/2024\/07\/1862\/1046\/Ukraine-missile-strike-3.jpg?ve=1&amp;tl=1 2x\" height=\"523\" width=\"931\"><source media=\"(min-width: 1280px)\" srcset=\"https:\/\/a57.foxnews.com\/static.foxnews.com\/foxnews.com\/content\/uploads\/2024\/07\/720\/405\/Ukraine-missile-strike-3.jpg?ve=1&amp;tl=1, https:\/\/a57.foxnews.com\/static.foxnews.com\/foxnews.com\/content\/uploads\/2024\/07\/1440\/810\/Ukraine-missile-strike-3.jpg?ve=1&amp;tl=1 2x\" height=\"405\" width=\"720\"><img loading=\"lazy\" decoding=\"async\" src=\"https:\/\/a57.foxnews.com\/static.foxnews.com\/foxnews.com\/content\/uploads\/2024\/07\/1200\/675\/Ukraine-missile-strike-3.jpg?ve=1&amp;tl=1\" alt=\"Secuelas del ataque con misiles en Ucrania.\" width=\"1200\" height=\"675\"\/><\/source><\/source><\/source><\/source><\/picture><\/div>\n<div class=\"info\">\n<div class=\"caption\">\n<p><span>Se ve a personas y personal m\u00e9dico respondiendo al ataque con misiles contra un hospital infantil en Kiev.<\/span> <span>(AP\/Ant\u00f3n Shtuka)<\/span><\/p>\n<\/div>\n<\/div>\n<\/div>\n<p>\u00abUn caso que muestra tanto la crueldad de este crimen como la resiliencia de estos ni\u00f1os es esta historia\u00bb. <\/p>\n<p>Despu\u00e9s de ser llevado a Rusia, \u00ablo presionaron para que renunciara a su identidad ucraniana y lo expusieron a propaganda destinada a cambiar la forma en que ve\u00eda su propio pa\u00eds\u00bb.<\/p>\n<p>Su terrible experiencia pone de relieve lo que Maksym dijo que es el \u00absecuestro deliberado de ni\u00f1os ucranianos por parte de Rusia como parte de una estrategia para borrar su identidad y moldearlos en algo que no son\u00bb. <\/p>\n<p>\u00abRusia est\u00e1 gastando miles de millones en sistemas que militarizan y adoctrinan a estos ni\u00f1os en lugar de devolverlos\u00bb, afirm\u00f3 Maksym.<\/p>\n<p><strong>HAGA CLIC AQU\u00cd PARA DESCARGAR LA APLICACI\u00d3N FOX NEWS<\/strong><\/p>\n<p>\u00abLa posici\u00f3n de Ucrania es clara. Cada ni\u00f1o secuestrado debe ser devuelto incondicionalmente. No puede haber paz mientras un solo ni\u00f1o permanezca en manos de Rusia\u00bb, afirm\u00f3. \u00abLa guerra les ha quitado la infancia. Los ni\u00f1os viven con bombardeos, desplazamientos, miedo y la p\u00e9rdida de todo lo que les es familiar. Esto es calculado, es sistem\u00e1tico y apunta al futuro de Ucrania\u00bb.<\/p>\n<p> <!----> <\/p>\n<div class=\"article-meta\">\n<div class=\"author-bio\">\n<p>Emma Bussey es redactora de noticias de \u00faltima hora para Fox News Digital. Antes de unirse a Fox, trabaj\u00f3 en The Telegraph con el equipo nocturno de EE. UU., en \u00e1reas que inclu\u00edan asuntos exteriores, pol\u00edtica, noticias, deportes y cultura. <\/p>\n<\/div>\n<\/div>\n<\/div>\n\n","protected":false},"excerpt":{"rendered":"<p>NUEVO\u00a1Ahora puedes escuchar los art\u00edculos de Fox News! La primera dama Melania Trump y la ucraniana Olena Zelenska se han unido a una campa\u00f1a que expone la operaci\u00f3n de miles de millones de d\u00f3lares de Rusia para secuestrar y adoctrinar a ni\u00f1os ucranianos, dijo su portavoz. Mientras calificaba los intentos de Rusia de \u00abcalculados\u00bb para &hellip;<\/p>\n","protected":false},"author":1,"featured_media":53091,"comment_status":"open","ping_status":"open","sticky":false,"template":"","format":"standard","meta":{"fifu_image_url":"https:\/\/static.foxnews.com\/foxnews.com\/content\/uploads\/2025\/12\/olena-zelenska-melania-trump.jpg","fifu_image_alt":"","footnotes":""},"categories":[13],"tags":[],"class_list":["post-53089","post","type-post","status-publish","format-standard","has-post-thumbnail","","category-mundo"],"_links":{"self":[{"href":"https:\/\/noticiasveraces.com\/index.php?rest_route=\/wp\/v2\/posts\/53089","targetHints":{"allow":["GET"]}}],"collection":[{"href":"https:\/\/noticiasveraces.com\/index.php?rest_route=\/wp\/v2\/posts"}],"about":[{"href":"https:\/\/noticiasveraces.com\/index.php?rest_route=\/wp\/v2\/types\/post"}],"author":[{"embeddable":true,"href":"https:\/\/noticiasveraces.com\/index.php?rest_route=\/wp\/v2\/users\/1"}],"replies":[{"embeddable":true,"href":"https:\/\/noticiasveraces.com\/index.php?rest_route=%2Fwp%2Fv2%2Fcomments&post=53089"}],"version-history":[{"count":0,"href":"https:\/\/noticiasveraces.com\/index.php?rest_route=\/wp\/v2\/posts\/53089\/revisions"}],"wp:featuredmedia":[{"embeddable":true,"href":"https:\/\/noticiasveraces.com\/index.php?rest_route=\/wp\/v2\/media\/53091"}],"wp:attachment":[{"href":"https:\/\/noticiasveraces.com\/index.php?rest_route=%2Fwp%2Fv2%2Fmedia&parent=53089"}],"wp:term":[{"taxonomy":"category","embeddable":true,"href":"https:\/\/noticiasveraces.com\/index.php?rest_route=%2Fwp%2Fv2%2Fcategories&post=53089"},{"taxonomy":"post_tag","embeddable":true,"href":"https:\/\/noticiasveraces.com\/index.php?rest_route=%2Fwp%2Fv2%2Ftags&post=53089"}],"curies":[{"name":"wp","href":"https:\/\/api.w.org\/{rel}","templated":true}]}}