{"id":53074,"date":"2025-12-08T13:34:56","date_gmt":"2025-12-08T17:34:56","guid":{"rendered":"https:\/\/noticiasveraces.com\/?p=53074"},"modified":"2025-12-08T13:34:56","modified_gmt":"2025-12-08T17:34:56","slug":"los-fanaticos-de-wicked-for-good-critican-el-importante-desaire-de-los-globos-de-oro-peliculas-entretenimiento","status":"publish","type":"post","link":"https:\/\/noticiasveraces.com\/?p=53074","title":{"rendered":"Los fan\u00e1ticos de Wicked For Good critican el importante desaire de los Globos de Oro | Pel\u00edculas | Entretenimiento"},"content":{"rendered":"<p> \n<\/p>\n<div>\n<p>Los devotos de Wicked est\u00e1n alborotados despu\u00e9s de que la secuela recientemente presentada Wicked: For Good fuera pasada por alto para un galard\u00f3n crucial en los Globos de Oro de 2026.<\/p>\n<p>La pel\u00edcula, protagonizada por Cynthia Erivo y Ariana Grande, no logr\u00f3 conseguir el premio a la mejor pel\u00edcula musical o de comedia, siendo superada por Blue Moon, Bugonia, Marty Supreme, No Other Choice, Nouvelle Vague y One Battle After Another.<\/p>\n<p>A pesar de lograr el triunfo comercial, la continuaci\u00f3n, que incluy\u00f3 algunas secuencias cortadas, no logr\u00f3 generar el mismo entusiasmo que su predecesora, y la \u00faltima parte de la producci\u00f3n teatral que adapta com\u00fanmente se considera la mitad inferior.<\/p>\n<p>Mientras que Erivo y Grande obtuvieron reconocimiento en las categor\u00edas de interpretaci\u00f3n (mejor actriz y mejor actriz de reparto, respectivamente), los seguidores no pudieron comprender su mejor \u00abdescuido\u00bb musical.<\/p>\n<p>La BBC lo calific\u00f3 como \u00abel mayor desaire del d\u00eda\u00bb, y los entusiastas acudieron en masa a X, anteriormente Twitter, para expresar su incredulidad.<\/p>\n<\/div>\n<div>\n<p>Sanad declar\u00f3: \u00abNi siquiera quiero ser dram\u00e1tico, pero no #WickedForGood incluso siendo nominado en la categor\u00eda de Mejor Musical es rid\u00edculo\u00bb.<\/p>\n<p>Matts contribuy\u00f3: \u00abLos mayores desaires probablemente sean Safdie como director y Wicked como musical\/comedia\u00bb.<\/p>\n<p>Jackson revel\u00f3: \u00abSe qued\u00f3 sin aliento Y se ri\u00f3 de que Wicked: For Good fuera desairado en Musical o Comedia\u00bb.<\/p>\n<p>Matt Duffy coment\u00f3: \u00abRealmente perdieron el bal\u00f3n al no darle a Wicked el premio al Mejor Globo de Comedia\/Musical el a\u00f1o pasado #GoldenGlobes\u00bb.<\/p>\n<p>Shay pregunt\u00f3: \u00ab\u00bfEntonces me est\u00e1s diciendo que el organismo votante de los Globos de Oro pens\u00f3 que Emilia P\u00e9rez era mejor musical que Wicked?\u00bb En Threads, los seguidores continuaron expresando su desconcierto con respecto a las nominaciones, y Abbeybonadies public\u00f3: \u00abWicked: For Good no est\u00e1 nominada a Mejor Pel\u00edcula (musical\/comedia) en @goldenglobes cuando Cynthia y Ariana est\u00e1n nominadas a Mejor Actriz Principal y de Reparto Y sus dos nuevas canciones est\u00e1n nominadas a Mejor Canci\u00f3n Original. \u00bfTiene sentido?\u00bb.<\/p>\n<\/div>\n<div>\n<p>La pel\u00edcula obtuvo cr\u00edticas menos favorables en comparaci\u00f3n con su predecesora, pero sigui\u00f3 siendo un triunfo de taquilla y obtuvo el reconocimiento como una de las mejores pel\u00edculas de 2025 tanto del National Board of Review como del American Film Institute.<\/p>\n<p>Esta continuaci\u00f3n cuenta con una calificaci\u00f3n del 68% en Rotten Tomatoes, y los cr\u00edticos se\u00f1alan: \u00abDando una \u00faltima vuelta por el camino de ladrillos amarillos, el tono m\u00e1s oscuro y el ritmo pausado de Wicked: For Good a veces se interponen en el camino, pero esta conclusi\u00f3n \u00e9pica finalmente trae a casa la historia de Elphaba y Glinda de una manera conmovedora\u00bb.<\/p>\n<p>Mientras tanto, el novelista de Wicked Gregory Maguire ha revelado recientemente la fecha de publicaci\u00f3n de una precuela de Galinda titulada Galinda: A Charmed Childhood.<\/p>\n<p>Este tomo sirve como pieza complementaria de Elphie: A Wicked Childhood, que lleg\u00f3 a las tiendas a principios de este a\u00f1o.<\/p>\n<\/div>\n\n","protected":false},"excerpt":{"rendered":"<p>Los devotos de Wicked est\u00e1n alborotados despu\u00e9s de que la secuela recientemente presentada Wicked: For Good fuera pasada por alto para un galard\u00f3n crucial en los Globos de Oro de 2026. La pel\u00edcula, protagonizada por Cynthia Erivo y Ariana Grande, no logr\u00f3 conseguir el premio a la mejor pel\u00edcula musical o de comedia, siendo superada &hellip;<\/p>\n","protected":false},"author":1,"featured_media":53075,"comment_status":"open","ping_status":"open","sticky":false,"template":"","format":"standard","meta":{"fifu_image_url":"https:\/\/cdn.images.express.co.uk\/img\/dynamic\/36\/1200x630\/6600963.jpg","fifu_image_alt":"","footnotes":""},"categories":[765],"tags":[],"class_list":["post-53074","post","type-post","status-publish","format-standard","has-post-thumbnail","","category-peliculas"],"_links":{"self":[{"href":"https:\/\/noticiasveraces.com\/index.php?rest_route=\/wp\/v2\/posts\/53074","targetHints":{"allow":["GET"]}}],"collection":[{"href":"https:\/\/noticiasveraces.com\/index.php?rest_route=\/wp\/v2\/posts"}],"about":[{"href":"https:\/\/noticiasveraces.com\/index.php?rest_route=\/wp\/v2\/types\/post"}],"author":[{"embeddable":true,"href":"https:\/\/noticiasveraces.com\/index.php?rest_route=\/wp\/v2\/users\/1"}],"replies":[{"embeddable":true,"href":"https:\/\/noticiasveraces.com\/index.php?rest_route=%2Fwp%2Fv2%2Fcomments&post=53074"}],"version-history":[{"count":0,"href":"https:\/\/noticiasveraces.com\/index.php?rest_route=\/wp\/v2\/posts\/53074\/revisions"}],"wp:featuredmedia":[{"embeddable":true,"href":"https:\/\/noticiasveraces.com\/index.php?rest_route=\/wp\/v2\/media\/53075"}],"wp:attachment":[{"href":"https:\/\/noticiasveraces.com\/index.php?rest_route=%2Fwp%2Fv2%2Fmedia&parent=53074"}],"wp:term":[{"taxonomy":"category","embeddable":true,"href":"https:\/\/noticiasveraces.com\/index.php?rest_route=%2Fwp%2Fv2%2Fcategories&post=53074"},{"taxonomy":"post_tag","embeddable":true,"href":"https:\/\/noticiasveraces.com\/index.php?rest_route=%2Fwp%2Fv2%2Ftags&post=53074"}],"curies":[{"name":"wp","href":"https:\/\/api.w.org\/{rel}","templated":true}]}}