{"id":53061,"date":"2025-12-08T11:14:22","date_gmt":"2025-12-08T15:14:22","guid":{"rendered":"https:\/\/noticiasveraces.com\/?p=53061"},"modified":"2025-12-08T11:14:22","modified_gmt":"2025-12-08T15:14:22","slug":"mohamed-salah-fuera-de-la-convocatoria-del-liverpool-por-decision-tecnica","status":"publish","type":"post","link":"https:\/\/noticiasveraces.com\/?p=53061","title":{"rendered":"Mohamed Salah, fuera de la convocatoria del Liverpool por decisi\u00f3n t\u00e9cnica"},"content":{"rendered":"<p> \n<\/p>\n<div>\n<p data-mrf-recirculation=\"Links P\u00e1rrafos\" class=\"ue-c-article__paragraph paragraph xai-icon-container ue-c-article--first-letter-highlighted\">El caso Mohamed Salah ha dado un nuevo giro, que podr\u00eda ser definitivo, en el Liverpool. <strong>Coincidiendo con la escalada de tensi\u00f3n tras sus declaraciones contra Arne Slot, el club ha decidido dejar al egipcio fuera de la lista para el duelo de Champions ante el Inter de Mil\u00e1n<\/strong>una medida disciplinaria que llega en el momento m\u00e1s delicado de la relaci\u00f3n entre ambas partes. Seg\u00fan RMC,<strong> la entidad \u2018red\u2019 entiende que Salah cruz\u00f3 un l\u00edmite al se\u00f1alar p\u00fablicamente al t\u00e9cnico<\/strong> tras el empate ante el Leeds y ha actuado en consecuencia.<span class=\"xai-icon\"\/><\/p>\n<p data-mrf-recirculation=\"Links P\u00e1rrafos\" class=\"ue-c-article__paragraph paragraph xai-icon-container\">Salah hab\u00eda afirmado que su<strong> trayectoria le hac\u00eda \u201ctitular indiscutible\u201d y que hab\u00eda perdido \u201ctoda relaci\u00f3n\u201d con Slot \u201cde la noche a la ma\u00f1ana\u201d<\/strong>. El entrenador trat\u00f3 de enfriar el incendio recordando que necesita su mejor versi\u00f3n \u201csea desde el once o desde el banquillo\u201d, pero la<strong> frase m\u00e1s contundente sali\u00f3 desde el vestuario: Virgil van Dijk asegur\u00f3 que \u201caqu\u00ed juega quien rinde\u201d, dejando clara la postura del grupo y del club.<\/strong><span class=\"xai-icon\"\/><\/p>\n<p data-mrf-recirculation=\"Links P\u00e1rrafos\" class=\"ue-c-article__paragraph paragraph xai-icon-container\">Mientras tanto, <strong>el mercado ya se mueve. Al Hilal vuelve a la carga<\/strong> y prepara una oferta para llev\u00e1rselo tras la Copa \u00c1frica. Su duelo del fin de semana ante el Brighton podr\u00eda ser, si llega a jugar, su despedida de Anfield\u2026 aunque el escenario m\u00e1s probable es que no vuelva a vestir de \u2018red\u2019 antes de resolver su futuro.<span class=\"xai-icon\"\/><\/p>\n<p data-mrf-recirculation=\"Links P\u00e1rrafos\" class=\"ue-c-article__paragraph paragraph xai-icon-container\">A sus 33 a\u00f1os,Salah vive su episodio m\u00e1s convulso desde que aterriz\u00f3 en el club. <strong>Hoy, lo \u00fanico seguro es que no estar\u00e1 en la convocatoria. Y ese gesto del Liverpool lo dice todo.<\/strong><span class=\"xai-icon\"\/><\/p>\n<\/div>\n\n","protected":false},"excerpt":{"rendered":"<p>El caso Mohamed Salah ha dado un nuevo giro, que podr\u00eda ser definitivo, en el Liverpool. Coincidiendo con la escalada de tensi\u00f3n tras sus declaraciones contra Arne Slot, el club ha decidido dejar al egipcio fuera de la lista para el duelo de Champions ante el Inter de Mil\u00e1nuna medida disciplinaria que llega en el &hellip;<\/p>\n","protected":false},"author":1,"featured_media":53062,"comment_status":"open","ping_status":"open","sticky":false,"template":"","format":"standard","meta":{"fifu_image_url":"https:\/\/objetos-xlk.estaticos-marca.com\/files\/article_main_microformat\/\/uploads\/2025\/12\/08\/6936c8049b6b4.jpeg","fifu_image_alt":"","footnotes":""},"categories":[6],"tags":[],"class_list":["post-53061","post","type-post","status-publish","format-standard","has-post-thumbnail","","category-deportes"],"_links":{"self":[{"href":"https:\/\/noticiasveraces.com\/index.php?rest_route=\/wp\/v2\/posts\/53061","targetHints":{"allow":["GET"]}}],"collection":[{"href":"https:\/\/noticiasveraces.com\/index.php?rest_route=\/wp\/v2\/posts"}],"about":[{"href":"https:\/\/noticiasveraces.com\/index.php?rest_route=\/wp\/v2\/types\/post"}],"author":[{"embeddable":true,"href":"https:\/\/noticiasveraces.com\/index.php?rest_route=\/wp\/v2\/users\/1"}],"replies":[{"embeddable":true,"href":"https:\/\/noticiasveraces.com\/index.php?rest_route=%2Fwp%2Fv2%2Fcomments&post=53061"}],"version-history":[{"count":0,"href":"https:\/\/noticiasveraces.com\/index.php?rest_route=\/wp\/v2\/posts\/53061\/revisions"}],"wp:featuredmedia":[{"embeddable":true,"href":"https:\/\/noticiasveraces.com\/index.php?rest_route=\/wp\/v2\/media\/53062"}],"wp:attachment":[{"href":"https:\/\/noticiasveraces.com\/index.php?rest_route=%2Fwp%2Fv2%2Fmedia&parent=53061"}],"wp:term":[{"taxonomy":"category","embeddable":true,"href":"https:\/\/noticiasveraces.com\/index.php?rest_route=%2Fwp%2Fv2%2Fcategories&post=53061"},{"taxonomy":"post_tag","embeddable":true,"href":"https:\/\/noticiasveraces.com\/index.php?rest_route=%2Fwp%2Fv2%2Ftags&post=53061"}],"curies":[{"name":"wp","href":"https:\/\/api.w.org\/{rel}","templated":true}]}}