{"id":53054,"date":"2025-12-08T10:39:47","date_gmt":"2025-12-08T14:39:47","guid":{"rendered":"https:\/\/noticiasveraces.com\/?p=53054"},"modified":"2025-12-08T10:39:47","modified_gmt":"2025-12-08T14:39:47","slug":"trump-anuncio-normativa-federal-sobre-la-ia-para-evitar-regulaciones-estatales","status":"publish","type":"post","link":"https:\/\/noticiasveraces.com\/?p=53054","title":{"rendered":"Trump anunci\u00f3 normativa federal sobre la IA para evitar regulaciones estatales"},"content":{"rendered":"<p> \n<\/p>\n<div>\n<p>\n\t\t\t<span rel=\"author\" class=\"fn\">con una pala<\/span>\n\t\t<\/p>\n<p>\t\t<time class=\"entry-date published updated\" datetime=\"2025-12-08T10:30:35-04:00\">diciembre 08 2025, 10:30 am<\/time><br \/>\n\t\t<span class=\"spot-im-replies-count\" data-post-id=\"5845685\"\/><\/p>\n<figure id=\"attachment_5838493\" aria-describedby=\"caption-attachment-5838493\" style=\"width: 800px\" class=\"wp-caption alignnone\"><img fetchpriority=\"high\" decoding=\"async\" onerror=\"this.onerror=null;this.src=\" https:=\"\" class=\" wp-image-5838493\" src=\"https:\/\/sandia.datanubex.uk\/wp-content\/uploads\/2025\/11\/descarga-2025-11-25T140136.809.jpg\" alt=\"\" width=\"800\" height=\"533\"\/><figcaption id=\"caption-attachment-5838493\" class=\"wp-caption-text\">Donald Trump. REUTERS\/Nathan Howard<\/figcaption><\/figure>\n<\/p>\n<p>El presidente de Estados Unidos, Donald Trump, anunci\u00f3 este lunes que firmar\u00e1 una orden ejecutiva esta semana para imponer una \u00fanica normativa sobre inteligencia artificial (IA) a nivel federal y evitar as\u00ed que cada estado tenga la suya propia.<\/p>\n<p>\u00abSi queremos seguir liderando el campo de la IA, debe haber un \u00fanico reglamento. En este momento de la carrera, estamos ganando a TODOS LOS PA\u00cdSES, pero eso no durar\u00e1 mucho si tenemos 50 estados, muchos de ellos malos actores, involucrados en las NORMAS y el PROCESO DE APROBACI\u00d3N\u00bb, escribi\u00f3 Trump en su red social, Truth Social.<\/p>\n<p><!-- Begin Mailchimp Signup Form --><\/p>\n<div id=\"mc_embed_signup\">\n<p><label for=\"mce-EMAIL\">            \u00a1\u00danete al club ahora! Suscr\u00edbete al bolet\u00edn m\u00e1s importante de Venezuela          <\/label><iframe data-test-id=\"beehiiv-embed\" height=\"52\" frameborder=\"0\" scrolling=\"no\" style=\"margin: 0; border-radius: 0px !important; &#10;&#9;&#9;background-color: transparent;\" data-src=\"https:\/\/embeds.beehiiv.com\/cdab9503-16ae-4689-ad4f-1408c727a83a?slim=true\" class=\"lazyload\"><\/iframe><\/p>\n<\/div>\n<p><!--End mc_embed_signup 2--><\/p>\n<p>El mandatario avanz\u00f3 que firmar\u00e1 la orden ejecutiva sobre reglamento \u00fanico esta misma semana porque sino \u00abla IA se ver\u00e1 destruida en su fase inicial\u00bb.<\/p>\n<p>\u00abNo se puede esperar que una empresa obtenga 50 aprobaciones cada vez que quiera hacer algo. \u00a1Eso nunca funcionar\u00e1!\u00bb, a\u00f1adi\u00f3 el presidente.<\/p>\n<p>Hace unas semanas, Trump carg\u00f3 contra la \u00absobreregulaci\u00f3n de los estados\u00bb en el campo de la IA y apost\u00f3 por tener un est\u00e1ndar federal.<\/p>\n<p>En el \u00faltimo a\u00f1o, algunos estados, como California, han aprobado leyes estatales para regular el desarrollo y el uso de la IA.<\/p>\n<p>Casi 40 fiscales generales pidieron a finales de noviembre al Congreso que rechazara un cambio legislativo que pueda impedir a los estados aprobar regulaciones sobre IA<\/p>\n<p>Los fiscales de 36 de los 50 estados de EE.UU., de ambos lados del espectro pol\u00edtico, enviaron una carta a los l\u00edderes del Congreso en la que reclamaron mantener la capacidad para \u00abaplicar las leyes existentes y formular nuevos enfoques\u00bb ante los desaf\u00edos de la IA.<\/p>\n<p>Los fiscales reivindicaron que los estados est\u00e1n \u00abmejor equipados para responder a esta tecnolog\u00eda r\u00e1pidamente cambiante porque los gobiernos estatales son m\u00e1s \u00e1giles\u00bb.<\/p>\n<p>Desde su regreso a la Casa Blanca, el mandatario est\u00e1 luchando porque EE.UU. gane la carrera por el liderazgo de la IA a China, a trav\u00e9s de acabar con las regulaciones y las barreras que puedan frenar su r\u00e1pida extensi\u00f3n.<\/p>\n<p><strong>EFE<\/strong><\/p>\n<p><!-- CONTENT END 2 -->\n\t<\/div>\n\n","protected":false},"excerpt":{"rendered":"<p>con una pala diciembre 08 2025, 10:30 am Donald Trump. REUTERS\/Nathan Howard El presidente de Estados Unidos, Donald Trump, anunci\u00f3 este lunes que firmar\u00e1 una orden ejecutiva esta semana para imponer una \u00fanica normativa sobre inteligencia artificial (IA) a nivel federal y evitar as\u00ed que cada estado tenga la suya propia. \u00abSi queremos seguir liderando &hellip;<\/p>\n","protected":false},"author":1,"featured_media":53056,"comment_status":"open","ping_status":"open","sticky":false,"template":"","format":"standard","meta":{"fifu_image_url":"https:\/\/sandia.datanubex.uk\/wp-content\/uploads\/2025\/11\/descarga-2025-11-25T140136.809.jpg","fifu_image_alt":"","footnotes":""},"categories":[13],"tags":[],"class_list":["post-53054","post","type-post","status-publish","format-standard","has-post-thumbnail","","category-mundo"],"_links":{"self":[{"href":"https:\/\/noticiasveraces.com\/index.php?rest_route=\/wp\/v2\/posts\/53054","targetHints":{"allow":["GET"]}}],"collection":[{"href":"https:\/\/noticiasveraces.com\/index.php?rest_route=\/wp\/v2\/posts"}],"about":[{"href":"https:\/\/noticiasveraces.com\/index.php?rest_route=\/wp\/v2\/types\/post"}],"author":[{"embeddable":true,"href":"https:\/\/noticiasveraces.com\/index.php?rest_route=\/wp\/v2\/users\/1"}],"replies":[{"embeddable":true,"href":"https:\/\/noticiasveraces.com\/index.php?rest_route=%2Fwp%2Fv2%2Fcomments&post=53054"}],"version-history":[{"count":0,"href":"https:\/\/noticiasveraces.com\/index.php?rest_route=\/wp\/v2\/posts\/53054\/revisions"}],"wp:featuredmedia":[{"embeddable":true,"href":"https:\/\/noticiasveraces.com\/index.php?rest_route=\/wp\/v2\/media\/53056"}],"wp:attachment":[{"href":"https:\/\/noticiasveraces.com\/index.php?rest_route=%2Fwp%2Fv2%2Fmedia&parent=53054"}],"wp:term":[{"taxonomy":"category","embeddable":true,"href":"https:\/\/noticiasveraces.com\/index.php?rest_route=%2Fwp%2Fv2%2Fcategories&post=53054"},{"taxonomy":"post_tag","embeddable":true,"href":"https:\/\/noticiasveraces.com\/index.php?rest_route=%2Fwp%2Fv2%2Ftags&post=53054"}],"curies":[{"name":"wp","href":"https:\/\/api.w.org\/{rel}","templated":true}]}}