{"id":53036,"date":"2025-12-08T06:10:13","date_gmt":"2025-12-08T10:10:13","guid":{"rendered":"https:\/\/noticiasveraces.com\/?p=53036"},"modified":"2025-12-08T06:10:13","modified_gmt":"2025-12-08T10:10:13","slug":"jose-antonio-kast-y-jeannette-jara-pugnan-por-atraer-a-indecisos-y-moderados-chilenos","status":"publish","type":"post","link":"https:\/\/noticiasveraces.com\/?p=53036","title":{"rendered":"Jos\u00e9 Antonio Kast y Jeannette Jara pugnan por atraer a indecisos y moderados chilenos"},"content":{"rendered":"<p> \n<\/p>\n<div>\n<p>Una semana antes de la segunda vuelta del 14 de diciembre, Chile entra en la recta final de sus elecciones presidenciales, en la que se enfrentar\u00e1n el candidato de extrema derecha Jos\u00e9 Antonio Kast y la izquierdista Jeannette Jara.<\/p>\n<p>A siete d\u00edas de la votaci\u00f3n decisiva, <strong>las encuestas de opini\u00f3n siguen dando a Jos\u00e9 Antonio Kast como el vencedor<\/strong>con una ventaja clara de 10 a 15 puntos sobre la candidata del oficialismo, que no ha logrado reducir de manera significativa la diferencia de votos durante los \u00faltimos d\u00edas.<\/p>\n<p><strong>Jos\u00e9 Antonio Kast parece aprovechar las transferencias de votos de los candidatos de derecha derrotados<\/strong>al conseguir el apoyo del libertario Johannes Kaiser y de la representante de la derecha tradicional Evelyn Matthei, que obtuvieron respectivamente el 13,9% y el 12,4% de los votos en primera vuelta.<\/p>\n<p>En frente, <strong>Jeannette Jara, al ser la \u00fanica candidata de la izquierda, no parece tener importantes reservas de votos<\/strong> para sumar un resultado que le permitir\u00eda ganar.<\/p>\n<div class=\"m-em-image\">\n<figure class=\"m-item-image m-item-image--original m-item-image--has-caption\">\n<picture class=\"a-picture a-picture--original\"><source type=\"image\/webp\" srcset=\"https:\/\/s.france24.com\/media\/display\/4c17d1d8-d3d6-11f0-88d4-005056bf30b7\/w:246\/2025-11-27T133653Z-1427019827-RC28YHAMSPUD-RTRMADP-3-CHILE-ELECTION-ABORTION.webp 246w,https:\/\/s.france24.com\/media\/display\/4c17d1d8-d3d6-11f0-88d4-005056bf30b7\/w:388\/2025-11-27T133653Z-1427019827-RC28YHAMSPUD-RTRMADP-3-CHILE-ELECTION-ABORTION.webp 388w,https:\/\/s.france24.com\/media\/display\/4c17d1d8-d3d6-11f0-88d4-005056bf30b7\/w:720\/2025-11-27T133653Z-1427019827-RC28YHAMSPUD-RTRMADP-3-CHILE-ELECTION-ABORTION.webp 720w,https:\/\/s.france24.com\/media\/display\/4c17d1d8-d3d6-11f0-88d4-005056bf30b7\/w:980\/2025-11-27T133653Z-1427019827-RC28YHAMSPUD-RTRMADP-3-CHILE-ELECTION-ABORTION.webp 980w\" sizes=\"(max-width: 1023px) calc(100vw - 32px), (min-width: 1024px) 850px\"><img decoding=\"async\" fetchpriority=\"low\" src=\"https:\/\/s.france24.com\/media\/display\/4c17d1d8-d3d6-11f0-88d4-005056bf30b7\/w:980\/2025-11-27T133653Z-1427019827-RC28YHAMSPUD-RTRMADP-3-CHILE-ELECTION-ABORTION.jpg\" srcset=\"https:\/\/s.france24.com\/media\/display\/4c17d1d8-d3d6-11f0-88d4-005056bf30b7\/w:246\/2025-11-27T133653Z-1427019827-RC28YHAMSPUD-RTRMADP-3-CHILE-ELECTION-ABORTION.jpg 246w,https:\/\/s.france24.com\/media\/display\/4c17d1d8-d3d6-11f0-88d4-005056bf30b7\/w:388\/2025-11-27T133653Z-1427019827-RC28YHAMSPUD-RTRMADP-3-CHILE-ELECTION-ABORTION.jpg 388w,https:\/\/s.france24.com\/media\/display\/4c17d1d8-d3d6-11f0-88d4-005056bf30b7\/w:720\/2025-11-27T133653Z-1427019827-RC28YHAMSPUD-RTRMADP-3-CHILE-ELECTION-ABORTION.jpg 720w,https:\/\/s.france24.com\/media\/display\/4c17d1d8-d3d6-11f0-88d4-005056bf30b7\/w:980\/2025-11-27T133653Z-1427019827-RC28YHAMSPUD-RTRMADP-3-CHILE-ELECTION-ABORTION.jpg 980w\" sizes=\"(max-width: 1023px) calc(100vw - 32px), (min-width: 1024px) 850px\" alt=\"Un hombre se\u00f1ala un peri\u00f3dico  candidato presidencial de extrema derecha Jos\u00e9 Antonio Kast y un titular que dice &quot;Kast est\u00e1 a medio camino de convertirse en el pr\u00f3ximo presidente&quot;en Santiago de Chile, el 17 de noviembre de 2025.\" style=\"max-height:567px\" loading=\"lazy\" class=\"a-img \"\/><\/source><\/picture><figcaption class=\"a-figcaption\">\n                <span>Un hombre se\u00f1ala un peri\u00f3dico  candidato presidencial de extrema derecha Jos\u00e9 Antonio Kast y un titular que dice \u00abKast est\u00e1 a medio camino de convertirse en el pr\u00f3ximo presidente\u00bb, en Santiago de Chile, el 17 de noviembre de 2025.<\/span>                <span>\u00a9 Juan Gonz\u00e1lez \/ REUTERS<\/span>            <\/figcaption><\/figure>\n<\/p><\/div>\n<p>\u201cHay un 90 o un 95% de probabilidad que gane Jos\u00e9 Antonio Kast\u201d, dijo, en el mismo orden de idea, Ra\u00fal Elgueta, director del Instituto de estudios avanzados de la Universidad de Santiago de Chile, en entrevista con France 24.<\/p>\n<p>Sin embargo, <strong>el voto indeciso y moderado<\/strong> todav\u00eda aparece como una de las claves de estos comicios<\/p>\n<h2><strong>La dif\u00edcil medici\u00f3n y captaci\u00f3n del voto indeciso<\/strong><\/h2>\n<p>\u00daltimamente, las campa\u00f1as de ambos candidatos han intensificado sus mensajes, buscando movilizar a los votantes indecisos.<\/p>\n<p>En un pa\u00eds donde <strong>por primera vez el voto es obligatorio, con inscripci\u00f3n autom\u00e1tica y multas por los que no cumplir\u00e1n con su deber<\/strong>se estima que entre cinco y seis millones de chilenos votar\u00e1n de manera obligada por primera vez en una elecci\u00f3n presidencial.<\/p>\n<p>Este grupo de los indecisos es, por definici\u00f3n, <strong>dif\u00edcil de medir<\/strong> y las personas que lo componen son los que cambian sus preferencias electorales con m\u00e1s frecuencia, lo que lo hace a\u00fan m\u00e1s dif\u00edcil de captar para los candidatos.<\/p>\n<p>Seg\u00fan el Centro de Estudios Pol\u00edticos (CEP), los indecisos se clasifican en dos categor\u00edas: <strong>los \u201cdesapegados\u201d<\/strong>que no votaron en las presidenciales de 2021 y no tienen mucho inter\u00e9s en hacerlo este a\u00f1o y <strong>los \u201cdesinteresados\u201d<\/strong>que s\u00ed acudieron a los comicios de hace cuatro a\u00f1os, pero que no muestran intereses en las elecciones de este a\u00f1o.<\/p>\n<div id=\"em-WBMZ356018-F24-ES-20251208\" class=\"m-em-flash\" data-xtwitter-script=\"\"><figcaption class=\"a-figcaption\">\n<\/figcaption><div class=\"o-em-consent \">\n<div class=\"o-em-consent__content\">\n<p class=\"o-em-consent__content__text\">Para mostrar este contenido de X (Twitter), debe autorizar las cookies de medici\u00f3n de audiencia y publicidad.<\/p>\n<p>        <button class=\"a-master-button a-master-button--dark\" data-action=\"accept\">Aceptar<i class=\"a-svg a-svg--icon-check\"\/><\/button><br \/>\n        <button class=\"a-link\" data-action=\"manage\">Gestionar mis opciones<i class=\"a-svg a-svg--icon-edit\"\/><\/button>\n    <\/div>\n<\/div>\n<\/div>\n<p>Seg\u00fan el Centro de Investigaci\u00f3n period\u00edstica de Chile (Ciper), la primera categor\u00eda corresponde a <strong>personas antisistemas, claramente desilusionadas por la pol\u00edtica institucional<\/strong>. Son \u201cel segmento menos comprometido ideol\u00f3gicamente, lo que los convierte en el voto flotante por excelencia\u201d, apunta el Ciper.<\/p>\n<p>\u201cSin embargo, <strong>su desconfianza profunda y su priorizaci\u00f3n de temas como delincuencia, inmigraci\u00f3n y empleo los acerca m\u00e1s a la agenda de la derecha<\/strong>\u201d, a\u00f1ade la nota, lo que podr\u00eda relevar una probable inclinaci\u00f3n a Jos\u00e9 Antonio Kast.<\/p>\n<p>El candidato de extrema derecha, al llamar a la uni\u00f3n de la sociedad chilena para derrotar al oficialismo, y al enfocar su discurso en seguridad y econom\u00eda, podr\u00eda captar una parte de estos indecisos.<\/p>\n<h2><strong>\u00bfEl voto moderado se inclina hacia Jos\u00e9 Antonio Kast?<\/strong><\/h2>\n<p>Adem\u00e1s, seg\u00fan el CEP, los \u201cdesinteresados\u201d corresponder\u00edan a personas mayores de 45 a\u00f1os, con <strong>ideas moderadas, identificadas como las del centro pol\u00edtico<\/strong> y que no se reconocen en las figuras m\u00e1s radicales que representan Kast y Jara.<\/p>\n<p>Sin embargo, el \u00e9nfasis de Jos\u00e9 Antonio Kast sobre seguridad y temas econ\u00f3micos tambi\u00e9n podr\u00eda seducir a estos electores, m\u00e1s preocupados por cuestiones relativas al sustento econ\u00f3mico.<\/p>\n<p>Al contrario, <strong>la trayectoria pol\u00edtica de Jeannette Jara, con un largo historial de militancia en el Partido Comunista de Chile, podr\u00eda asustar al electorado moderado<\/strong>opina John Henr\u00edquez, subdirector de Desarrollo de Faro UDD, tambi\u00e9n en entrevista con France 24.<\/p>\n<div class=\"m-em-image\">\n<figure class=\"m-item-image m-item-image--original m-item-image--has-caption\">\n<picture class=\"a-picture a-picture--original\"><source type=\"image\/webp\" srcset=\"https:\/\/s.france24.com\/media\/display\/4deb1ebc-d3d5-11f0-a35e-005056bf30b7\/w:246\/AP25337652044296.webp 246w,https:\/\/s.france24.com\/media\/display\/4deb1ebc-d3d5-11f0-a35e-005056bf30b7\/w:388\/AP25337652044296.webp 388w,https:\/\/s.france24.com\/media\/display\/4deb1ebc-d3d5-11f0-a35e-005056bf30b7\/w:720\/AP25337652044296.webp 720w,https:\/\/s.france24.com\/media\/display\/4deb1ebc-d3d5-11f0-a35e-005056bf30b7\/w:980\/AP25337652044296.webp 980w\" sizes=\"(max-width: 1023px) calc(100vw - 32px), (min-width: 1024px) 850px\"><img decoding=\"async\" fetchpriority=\"low\" src=\"https:\/\/s.france24.com\/media\/display\/4deb1ebc-d3d5-11f0-a35e-005056bf30b7\/w:980\/AP25337652044296.jpg\" srcset=\"https:\/\/s.france24.com\/media\/display\/4deb1ebc-d3d5-11f0-a35e-005056bf30b7\/w:246\/AP25337652044296.jpg 246w,https:\/\/s.france24.com\/media\/display\/4deb1ebc-d3d5-11f0-a35e-005056bf30b7\/w:388\/AP25337652044296.jpg 388w,https:\/\/s.france24.com\/media\/display\/4deb1ebc-d3d5-11f0-a35e-005056bf30b7\/w:720\/AP25337652044296.jpg 720w,https:\/\/s.france24.com\/media\/display\/4deb1ebc-d3d5-11f0-a35e-005056bf30b7\/w:980\/AP25337652044296.jpg 980w\" sizes=\"(max-width: 1023px) calc(100vw - 32px), (min-width: 1024px) 850px\" alt=\"Los seguidores de la candidata presidencial Jeannette Jarase reflejan en la ventana del coche de la candidata tras el debate con su rival Jos\u00e9 Antonio Kast, en Santiago de Chile, el 3 de diciembre de 2025.\" style=\"max-height:567px\" loading=\"lazy\" class=\"a-img \"\/><\/source><\/picture><figcaption class=\"a-figcaption\">\n                <span>Los seguidores de la candidata presidencial Jeannette Jarase reflejan en la ventana del coche de la candidata tras el debate con su rival Jos\u00e9 Antonio Kast, en Santiago de Chile, el 3 de diciembre de 2025.<\/span>                <span>\u00a9 Esteban F\u00e9lix \/ AP<\/span>            <\/figcaption><\/figure>\n<\/p><\/div>\n<p><strong>\u201cEl partido comunista genera m\u00e1s resistencia no solo por parte de la derecha sino tambi\u00e9n por parte de muchas personas apol\u00edticas o m\u00e1s moderadas, del centro pol\u00edtico<\/strong>. Hay una desconfianza\u201d, observ\u00f3 el profesor.<\/p>\n<p>\u201cPor m\u00e1s esfuerzos que ha hecho Jeannette Jara para desmarcarse de esta afiliaci\u00f3n pol\u00edtica (\u2026) la ciudadan\u00eda no lo recibi\u00f3 as\u00ed\u201d, agreg\u00f3 el profesor.<\/p>\n<p>En frente, Jos\u00e9 Antonio Kast busca incorporar a su campa\u00f1a a \u201ccualquier persona que quiera dar su apoyo a las ideas de la libertad\u201d, dijo en un mensaje que puede convencer al centro pol\u00edtico.<\/p>\n<p>De hecho, desde que empez\u00f3 la campa\u00f1a para la segunda vuelta, <strong>el candidato de extrema derecha decidi\u00f3 no insistir en sus posiciones ideol\u00f3gicas m\u00e1s conservadoras<\/strong>o incluso afines de la dictadura de Pinochet.<\/p>\n<h2><strong>Las transferencias de votos del Partido de la Gente de Franco Parisi<\/strong><\/h2>\n<p>Otros votantes claves sin duda ser\u00e1n los que han votado por Franco Parisi, en primera vuelta. El candidato populista del Partido de la Gente (PDG) llego en tercera posici\u00f3n con el 19,7% de los sufragios.<\/p>\n<p>El pasado 30 de noviembre, tras una consulta interna, <strong>el PDG decidi\u00f3 no apoyar a ninguno de los candidatos y votar nulo o en blanco<\/strong>.<\/p>\n<p>Sin embargo, <strong>el perfil antisistema de los seguidores de Franco Parisi, muy cr\u00edticos de la clase pol\u00edtica, podr\u00eda acercarse de Jos\u00e9 Antonio Kast<\/strong> mientras que Jeannette Jara sigue representando al oficialismo.<\/p>\n<p>Jos\u00e9 Antonio Kast, posicion\u00e1ndose como la figura de <strong>ruptura con al oficialismo<\/strong>podr\u00eda, quiz\u00e1s, captar una parte de este electorado.<\/p>\n<p>\u201cLos seguidores de Franco Parisi podr\u00edan acercarse al caballo ganador\u201d, analiza, de igual manera, Ra\u00fal Elgueta.  <\/p>\n<div id=\"em-WBMZ356016-F24-ES-20251208\" class=\"m-em-flash\" data-xtwitter-script=\"\"><figcaption class=\"a-figcaption\">\n<\/figcaption><div class=\"o-em-consent \">\n<div class=\"o-em-consent__content\">\n<p class=\"o-em-consent__content__text\">Para mostrar este contenido de X (Twitter), debe autorizar las cookies de medici\u00f3n de audiencia y publicidad.<\/p>\n<p>        <button class=\"a-master-button a-master-button--dark\" data-action=\"accept\">Aceptar<i class=\"a-svg a-svg--icon-check\"\/><\/button><br \/>\n        <button class=\"a-link\" data-action=\"manage\">Gestionar mis opciones<i class=\"a-svg a-svg--icon-edit\"\/><\/button>\n    <\/div>\n<\/div>\n<\/div>\n<p>Sin embargo, <strong>Jeannette Jara tambi\u00e9n intenta captar a los electores de Franco Parisi<\/strong> como lo mostr\u00f3 su viaje a la regi\u00f3n de Antofagasta a finales de noviembre. Alli insisti\u00f3 en lo econ\u00f3mico, retomando propuestas del candidato populista como la rebaja del IVA a medicamentos o la eliminaci\u00f3n de la cuota inicial para comprar vivienda.<\/p>\n<p>En todo caso, los expertos advierten de que se trata de un <strong>voto muy vol\u00e1til<\/strong> y que, a menudo, escoge por qui\u00e9n votar al \u00faltimo momento, lo que le hace muy dif\u00edcil prever su inclinaci\u00f3n.<\/p>\n<\/p>\n<p>Con Efe y medios locales<\/p>\n<\/p><\/div>\n\n","protected":false},"excerpt":{"rendered":"<p>Una semana antes de la segunda vuelta del 14 de diciembre, Chile entra en la recta final de sus elecciones presidenciales, en la que se enfrentar\u00e1n el candidato de extrema derecha Jos\u00e9 Antonio Kast y la izquierdista Jeannette Jara. A siete d\u00edas de la votaci\u00f3n decisiva, las encuestas de opini\u00f3n siguen dando a Jos\u00e9 Antonio &hellip;<\/p>\n","protected":false},"author":1,"featured_media":53038,"comment_status":"open","ping_status":"open","sticky":false,"template":"","format":"standard","meta":{"fifu_image_url":"https:\/\/s.france24.com\/media\/display\/c263a122-d3d2-11f0-9edb-005056a90284\/w:1280\/p:16x9\/AP25337481925741.jpg","fifu_image_alt":"","footnotes":""},"categories":[13],"tags":[],"class_list":["post-53036","post","type-post","status-publish","format-standard","has-post-thumbnail","","category-mundo"],"_links":{"self":[{"href":"https:\/\/noticiasveraces.com\/index.php?rest_route=\/wp\/v2\/posts\/53036","targetHints":{"allow":["GET"]}}],"collection":[{"href":"https:\/\/noticiasveraces.com\/index.php?rest_route=\/wp\/v2\/posts"}],"about":[{"href":"https:\/\/noticiasveraces.com\/index.php?rest_route=\/wp\/v2\/types\/post"}],"author":[{"embeddable":true,"href":"https:\/\/noticiasveraces.com\/index.php?rest_route=\/wp\/v2\/users\/1"}],"replies":[{"embeddable":true,"href":"https:\/\/noticiasveraces.com\/index.php?rest_route=%2Fwp%2Fv2%2Fcomments&post=53036"}],"version-history":[{"count":0,"href":"https:\/\/noticiasveraces.com\/index.php?rest_route=\/wp\/v2\/posts\/53036\/revisions"}],"wp:featuredmedia":[{"embeddable":true,"href":"https:\/\/noticiasveraces.com\/index.php?rest_route=\/wp\/v2\/media\/53038"}],"wp:attachment":[{"href":"https:\/\/noticiasveraces.com\/index.php?rest_route=%2Fwp%2Fv2%2Fmedia&parent=53036"}],"wp:term":[{"taxonomy":"category","embeddable":true,"href":"https:\/\/noticiasveraces.com\/index.php?rest_route=%2Fwp%2Fv2%2Fcategories&post=53036"},{"taxonomy":"post_tag","embeddable":true,"href":"https:\/\/noticiasveraces.com\/index.php?rest_route=%2Fwp%2Fv2%2Ftags&post=53036"}],"curies":[{"name":"wp","href":"https:\/\/api.w.org\/{rel}","templated":true}]}}