{"id":53002,"date":"2025-12-08T01:50:22","date_gmt":"2025-12-08T05:50:22","guid":{"rendered":"https:\/\/noticiasveraces.com\/?p=53002"},"modified":"2025-12-08T01:50:22","modified_gmt":"2025-12-08T05:50:22","slug":"venezolanos-improvisan-rutas-hacia-la-frontera-con-colombia-para-conectar-con-vuelos-internacionales","status":"publish","type":"post","link":"https:\/\/noticiasveraces.com\/?p=53002","title":{"rendered":"Venezolanos improvisan rutas hacia la frontera con Colombia para conectar con vuelos internacionales"},"content":{"rendered":"<p> \n<\/p>\n<div>\n<p><strong>Pasajeros en Venezuela han tenido que improvisar viajes por tierra y en vuelos locales \u2013<\/strong>cumpliendo hasta cinco trayectos-, para llegar a zonas fronterizas desde donde cruzan hacia <strong>Colombia<\/strong>en busca de conexiones a\u00e9reas ante la suspensi\u00f3n de itinerarios por parte aerol\u00edneas internacionales.<\/p>\n<p>En el estado T\u00e1chira, fronterizo con Colombia, los aeropuertos General Cipriano Castro, ubicado en San Antonio del T\u00e1chira, y Mayor Buenaventura Vivas Guerrero, en la parroquia de Santo Domingo, <strong>se han convertido en el punto de llegada de viajeros de paso hacia la fronteriza ciudad colombiana de C\u00facuta<\/strong>.<\/p>\n<p>Uno de estos pasajeros era <strong>Jos\u00e9 Castro<\/strong>quien refiri\u00f3 a EFE que comenz\u00f3 su periplo en el estado insular de Nueva Esparta, <strong>desde donde vol\u00f3 hacia Caracas<\/strong>. All\u00ed, tom\u00f3 otro avi\u00f3n con rumbo a San Antonio del T\u00e1chira para atravesar por tierra hasta C\u00facuta, donde ten\u00eda previsto abordar un vuelo a <strong>Bogot\u00e1 <\/strong>y desde ah\u00ed a su destino final: Madrid.<\/p>\n<p><strong>Castro dijo que compr\u00f3 por 900 euros el billete hacia Espa\u00f1a<\/strong>una decisi\u00f3n a la que han recurrido numerosos pasajeros que quedaron varados luego de que 12 aerol\u00edneas cancelaran en las \u00faltimas dos semanas <strong>sus itinerarios hacia y desde Venezuela<\/strong> a ra\u00edz de la advertencia de las autoridades estadounidenses del peligro de sobrevolar el pa\u00eds y el sur del Caribe, en pleno despliegue militar de Estados Unidos frente a las costas del pa\u00eds suramericano.<\/p>\n<figure class=\"wp-block-image size-large\"><img fetchpriority=\"high\" width=\"1200\" height=\"800\" alt=\"Venezolanos improvisan rutas hacia la frontera con Colombia para conectar con vuelos internacionales\" sizes=\"(max-width: 1200px) 100vw, 1200px\" srcset=\"https:\/\/eldiario.com\/nitropack_static\/DWpklAePbJBFiBKvuTtiGMLbtJlHUqWt\/assets\/images\/optimized\/rev-dcb157a\/eldiario.com\/wp-content\/uploads\/2025\/12\/0d629be69514a568563f9b9488a209ad19602182-1200x800.jpg 1200w, https:\/\/eldiario.com\/nitropack_static\/DWpklAePbJBFiBKvuTtiGMLbtJlHUqWt\/assets\/images\/optimized\/rev-dcb157a\/eldiario.com\/wp-content\/uploads\/2025\/12\/0d629be69514a568563f9b9488a209ad19602182-300x200.jpg 300w, https:\/\/eldiario.com\/nitropack_static\/DWpklAePbJBFiBKvuTtiGMLbtJlHUqWt\/assets\/images\/optimized\/rev-dcb157a\/eldiario.com\/wp-content\/uploads\/2025\/12\/0d629be69514a568563f9b9488a209ad19602182-768x512.jpg 768w, https:\/\/eldiario.com\/nitropack_static\/DWpklAePbJBFiBKvuTtiGMLbtJlHUqWt\/assets\/images\/optimized\/rev-dcb157a\/eldiario.com\/wp-content\/uploads\/2025\/12\/0d629be69514a568563f9b9488a209ad19602182-1536x1023.jpg 1536w, https:\/\/eldiario.com\/nitropack_static\/DWpklAePbJBFiBKvuTtiGMLbtJlHUqWt\/assets\/images\/optimized\/rev-dcb157a\/eldiario.com\/wp-content\/uploads\/2025\/12\/0d629be69514a568563f9b9488a209ad19602182-330x220.jpg 330w, https:\/\/eldiario.com\/nitropack_static\/DWpklAePbJBFiBKvuTtiGMLbtJlHUqWt\/assets\/images\/optimized\/rev-dcb157a\/eldiario.com\/wp-content\/uploads\/2025\/12\/0d629be69514a568563f9b9488a209ad19602182-420x280.jpg 420w, https:\/\/eldiario.com\/nitropack_static\/DWpklAePbJBFiBKvuTtiGMLbtJlHUqWt\/assets\/images\/optimized\/rev-dcb157a\/eldiario.com\/wp-content\/uploads\/2025\/12\/0d629be69514a568563f9b9488a209ad19602182-615x410.jpg 615w, https:\/\/eldiario.com\/nitropack_static\/DWpklAePbJBFiBKvuTtiGMLbtJlHUqWt\/assets\/images\/optimized\/rev-dcb157a\/eldiario.com\/wp-content\/uploads\/2025\/12\/0d629be69514a568563f9b9488a209ad19602182-860x573.jpg 860w, https:\/\/eldiario.com\/nitropack_static\/DWpklAePbJBFiBKvuTtiGMLbtJlHUqWt\/assets\/images\/optimized\/rev-dcb157a\/eldiario.com\/wp-content\/uploads\/2025\/12\/0d629be69514a568563f9b9488a209ad19602182-150x100.jpg 150w, https:\/\/eldiario.com\/nitropack_static\/DWpklAePbJBFiBKvuTtiGMLbtJlHUqWt\/assets\/images\/optimized\/rev-dcb157a\/eldiario.com\/wp-content\/uploads\/2025\/12\/0d629be69514a568563f9b9488a209ad19602182.jpg 1600w\" src=\"https:\/\/eldiario.com\/nitropack_static\/DWpklAePbJBFiBKvuTtiGMLbtJlHUqWt\/assets\/images\/optimized\/rev-dcb157a\/eldiario.com\/wp-content\/uploads\/2025\/12\/0d629be69514a568563f9b9488a209ad19602182-1200x800.jpg\" class=\"wp-image-831800 nitro-lazy\" decoding=\"async\" nitro-lazy-empty=\"\" id=\"ODQyOjE0OTE=-1\"\/><figcaption class=\"wp-element-caption\">Captura de video que muestra veh\u00edculos transitando por el puente, conocido como \u2018Tienditas | Foto: EFE\/ Mariana Duque<\/figcaption><\/figure>\n<p>La cascada de cancelaciones ha dejado a Venezuela moment\u00e1neamente sin compa\u00f1\u00edas internacionales que ofrezcan viajes.<\/p>\n<p>Durante su trayecto, <strong>este viajero sorte\u00f3 el cierre del principal cruce por tierra entre ambos pa\u00edses<\/strong>el Puente Internacional Sim\u00f3n Bol\u00edvar, debido a una protesta de familiares de colombianos detenidos en Venezuela, quienes se encadenaron y cerraron el tr\u00e1nsito peatonal y vehicular por ese paso fronterizo para exigir respuestas a los casos de sus parientes.<\/p>\n<p>Castro tuvo que tomar un taxi hasta otro puente, conocido como <strong>\u201cTienditas\u201d<\/strong>a unos 10 kil\u00f3metros del Sim\u00f3n Bol\u00edvar, para continuar hacia suelo colombiano.<\/p>\n<h2 class=\"wp-block-heading\" id=\"h-intente-buscar-vuelos-directos-desde-caracas-hasta-medellin-y-no-consegui\"><strong>\u201cIntent\u00e9 buscar vuelos directos desde Caracas hasta Medell\u00edn y no consegu\u00ed\u201d<\/strong><\/h2>\n<p>En <strong>\u201cTienditas\u201d<\/strong> se encontraban <strong>Jos\u00e9<\/strong> y <strong>paola<\/strong>esposos venezolanos, quienes llegaron a la frontera desde el estado Miranda. Viajaban rumbo a C\u00facuta para llegar a la ciudad de Medell\u00edn -en el oeste de Colombia-, un trayecto que hac\u00edan por primera vez y que <strong>les cost\u00f3 alrededor de 540 d\u00f3lares<\/strong>.<\/p>\n<p><strong>\u201cIntent\u00e9 buscar vuelos directos desde Caracas hasta Medell\u00edn y no consegu\u00ed. Me tuve que venir a la frontera. Es un poco m\u00e1s engorroso, es m\u00e1s tiempo y uno se desgasta m\u00e1s\u201d<\/strong>reconoci\u00f3 Jos\u00e9 a EFE.<\/p>\n<p>Por su parte, <strong>Orlando M\u00e9ndez<\/strong>taxista del Aeropuerto General Cipriano Castro de T\u00e1chira, asegur\u00f3 que <strong>los traslados de pasajeros se han incrementado desde las cancelaciones de viajes<\/strong>pero tambi\u00e9n -subray\u00f3- por el aumento de los itinerarios de compa\u00f1\u00edas venezolanas hacia la frontera.<\/p>\n<figure class=\"wp-block-image size-large\"><img loading=\"lazy\" width=\"1200\" height=\"801\" alt=\"Frontera Colombia \" sizes=\"auto, (max-width: 1200px) 100vw, 1200px\" srcset=\"https:\/\/eldiario.com\/nitropack_static\/DWpklAePbJBFiBKvuTtiGMLbtJlHUqWt\/assets\/images\/optimized\/rev-dcb157a\/eldiario.com\/wp-content\/uploads\/2025\/12\/2f1d095fe43ea1cc2b693b786df37bbe2f050bed-1-1200x801.jpg 1200w, https:\/\/eldiario.com\/nitropack_static\/DWpklAePbJBFiBKvuTtiGMLbtJlHUqWt\/assets\/images\/optimized\/rev-dcb157a\/eldiario.com\/wp-content\/uploads\/2025\/12\/2f1d095fe43ea1cc2b693b786df37bbe2f050bed-1-300x200.jpg 300w, https:\/\/eldiario.com\/nitropack_static\/DWpklAePbJBFiBKvuTtiGMLbtJlHUqWt\/assets\/images\/optimized\/rev-dcb157a\/eldiario.com\/wp-content\/uploads\/2025\/12\/2f1d095fe43ea1cc2b693b786df37bbe2f050bed-1-768x513.jpg 768w, https:\/\/eldiario.com\/nitropack_static\/DWpklAePbJBFiBKvuTtiGMLbtJlHUqWt\/assets\/images\/optimized\/rev-dcb157a\/eldiario.com\/wp-content\/uploads\/2025\/12\/2f1d095fe43ea1cc2b693b786df37bbe2f050bed-1-1536x1025.jpg 1536w, https:\/\/eldiario.com\/nitropack_static\/DWpklAePbJBFiBKvuTtiGMLbtJlHUqWt\/assets\/images\/optimized\/rev-dcb157a\/eldiario.com\/wp-content\/uploads\/2025\/12\/2f1d095fe43ea1cc2b693b786df37bbe2f050bed-1-330x220.jpg 330w, https:\/\/eldiario.com\/nitropack_static\/DWpklAePbJBFiBKvuTtiGMLbtJlHUqWt\/assets\/images\/optimized\/rev-dcb157a\/eldiario.com\/wp-content\/uploads\/2025\/12\/2f1d095fe43ea1cc2b693b786df37bbe2f050bed-1-420x280.jpg 420w, https:\/\/eldiario.com\/nitropack_static\/DWpklAePbJBFiBKvuTtiGMLbtJlHUqWt\/assets\/images\/optimized\/rev-dcb157a\/eldiario.com\/wp-content\/uploads\/2025\/12\/2f1d095fe43ea1cc2b693b786df37bbe2f050bed-1-615x410.jpg 615w, https:\/\/eldiario.com\/nitropack_static\/DWpklAePbJBFiBKvuTtiGMLbtJlHUqWt\/assets\/images\/optimized\/rev-dcb157a\/eldiario.com\/wp-content\/uploads\/2025\/12\/2f1d095fe43ea1cc2b693b786df37bbe2f050bed-1-860x574.jpg 860w, https:\/\/eldiario.com\/nitropack_static\/DWpklAePbJBFiBKvuTtiGMLbtJlHUqWt\/assets\/images\/optimized\/rev-dcb157a\/eldiario.com\/wp-content\/uploads\/2025\/12\/2f1d095fe43ea1cc2b693b786df37bbe2f050bed-1-150x100.jpg 150w, https:\/\/eldiario.com\/nitropack_static\/DWpklAePbJBFiBKvuTtiGMLbtJlHUqWt\/assets\/images\/optimized\/rev-dcb157a\/eldiario.com\/wp-content\/uploads\/2025\/12\/2f1d095fe43ea1cc2b693b786df37bbe2f050bed-1.jpg 1600w\" src=\"https:\/\/eldiario.com\/nitropack_static\/DWpklAePbJBFiBKvuTtiGMLbtJlHUqWt\/assets\/images\/optimized\/rev-dcb157a\/eldiario.com\/wp-content\/uploads\/2025\/12\/2f1d095fe43ea1cc2b693b786df37bbe2f050bed-1-1200x801.jpg\" class=\"wp-image-831297 nitro-lazy\" decoding=\"async\" nitro-lazy-empty=\"\" id=\"ODc0OjEzODk=-1\"\/><figcaption class=\"wp-element-caption\">C\u00facuta | Foto: EFE\/ Mario Caicedo<\/figcaption><\/figure>\n<p><strong>\u201cUna aerol\u00ednea que llegaba solo en la ma\u00f1ana ahora vuela y llega en la tarde y viceversa\u201d<\/strong>indic\u00f3 M\u00e9ndez a EFE.<\/p>\n<p>Precis\u00f3 que cobra 20 d\u00f3lares <strong>\u201cde aeropuerto a aeropuerto\u201d<\/strong> para transportar a las personas desde Venezuela hacia el <strong>\u201cpuente a\u00e9reo de C\u00facuta\u201d<\/strong>algo que es posible -apunt\u00f3- mediante alianzas que han hecho taxistas venezolanos y colombianos, que se encargan de los cruces de lado y lado.<\/p>\n<p>Tras la cancelaci\u00f3n de vuelos, <strong>las aerol\u00edneas venezolanas est\u00e1n apostando por la apertura de nuevas rutas hacia destinos como Bogot\u00e1<\/strong> y a elevar la frecuencia de viajes a ciudades fronterizas.<\/p>\n<p>Seg\u00fan el presidente de la C\u00e1mara de Comercio e Industria del estado T\u00e1chira, <strong>Yionnel Contreras<\/strong>a partir del 8 de diciembre y hasta el 18 de enero de 2026 la aerol\u00ednea <strong>Estelar<\/strong> activar\u00e1 cuatro nuevas frecuencias desde San Antonio hasta Caracas \u2013<strong>los d\u00edas lunes, mi\u00e9rcoles, viernes y domingo<\/strong>-, para cubrir la alta demanda.<\/p>\n<figure class=\"wp-block-image size-large\"><img loading=\"lazy\" width=\"1200\" height=\"808\" alt=\"Frontera Colombia \" sizes=\"auto, (max-width: 1200px) 100vw, 1200px\" srcset=\"https:\/\/eldiario.com\/nitropack_static\/DWpklAePbJBFiBKvuTtiGMLbtJlHUqWt\/assets\/images\/optimized\/rev-dcb157a\/eldiario.com\/wp-content\/uploads\/2025\/12\/2dff09a28e4ad5733a069524a289b7669b99ab20-1200x808.jpg 1200w, https:\/\/eldiario.com\/nitropack_static\/DWpklAePbJBFiBKvuTtiGMLbtJlHUqWt\/assets\/images\/optimized\/rev-dcb157a\/eldiario.com\/wp-content\/uploads\/2025\/12\/2dff09a28e4ad5733a069524a289b7669b99ab20-300x202.jpg 300w, https:\/\/eldiario.com\/nitropack_static\/DWpklAePbJBFiBKvuTtiGMLbtJlHUqWt\/assets\/images\/optimized\/rev-dcb157a\/eldiario.com\/wp-content\/uploads\/2025\/12\/2dff09a28e4ad5733a069524a289b7669b99ab20-768x517.jpg 768w, https:\/\/eldiario.com\/nitropack_static\/DWpklAePbJBFiBKvuTtiGMLbtJlHUqWt\/assets\/images\/optimized\/rev-dcb157a\/eldiario.com\/wp-content\/uploads\/2025\/12\/2dff09a28e4ad5733a069524a289b7669b99ab20-1536x1034.jpg 1536w, https:\/\/eldiario.com\/nitropack_static\/DWpklAePbJBFiBKvuTtiGMLbtJlHUqWt\/assets\/images\/optimized\/rev-dcb157a\/eldiario.com\/wp-content\/uploads\/2025\/12\/2dff09a28e4ad5733a069524a289b7669b99ab20-860x579.jpg 860w, https:\/\/eldiario.com\/nitropack_static\/DWpklAePbJBFiBKvuTtiGMLbtJlHUqWt\/assets\/images\/optimized\/rev-dcb157a\/eldiario.com\/wp-content\/uploads\/2025\/12\/2dff09a28e4ad5733a069524a289b7669b99ab20-150x101.jpg 150w, https:\/\/eldiario.com\/nitropack_static\/DWpklAePbJBFiBKvuTtiGMLbtJlHUqWt\/assets\/images\/optimized\/rev-dcb157a\/eldiario.com\/wp-content\/uploads\/2025\/12\/2dff09a28e4ad5733a069524a289b7669b99ab20.jpg 1600w\" src=\"https:\/\/eldiario.com\/nitropack_static\/DWpklAePbJBFiBKvuTtiGMLbtJlHUqWt\/assets\/images\/optimized\/rev-dcb157a\/eldiario.com\/wp-content\/uploads\/2025\/12\/2dff09a28e4ad5733a069524a289b7669b99ab20-1200x808.jpg\" class=\"wp-image-831295 nitro-lazy\" decoding=\"async\" nitro-lazy-empty=\"\" id=\"ODk0OjEwOTc=-1\"\/><figcaption class=\"wp-element-caption\">  Personas ingresan a Colombia | Foto: EFE\/ Mario Caicedo<\/figcaption><\/figure>\n<p>Consultado por EFE, <strong>Guillermo G\u00f3mez<\/strong>experto en temas de frontera, indic\u00f3, citando informaci\u00f3n suministrada por trabajadores del <strong>Aeropuerto Cipriano Castro<\/strong>que en ese terminal a\u00e9reo los 26 itinerarios de vuelo de esta semana ya estaban copados, con un promedio de<strong> 6.000 pasajeros viajando<\/strong>.<\/p>\n<p>G\u00f3mez estim\u00f3 que en los pr\u00f3ximos d\u00edas el flujo de viajeros puede llegar a entre <strong>12.000 y 14.000 personas<\/strong>por ser T\u00e1chira una de las alternativas predilectas de entrada y salida entre Venezuela y Colombia y tomando en cuenta que ese terminal se ubica a solo 15 minutos del Aeropuerto Camilo Daza, de C\u00facuta.<\/p>\n<\/p><\/div>\n\n","protected":false},"excerpt":{"rendered":"<p>Pasajeros en Venezuela han tenido que improvisar viajes por tierra y en vuelos locales \u2013cumpliendo hasta cinco trayectos-, para llegar a zonas fronterizas desde donde cruzan hacia Colombiaen busca de conexiones a\u00e9reas ante la suspensi\u00f3n de itinerarios por parte aerol\u00edneas internacionales. En el estado T\u00e1chira, fronterizo con Colombia, los aeropuertos General Cipriano Castro, ubicado en &hellip;<\/p>\n","protected":false},"author":1,"featured_media":53004,"comment_status":"open","ping_status":"open","sticky":false,"template":"","format":"standard","meta":{"fifu_image_url":"https:\/\/eldiario.com\/wp-content\/uploads\/2025\/12\/032adcb8e11856032bbfac0c489bd131beb85c15-1.jpg","fifu_image_alt":"","footnotes":""},"categories":[13],"tags":[],"class_list":["post-53002","post","type-post","status-publish","format-standard","has-post-thumbnail","","category-mundo"],"_links":{"self":[{"href":"https:\/\/noticiasveraces.com\/index.php?rest_route=\/wp\/v2\/posts\/53002","targetHints":{"allow":["GET"]}}],"collection":[{"href":"https:\/\/noticiasveraces.com\/index.php?rest_route=\/wp\/v2\/posts"}],"about":[{"href":"https:\/\/noticiasveraces.com\/index.php?rest_route=\/wp\/v2\/types\/post"}],"author":[{"embeddable":true,"href":"https:\/\/noticiasveraces.com\/index.php?rest_route=\/wp\/v2\/users\/1"}],"replies":[{"embeddable":true,"href":"https:\/\/noticiasveraces.com\/index.php?rest_route=%2Fwp%2Fv2%2Fcomments&post=53002"}],"version-history":[{"count":0,"href":"https:\/\/noticiasveraces.com\/index.php?rest_route=\/wp\/v2\/posts\/53002\/revisions"}],"wp:featuredmedia":[{"embeddable":true,"href":"https:\/\/noticiasveraces.com\/index.php?rest_route=\/wp\/v2\/media\/53004"}],"wp:attachment":[{"href":"https:\/\/noticiasveraces.com\/index.php?rest_route=%2Fwp%2Fv2%2Fmedia&parent=53002"}],"wp:term":[{"taxonomy":"category","embeddable":true,"href":"https:\/\/noticiasveraces.com\/index.php?rest_route=%2Fwp%2Fv2%2Fcategories&post=53002"},{"taxonomy":"post_tag","embeddable":true,"href":"https:\/\/noticiasveraces.com\/index.php?rest_route=%2Fwp%2Fv2%2Ftags&post=53002"}],"curies":[{"name":"wp","href":"https:\/\/api.w.org\/{rel}","templated":true}]}}