{"id":52995,"date":"2025-12-07T23:12:18","date_gmt":"2025-12-08T03:12:18","guid":{"rendered":"https:\/\/noticiasveraces.com\/?p=52995"},"modified":"2025-12-07T23:12:18","modified_gmt":"2025-12-08T03:12:18","slug":"mateo-garcia-llego-a-un-equipito-polemico-mensaje-a-millonarios","status":"publish","type":"post","link":"https:\/\/noticiasveraces.com\/?p=52995","title":{"rendered":"\u00bfMateo Garc\u00eda lleg\u00f3 a \u2018un equipito\u00b4? Pol\u00e9mico mensaje a Millonarios"},"content":{"rendered":"<p> \n<br \/><img decoding=\"async\" src=\"https:\/\/www.futbolred.com\/files\/article_graphic\/uploads\/2025\/12\/07\/6936135b315e8.jpeg\" \/><\/p>\n<header>\n<h3>Curiosidades de f\u00fatbol<br \/>\n            <\/h3>\n<h1>\u00bfMateo Garc\u00eda lleg\u00f3 a \u2018un equipito\u00b4? Pol\u00e9mico mensaje a Millonarios<br \/>\n        <\/h1>\n<address>\n            <a>Juan Pablo Ar\u00e9valo<br \/>\n        <\/address>\n<p>        <time datetime=\"2025-12-07T19:02:52-05:00\">07 de diciembre 2025 , 07:02 p.\u00a0m.<br \/>\n        <\/time><br \/>\n    <\/header>\n<p>La presentaci\u00f3n del volante bogotano provoc\u00f3 la reacci\u00f3n de uno de sus excompa\u00f1eros en Once Caldas.<\/p>\n<p>Millonarios FC anunci\u00f3 este domingo 7 de diciembre la contrataci\u00f3n de Mateo Garc\u00eda, volante proveniente de Once Caldas, nacido en Bogot\u00e1 y salido de las categor\u00edas menores del equipo albiazul, del cual es hincha.<\/p>\n<p>A sus 27 a\u00f1os, Mateo cumple el sue\u00f1o de jugar en el equipo de sus amores, y por eso la afici\u00f3n est\u00e1 contenta con su contrataci\u00f3n, pues adem\u00e1s del amor y compromiso por la camiseta, es un futbolista de alto rendimiento en la \u00faltima temporada, en buena edad competitiva.<\/p>\n<p>Los hinchas embajadores reaccionaron de manera positiva al fichaje embajador, pero explotaron al ver que un excompa\u00f1ero de Mateo Garc\u00eda en Once Caldas, envi\u00f3 un pol\u00e9mico mensaje. \u00bfQu\u00e9 sucedi\u00f3?<\/p>\n<p>Millonarios public\u00f3 en su cuenta oficial de Instagram la presentaci\u00f3n oficial de Mateo Garc\u00eda, a la que respondi\u00f3 Jerson Malag\u00f3n, defensor central que comparti\u00f3 con el volante en el \u2018blanco-blanco\u2019 de Manizales.<\/p>\n<p>El mensaje de Malag\u00f3n, que desat\u00f3 la pol\u00e9mica y la furia de los hinchas azules, indica que Mateo Garc\u00eda es \u201clo mejor de ese equipito\u201d.<\/p>\n<p>Sin duda, Malag\u00f3n encendi\u00f3 las redes sociales, pero su mensaje se debe a que es hincha de Santa Fe, y en su juventud fue parte de la barra brava del gran rival de patio de Millonarios.<\/p>\n\n","protected":false},"excerpt":{"rendered":"<p>Curiosidades de f\u00fatbol \u00bfMateo Garc\u00eda lleg\u00f3 a \u2018un equipito\u00b4? Pol\u00e9mico mensaje a Millonarios Juan Pablo Ar\u00e9valo 07 de diciembre 2025 , 07:02 p.\u00a0m. La presentaci\u00f3n del volante bogotano provoc\u00f3 la reacci\u00f3n de uno de sus excompa\u00f1eros en Once Caldas. Millonarios FC anunci\u00f3 este domingo 7 de diciembre la contrataci\u00f3n de Mateo Garc\u00eda, volante proveniente de &hellip;<\/p>\n","protected":false},"author":1,"featured_media":52997,"comment_status":"open","ping_status":"open","sticky":false,"template":"","format":"standard","meta":{"fifu_image_url":"https:\/\/www.futbolred.com\/files\/og_thumbnail\/uploads\/2025\/12\/07\/6936135b315e8.jpeg","fifu_image_alt":"","footnotes":""},"categories":[6],"tags":[],"class_list":["post-52995","post","type-post","status-publish","format-standard","has-post-thumbnail","","category-deportes"],"_links":{"self":[{"href":"https:\/\/noticiasveraces.com\/index.php?rest_route=\/wp\/v2\/posts\/52995","targetHints":{"allow":["GET"]}}],"collection":[{"href":"https:\/\/noticiasveraces.com\/index.php?rest_route=\/wp\/v2\/posts"}],"about":[{"href":"https:\/\/noticiasveraces.com\/index.php?rest_route=\/wp\/v2\/types\/post"}],"author":[{"embeddable":true,"href":"https:\/\/noticiasveraces.com\/index.php?rest_route=\/wp\/v2\/users\/1"}],"replies":[{"embeddable":true,"href":"https:\/\/noticiasveraces.com\/index.php?rest_route=%2Fwp%2Fv2%2Fcomments&post=52995"}],"version-history":[{"count":0,"href":"https:\/\/noticiasveraces.com\/index.php?rest_route=\/wp\/v2\/posts\/52995\/revisions"}],"wp:featuredmedia":[{"embeddable":true,"href":"https:\/\/noticiasveraces.com\/index.php?rest_route=\/wp\/v2\/media\/52997"}],"wp:attachment":[{"href":"https:\/\/noticiasveraces.com\/index.php?rest_route=%2Fwp%2Fv2%2Fmedia&parent=52995"}],"wp:term":[{"taxonomy":"category","embeddable":true,"href":"https:\/\/noticiasveraces.com\/index.php?rest_route=%2Fwp%2Fv2%2Fcategories&post=52995"},{"taxonomy":"post_tag","embeddable":true,"href":"https:\/\/noticiasveraces.com\/index.php?rest_route=%2Fwp%2Fv2%2Ftags&post=52995"}],"curies":[{"name":"wp","href":"https:\/\/api.w.org\/{rel}","templated":true}]}}