{"id":52978,"date":"2025-12-07T21:19:10","date_gmt":"2025-12-08T01:19:10","guid":{"rendered":"https:\/\/noticiasveraces.com\/?p=52978"},"modified":"2025-12-07T21:19:10","modified_gmt":"2025-12-08T01:19:10","slug":"todos-los-documentos-judiciales-del-caso-de-violencia-machista-de-lecquio-sobre-dellatte-sociedad","status":"publish","type":"post","link":"https:\/\/noticiasveraces.com\/?p=52978","title":{"rendered":"Todos los documentos judiciales del caso de violencia machista de Lecquio sobre Dell\u2019Atte | Sociedad"},"content":{"rendered":"<p> \n<\/p>\n<div data-dtm-region=\"articulo_cuerpo\">\n<p class=\"\">Antonia Dell\u2019Atte fue entrevistada por este peri\u00f3dico el 12 de octubre y detall\u00f3 la violencia machista que sufri\u00f3 por parte del que fue su marido, Alessandro Lecquio. Este fue despedido, pero llevaba m\u00e1s de tres d\u00e9cadas en televisi\u00f3n, protegido por colegas e industria, que no dieron credibilidad a lo que Dell\u2019Atte cont\u00f3 desde el principio. La acusaron de \u201cmentir\u201d o de \u201cmanipular\u201d documentos. Tambi\u00e9n la tildaron de \u201cloca\u201d o \u201cdespechada\u201d. Otros la siguen cuestionando, pese a que la Justicia fall\u00f3 hace dos d\u00e9cadas que no ment\u00eda al llamarlo maltratador y que no hab\u00eda manipulado ning\u00fan documento. <\/p>\n<p class=\"\">\u201cSi cuatro jueces y dos \u00f3rganos judiciales dijeron en 2008 a la vista de las pruebas y documentos que Antonia Dell\u2019Atte no calumni\u00f3 a su exmarido ni falsific\u00f3 ning\u00fan documento ni denuncia, no parece serio hacer declaraciones que digan lo contrario 17 a\u00f1os despu\u00e9s\u201d, reflexiona, contactado por este peri\u00f3dico, el actual abogado de la exmodelo, \u00c1ngel Galindo, que recibi\u00f3 el caso de manos de la que fue su letrada hasta que se jubil\u00f3, Cristina Almeida. Las pruebas y documentos que forman parte del procedimiento \u2015abierto en 2004 en el Jugado de Instrucci\u00f3n n\u00famero 35 de Madrid y cerrado en 2008 en la Audiencia Provincial\u2015, est\u00e1n desde entonces en el Archivo Judicial de Alcal\u00e1 de Henares. <\/p>\n<p class=\"\">Aqu\u00ed, esos archivos, a los que EL PA\u00cdS ha tenido acceso. <\/p>\n<h3 class=\"\">La denuncia por malos tratos, marzo de 1991<\/h3>\n<p class=\"\">El 9 de marzo de 1991 a las 16.45 horas de la tarde Antonia Dell\u2019Atte acudi\u00f3 a la comisar\u00eda de Chamber\u00ed, en Madrid, para denunciar a Alessandro Lecquio di Assaba \u201cpor abandono de familia y malos tratos f\u00edsicos y ps\u00edquicos\u201d. El atestado recoge que esa ma\u00f1ana, a las 8.30, Dell\u2019Atte encontr\u00f3 a Lecquio, que seg\u00fan explicaba en el atestados apenas pasaba ya por casa, embalando muebles y con un cami\u00f3n de mudanzas en la puerta. <\/p>\n<figure class=\"a_m a_m-v \"><span class=\"_db a_m_w\"><img decoding=\"auto\" class=\"_re lazyload a_m-v\" height=\"441\" srcset=\"https:\/\/imagenes.elpais.com\/resizer\/v2\/QN4NWTLHLVEIZLSLLFSBLKGQ2E.jpg?auth=300c1d98a0fa04d533e36cf2a4baf8a84f2958ae91f2f1e5d796de202f572c21&amp;width=414 414w,https:\/\/imagenes.elpais.com\/resizer\/v2\/QN4NWTLHLVEIZLSLLFSBLKGQ2E.jpg?auth=300c1d98a0fa04d533e36cf2a4baf8a84f2958ae91f2f1e5d796de202f572c21&amp;width=828 640w,https:\/\/imagenes.elpais.com\/resizer\/v2\/QN4NWTLHLVEIZLSLLFSBLKGQ2E.jpg?auth=300c1d98a0fa04d533e36cf2a4baf8a84f2958ae91f2f1e5d796de202f572c21&amp;width=980 1000w,https:\/\/imagenes.elpais.com\/resizer\/v2\/QN4NWTLHLVEIZLSLLFSBLKGQ2E.jpg?auth=300c1d98a0fa04d533e36cf2a4baf8a84f2958ae91f2f1e5d796de202f572c21&amp;width=1960 1960w\" width=\"414\" sizes=\"auto, (min-width:1199px) 1155px,(min-width:1001px) calc(100vw - 44px),(min-width:768px) 767px, 100vw\" src=\"https:\/\/imagenes.elpais.com\/resizer\/v2\/QN4NWTLHLVEIZLSLLFSBLKGQ2E.jpg?auth=300c1d98a0fa04d533e36cf2a4baf8a84f2958ae91f2f1e5d796de202f572c21&amp;width=414\" loading=\"lazy\"\/><\/span><figcaption class=\"a_m_p\" aria-hidden=\"true\"><span>El justificante de la denuncia de Antonia Dell&#8217;Atte contra Alessandro Lecquio el 9 de marzo de 1991.<\/span><\/figcaption><\/figure>\n<p class=\"\">En el documento se lee que cuando ella le pregunta qu\u00e9 pasa, \u201ceste, lejos de darle ninguna explicaci\u00f3n, ha comenzado a insultarla y amenazarla con agredirla, hecho que ha realizado en diversas ocasiones, si bien nunca lleg\u00f3 a denunciarle\u201d; que \u201cteme que su marido tome represalias contra ella, ya que es muy violento y tiene conocimientos de artes marciales\u201d; y que \u201ctodos estos hechos han causado mella en su hijo de corta edad lo que le ha provocado trastornos ps\u00edquicos por el mal comportamiento de su padre\u201d. Clemente, su hijo, ten\u00eda entonces tres a\u00f1os.<\/p>\n<h3 class=\"\">La querella por calumnias, enero de 2004<\/h3>\n<p class=\"\">El 3 de enero de 2004, Alessandro Lecquio interpuso una querella contra Antonia Dell\u2019Atte por calumnias por las declaraciones que hizo en el programa <i>A tu lado <\/i>(Telecinco), el 26 de septiembre y el 2 de octubre de 2003. Entre otras, \u201dhe vivido un total infierno\u201d o \u201cpuedo seguir diciendo que es un maltratador\u201d.<\/p>\n<figure class=\"a_m a_m-v \"><span class=\"_db a_m_w\"><img decoding=\"auto\" class=\"_re lazyload a_m-v\" height=\"475\" srcset=\"https:\/\/imagenes.elpais.com\/resizer\/v2\/DS6JIXLS4NAEZCQI23YO4BTCT4.JPG?auth=5999cb32bb5e9c54a064fad50ebaa2cc7678b948df23ece6064a7fe31afabc29&amp;width=414 414w,https:\/\/imagenes.elpais.com\/resizer\/v2\/DS6JIXLS4NAEZCQI23YO4BTCT4.JPG?auth=5999cb32bb5e9c54a064fad50ebaa2cc7678b948df23ece6064a7fe31afabc29&amp;width=828 640w,https:\/\/imagenes.elpais.com\/resizer\/v2\/DS6JIXLS4NAEZCQI23YO4BTCT4.JPG?auth=5999cb32bb5e9c54a064fad50ebaa2cc7678b948df23ece6064a7fe31afabc29&amp;width=980 1000w,https:\/\/imagenes.elpais.com\/resizer\/v2\/DS6JIXLS4NAEZCQI23YO4BTCT4.JPG?auth=5999cb32bb5e9c54a064fad50ebaa2cc7678b948df23ece6064a7fe31afabc29&amp;width=1960 1960w\" width=\"414\" sizes=\"auto, (min-width:1199px) 1155px,(min-width:1001px) calc(100vw - 44px),(min-width:768px) 767px, 100vw\" src=\"https:\/\/imagenes.elpais.com\/resizer\/v2\/DS6JIXLS4NAEZCQI23YO4BTCT4.JPG?auth=5999cb32bb5e9c54a064fad50ebaa2cc7678b948df23ece6064a7fe31afabc29&amp;width=414\" loading=\"lazy\"\/><\/span><figcaption class=\"a_m_p\" aria-hidden=\"true\"><span>El inicio de la querella de Alessandro Lecquio contra Antonia Dell&#8217;Atte por calumnias.<\/span><span class=\"a_m_m\">T\u00edo. alejandro<\/span><\/figcaption><\/figure>\n<p class=\"\">La querella incluye que la exmodelo \u201cjam\u00e1s interpuso una denuncia por malos tratos ya sean f\u00edsicos y ps\u00edquicos\u201d aunque s\u00ed por \u201camenazas, injurias y delito de impago de pensiones y abandono de hogar\u201d; que se \u201cdict\u00f3 Auto de Sobreseimiento Provisional con fecha 23 de abril de 1991\u2033; y que hubo \u201cdiversas circunstancias\u201d que hac\u00edan que esas declaraciones fueran \u201cde una severa y alarmante gravedad\u201d. Entre ellas, que fueron \u201crepetidas hasta lograr que las mismas hayan calado en el conocimiento y la conciencia del p\u00fablico en general\u201d. <\/p>\n<h3 class=\"\">La declaraci\u00f3n de Dell\u2019Atte, febrero de 2004<\/h3>\n<p class=\"\">Despu\u00e9s de esa querella, Dell\u2019Atte fue llamada a declarar. Lo hizo en Barcelona, el 26 de febrero de 2004, ante el Juzgado de Instrucci\u00f3n n\u00famero 30 y junto a su abogada, Cristina Almeida. Explic\u00f3 que no recordaba las palabras exactas que hab\u00eda dicho, pero que \u201cel fondo\u201d era \u201ccierto\u201d. Tambi\u00e9n que no recurri\u00f3 el sobreseimiento porque \u201cse hab\u00eda llegado a un acuerdo en los tr\u00e1mites de separaci\u00f3n e impl\u00edcitamente se hizo hincapi\u00e9 en que se retirara la denuncia\u201d.<\/p>\n<figure class=\"a_m a_m-h \"><span class=\"_db a_m_w _pr lb_btn\"><img decoding=\"auto\" class=\"_re lazyload a_m-h\" height=\"92\" srcset=\"https:\/\/imagenes.elpais.com\/resizer\/v2\/OCMOLMPHT5B35JZ4NDVRHRZKFM.jpg?auth=cc0435adf825f31413bc48f7d32507119d48bae354e9fc5b01b91da5e7fffa51&amp;width=414 414w,https:\/\/imagenes.elpais.com\/resizer\/v2\/OCMOLMPHT5B35JZ4NDVRHRZKFM.jpg?auth=cc0435adf825f31413bc48f7d32507119d48bae354e9fc5b01b91da5e7fffa51&amp;width=828 640w,https:\/\/imagenes.elpais.com\/resizer\/v2\/OCMOLMPHT5B35JZ4NDVRHRZKFM.jpg?auth=cc0435adf825f31413bc48f7d32507119d48bae354e9fc5b01b91da5e7fffa51&amp;width=980 1000w,https:\/\/imagenes.elpais.com\/resizer\/v2\/OCMOLMPHT5B35JZ4NDVRHRZKFM.jpg?auth=cc0435adf825f31413bc48f7d32507119d48bae354e9fc5b01b91da5e7fffa51&amp;width=1960 1960w\" width=\"414\" sizes=\"auto, (min-width:1199px) 1155px,(min-width:1001px) calc(100vw - 44px),(min-width:768px) 767px, 100vw\" src=\"https:\/\/imagenes.elpais.com\/resizer\/v2\/OCMOLMPHT5B35JZ4NDVRHRZKFM.jpg?auth=cc0435adf825f31413bc48f7d32507119d48bae354e9fc5b01b91da5e7fffa51&amp;width=414\" loading=\"lazy\"\/><svg aria-hidden=\"true\" class=\"icon_multimedia_ampliar | _pa a_m_i a_m_i-a _dn\" viewbox=\"0 0 40 40\"><use xlink:href=\"#svg-ampliar\"\/><\/svg><\/span><figcaption class=\"a_m_p\" aria-hidden=\"true\"><span>Extracto de la declaraci\u00f3n de Antonia Dell&#8217;Atte tras la querella por calumnias interpuesta por Alessandro Lecquio.<\/span><\/figcaption><\/figure>\n<p class=\"\">Y a esa declaraci\u00f3n, Dell\u2019Atte aport\u00f3, como pruebas, varias cartas que Lecquio le hab\u00eda escrito \u201cfirmadas de su pu\u00f1o y letra\u201d en las que reconoce \u201clos insultos, las agresiones, las bofetadas y todo lo que consta en las mismas\u201d.<\/p>\n<h3 class=\"\">Las cartas de Lecquio a Dell\u2019Atte<\/h3>\n<p class=\"\">Son seis cartas de las que se adjunta copia, debidamente traducidas por una int\u00e9rprete jurada y autenticadas en notar\u00eda, y en las que Lecquio no solo reconoce la violencia, sino que la explica, y en parte la justifica. Tambi\u00e9n le ped\u00eda perd\u00f3n y que olvidara lo que acababa de pasar. <\/p>\n<p class=\"\">En esas cartas se leen extractos como este: \u201cAntonia, amor m\u00edo he vuelto a hacerlo. Todos los esfuerzos que he hecho para contener mis est\u00fapidos arrebatos han resultado vanos. \u00bfQu\u00e9 hacer ahora? \u00bfPodr\u00edas perdonarme de nuevo?<b> <\/b>Quisiera que no hubiera ocurrido nunca m\u00e1s, que nuestra relaci\u00f3n fuese virgen y no plagada de desaires, bofetadas, amenazas. Sin embargo, ha vuelto a suceder\u201d. Esa carta acaba con un \u201cte pido que olvides, tu Dado\u201d. <\/p>\n<figure class=\"a_m a_m-h \"><span class=\"_db a_m_w _pr lb_btn\"><img decoding=\"auto\" class=\"_re lazyload a_m-h\" height=\"151\" srcset=\"https:\/\/imagenes.elpais.com\/resizer\/v2\/PPGP27B5ZVC5ZNWNTFFHYI7KJY.JPG?auth=4e995554ad9106dd2eed178024e84ddc6d89eb81e3fb51b62d09256d836a6b69&amp;width=414 414w,https:\/\/imagenes.elpais.com\/resizer\/v2\/PPGP27B5ZVC5ZNWNTFFHYI7KJY.JPG?auth=4e995554ad9106dd2eed178024e84ddc6d89eb81e3fb51b62d09256d836a6b69&amp;width=828 640w,https:\/\/imagenes.elpais.com\/resizer\/v2\/PPGP27B5ZVC5ZNWNTFFHYI7KJY.JPG?auth=4e995554ad9106dd2eed178024e84ddc6d89eb81e3fb51b62d09256d836a6b69&amp;width=980 1000w,https:\/\/imagenes.elpais.com\/resizer\/v2\/PPGP27B5ZVC5ZNWNTFFHYI7KJY.JPG?auth=4e995554ad9106dd2eed178024e84ddc6d89eb81e3fb51b62d09256d836a6b69&amp;width=1960 1960w\" width=\"414\" sizes=\"auto, (min-width:1199px) 1155px,(min-width:1001px) calc(100vw - 44px),(min-width:768px) 767px, 100vw\" src=\"https:\/\/imagenes.elpais.com\/resizer\/v2\/PPGP27B5ZVC5ZNWNTFFHYI7KJY.JPG?auth=4e995554ad9106dd2eed178024e84ddc6d89eb81e3fb51b62d09256d836a6b69&amp;width=414\" loading=\"lazy\"\/><svg aria-hidden=\"true\" class=\"icon_multimedia_ampliar | _pa a_m_i a_m_i-a _dn\" viewbox=\"0 0 40 40\"><use xlink:href=\"#svg-ampliar\"\/><\/svg><\/span><figcaption class=\"a_m_p\" aria-hidden=\"true\"><span>Un peque\u00f1o extracto de una de las seis cartas, traducidas con int\u00e9rprete jurado y ante notario, que Lecquio escribi\u00f3 a Dell&#8217;Atte y que esta aport\u00f3 como prueba.<\/span><span class=\"a_m_m\">T\u00edo. alejandro<\/span><\/figcaption><\/figure>\n<p class=\"\">En otra Lecquio escribe: \u201cMis reacciones tienen que interpretarse como reacciones de una persona locamente enamorada [&#8230;]. Prometo mejorar, seguro que lo que ha sucedido no volver\u00e1 a ocurrir\u201d. En una tercera dice: \u201cAhora me siento terriblemente culpable por haberte hecho sufrir en alg\u00fan momento, quiero compensarte por haberlo soportado y disculparme por el mal que te he hecho. [\u2026] Te amo. Tu cruz y delicia. Dado\u201d. <\/p>\n<p class=\"\">Y otro extracto aparece: \u201cAntonia, me he vuelto a equivocar. Me he dejado llevar por los nervios. Te aseguro que no era mi intenci\u00f3n y nunca lo ser\u00e1 haceros da\u00f1os a ti y a nuestro hijo. Te amo. Quisiera que t\u00fa olvides lo que ocurri\u00f3 ayer noche. [\u2026] Te lo repito, olvida; yo, es cierto soy nervioso y algunas veces reacciono del peor modo posible. Estoy arrepentido\u201d.<\/p>\n<h3 class=\"\">La declaraci\u00f3n de Lecquio, abril de 2004<\/h3>\n<p class=\"\">Tras la comparecencia de Dell\u2019Atte, y con las cartas, el juez llam\u00f3 tambi\u00e9n a declarar a Lecquio. Cuando \u201cse le exhiben las copias autenticadas de las cartas [&#8230;] manifiesta que sin perjuicio de que ahora mismo no sabe cu\u00e1l es el contenido concreto de cada una, s\u00ed es su letra, por lo que deduce que han sido escritas por \u00e9l, a lo largo de su matrimonio, que termin\u00f3 en 1991, que ser\u00e1n anteriores a esa fecha y que ser\u00e1n cartas de amor, supone\u201d.<\/p>\n<figure class=\"a_m a_m-h \"><span class=\"_db a_m_w _pr lb_btn\"><img decoding=\"auto\" class=\"_re lazyload a_m-h\" height=\"177\" srcset=\"https:\/\/imagenes.elpais.com\/resizer\/v2\/44SQER75Z5BWBJTRUTXBW24XTI.jpg?auth=1ef549e69f02c6e933ea8a880ce70fd2c074e15d14a6c98037349180e9570194&amp;width=414 414w,https:\/\/imagenes.elpais.com\/resizer\/v2\/44SQER75Z5BWBJTRUTXBW24XTI.jpg?auth=1ef549e69f02c6e933ea8a880ce70fd2c074e15d14a6c98037349180e9570194&amp;width=828 640w,https:\/\/imagenes.elpais.com\/resizer\/v2\/44SQER75Z5BWBJTRUTXBW24XTI.jpg?auth=1ef549e69f02c6e933ea8a880ce70fd2c074e15d14a6c98037349180e9570194&amp;width=980 1000w,https:\/\/imagenes.elpais.com\/resizer\/v2\/44SQER75Z5BWBJTRUTXBW24XTI.jpg?auth=1ef549e69f02c6e933ea8a880ce70fd2c074e15d14a6c98037349180e9570194&amp;width=1960 1960w\" width=\"414\" sizes=\"auto, (min-width:1199px) 1155px,(min-width:1001px) calc(100vw - 44px),(min-width:768px) 767px, 100vw\" src=\"https:\/\/imagenes.elpais.com\/resizer\/v2\/44SQER75Z5BWBJTRUTXBW24XTI.jpg?auth=1ef549e69f02c6e933ea8a880ce70fd2c074e15d14a6c98037349180e9570194&amp;width=414\" loading=\"lazy\"\/><svg aria-hidden=\"true\" class=\"icon_multimedia_ampliar | _pa a_m_i a_m_i-a _dn\" viewbox=\"0 0 40 40\"><use xlink:href=\"#svg-ampliar\"\/><\/svg><\/span><figcaption class=\"a_m_p\" aria-hidden=\"true\"><span>Un extracto de la declaraci\u00f3n de Lecquio. <\/span><\/figcaption><\/figure>\n<p class=\"\">Pero una vez que el juez le lee el contenido de las cartas, Lecqui\u00f3 alega cuestiones como que \u201clas peleas son rec\u00edprocas y se tiran mutuamente objetos\u201d o \u201cque hace muchos a\u00f1os y ya no puede recordar lo que dijo ni lo que pas\u00f3\u201d o que \u201cen la relaci\u00f3n de pareja existen momentos desavenencia\u201d y que \u201clo explica en todo caso en lo que denomina liturgia del amor\u201d. <\/p>\n<figure class=\"a_m a_m-h \"><span class=\"_db a_m_w _pr lb_btn\"><img decoding=\"auto\" class=\"_re lazyload a_m-h\" height=\"217\" srcset=\"https:\/\/imagenes.elpais.com\/resizer\/v2\/SVLC2BXHPNEVZKHBTUXBQKLNRE.jpg?auth=4259e7816f474c84197b5109d8cf123f16d08406c3a0a66a1135f39df542814f&amp;width=414 414w,https:\/\/imagenes.elpais.com\/resizer\/v2\/SVLC2BXHPNEVZKHBTUXBQKLNRE.jpg?auth=4259e7816f474c84197b5109d8cf123f16d08406c3a0a66a1135f39df542814f&amp;width=828 640w,https:\/\/imagenes.elpais.com\/resizer\/v2\/SVLC2BXHPNEVZKHBTUXBQKLNRE.jpg?auth=4259e7816f474c84197b5109d8cf123f16d08406c3a0a66a1135f39df542814f&amp;width=980 1000w,https:\/\/imagenes.elpais.com\/resizer\/v2\/SVLC2BXHPNEVZKHBTUXBQKLNRE.jpg?auth=4259e7816f474c84197b5109d8cf123f16d08406c3a0a66a1135f39df542814f&amp;width=1960 1960w\" width=\"414\" sizes=\"auto, (min-width:1199px) 1155px,(min-width:1001px) calc(100vw - 44px),(min-width:768px) 767px, 100vw\" src=\"https:\/\/imagenes.elpais.com\/resizer\/v2\/SVLC2BXHPNEVZKHBTUXBQKLNRE.jpg?auth=4259e7816f474c84197b5109d8cf123f16d08406c3a0a66a1135f39df542814f&amp;width=414\" loading=\"lazy\"\/><svg aria-hidden=\"true\" class=\"icon_multimedia_ampliar | _pa a_m_i a_m_i-a _dn\" viewbox=\"0 0 40 40\"><use xlink:href=\"#svg-ampliar\"\/><\/svg><\/span><figcaption class=\"a_m_p\" aria-hidden=\"true\"><span>Extracto que sigue al anterior de la declaraci\u00f3n de Lecquio.<\/span><\/figcaption><\/figure>\n<p class=\"\">A continuaci\u00f3n, se lee en ese documento, \u201cquiere a\u00f1adir que el objeto de su querella\u201d fue porque Dell\u2019Atte \u201cfalsific\u00f3 la denuncia que ella le puso por abandono de hogar, diciendo que era una denuncia por malos tratos f\u00edsicos, y que el declarante jam\u00e1s ha sido denunciado por malos tratos f\u00edsicos\u201d.<\/p>\n<h3 class=\"\">Auto de sobreseimiento provisional, julio de 2004<\/h3>\n<p class=\"\">El 30 de junio de 2004, el Juzgado de Instrucci\u00f3n n\u00famero 35 de Madrid dict\u00f3 sobreseimiento provisional tras escuchar a Dell\u2019Atte, a Lecquio, y leer la documentaci\u00f3n aportada porque encontr\u00f3 motivos suficientes para cuestionar que Dell\u2019Atte hubiese mentido al decir que su ya exmarido la maltrat\u00f3; y a\u00f1adi\u00f3 que el hecho de que se hubiera sobrese\u00eddo la denuncia por malos tratos no significaba que no hubiese delito, sino que esa decisi\u00f3n pudo \u201crazonablemente vincularse\u201d a que no encontrara suficientes pruebas en ese momento para seguir adelante, lo que pudo haber favorecido \u201ca quien hoy es querellante\u201d, es decir, a Lecquio.<\/p>\n<p class=\"\">Esas cartas que Dell\u2019Atte pudo entregar como prueba en esta causa fueron encontradas despu\u00e9s del divorcio, en uno de los pocos muebles que Lecquio dej\u00f3 en la casa que compart\u00edan cuando se march\u00f3. <\/p>\n<figure class=\"a_m a_m-h \"><span class=\"_db a_m_w _pr lb_btn\"><img decoding=\"auto\" class=\"_re lazyload a_m-h\" height=\"299\" srcset=\"https:\/\/imagenes.elpais.com\/resizer\/v2\/FQEHH3Q3D5BGHI6WEDHRSIQ3MQ.jpg?auth=adc0f95c1e3c08b47a54329963bc4007c778a18313fa184688e343e4ff0b884a&amp;width=414 414w,https:\/\/imagenes.elpais.com\/resizer\/v2\/FQEHH3Q3D5BGHI6WEDHRSIQ3MQ.jpg?auth=adc0f95c1e3c08b47a54329963bc4007c778a18313fa184688e343e4ff0b884a&amp;width=828 640w,https:\/\/imagenes.elpais.com\/resizer\/v2\/FQEHH3Q3D5BGHI6WEDHRSIQ3MQ.jpg?auth=adc0f95c1e3c08b47a54329963bc4007c778a18313fa184688e343e4ff0b884a&amp;width=980 1000w,https:\/\/imagenes.elpais.com\/resizer\/v2\/FQEHH3Q3D5BGHI6WEDHRSIQ3MQ.jpg?auth=adc0f95c1e3c08b47a54329963bc4007c778a18313fa184688e343e4ff0b884a&amp;width=1960 1960w\" width=\"414\" sizes=\"auto, (min-width:1199px) 1155px,(min-width:1001px) calc(100vw - 44px),(min-width:768px) 767px, 100vw\" src=\"https:\/\/imagenes.elpais.com\/resizer\/v2\/FQEHH3Q3D5BGHI6WEDHRSIQ3MQ.jpg?auth=adc0f95c1e3c08b47a54329963bc4007c778a18313fa184688e343e4ff0b884a&amp;width=414\" loading=\"lazy\"\/><svg aria-hidden=\"true\" class=\"icon_multimedia_ampliar | _pa a_m_i a_m_i-a _dn\" viewbox=\"0 0 40 40\"><use xlink:href=\"#svg-ampliar\"\/><\/svg><\/span><figcaption class=\"a_m_p\" aria-hidden=\"true\"><span>El fallo del Juzgado de Instrucci\u00f3n 35 de Madrid.<\/span><\/figcaption><\/figure>\n<p class=\"\">As\u00ed, el juez fall\u00f3 que la \u201cprueba de la excepto veritatis se considera suficiente para sobreseer la causa respecto del delito de calumnias\u201d; que Dell\u2019Atte no ment\u00eda al llamar a Lecquio maltratador. Y orden\u00f3 a la vez abrir \u201cdiligencias previas, para la instrucci\u00f3n del presunto delito de falsificaci\u00f3n denunciado\u201d, por la alusi\u00f3n de Lecquio a que Dell\u2019Atte hab\u00eda falsificado el justificante de la denuncia contra \u00e9l de 1991.<\/p>\n<h3 class=\"\">Auto de la Audiencia Provincial de Madrid, marzo de 2008<\/h3>\n<p class=\"\">Lecquio recurri\u00f3 esa decisi\u00f3n del Juzgado de Instrucci\u00f3n 35. Y el 7 de marzo de 2008, la Audiencia Provincial de Madrid, tras revisar la documentaci\u00f3n aportada al caso, volver a tomar declaraci\u00f3n a Antonia Dell\u2019Atte y \u201ca uno de los polic\u00edas que intervinieron en la comisar\u00eda del distrito de Chamart\u00edn en la denuncia\u201d, fall\u00f3, de nuevo, a favor de la exmodelo. <\/p>\n<figure class=\"a_m a_m-h \"><span class=\"_db a_m_w _pr lb_btn\"><img decoding=\"auto\" class=\"_re lazyload a_m-h\" height=\"262\" srcset=\"https:\/\/imagenes.elpais.com\/resizer\/v2\/NM5ID5YCZFFL7POJD7YMZNP3Q4.jpg?auth=6596b2f066d3512e3daf61f98fcf702a9154b6debccbdc67af72aa489a6ceb62&amp;width=414 414w,https:\/\/imagenes.elpais.com\/resizer\/v2\/NM5ID5YCZFFL7POJD7YMZNP3Q4.jpg?auth=6596b2f066d3512e3daf61f98fcf702a9154b6debccbdc67af72aa489a6ceb62&amp;width=828 640w,https:\/\/imagenes.elpais.com\/resizer\/v2\/NM5ID5YCZFFL7POJD7YMZNP3Q4.jpg?auth=6596b2f066d3512e3daf61f98fcf702a9154b6debccbdc67af72aa489a6ceb62&amp;width=980 1000w,https:\/\/imagenes.elpais.com\/resizer\/v2\/NM5ID5YCZFFL7POJD7YMZNP3Q4.jpg?auth=6596b2f066d3512e3daf61f98fcf702a9154b6debccbdc67af72aa489a6ceb62&amp;width=1960 1960w\" width=\"414\" sizes=\"auto, (min-width:1199px) 1155px,(min-width:1001px) calc(100vw - 44px),(min-width:768px) 767px, 100vw\" src=\"https:\/\/imagenes.elpais.com\/resizer\/v2\/NM5ID5YCZFFL7POJD7YMZNP3Q4.jpg?auth=6596b2f066d3512e3daf61f98fcf702a9154b6debccbdc67af72aa489a6ceb62&amp;width=414\" loading=\"lazy\"\/><svg aria-hidden=\"true\" class=\"icon_multimedia_ampliar | _pa a_m_i a_m_i-a _dn\" viewbox=\"0 0 40 40\"><use xlink:href=\"#svg-ampliar\"\/><\/svg><\/span><figcaption class=\"a_m_p\" aria-hidden=\"true\"><span>Fallo de la Audiencia Provincial de Madrid.<\/span><\/figcaption><\/figure>\n<p class=\"\">\u201cSi se contrastan los hechos denunciados en la copia de la denuncia con el mencionado justificante que tiene las alteraciones mencionadas en el informe pericial, lo consignado en este guarda estrecha relaci\u00f3n con los hechos denunciados, por lo que no se ha producido mutaci\u00f3n o alteraci\u00f3n de la verdad alguna\u201d. La Audiencia Provincial desestim\u00f3 el recurso de Lecquio, y dio de nuevo la raz\u00f3n a Dell\u2019Atte: ni hab\u00eda falsificado ning\u00fan documento ni ment\u00eda al llamarlo maltratador.<\/p>\n<figure class=\"a_m\"><span class=\"_db a_m_c _rt _rt-16x9 a_m_c-v\"\/><figcaption class=\"a_m_p\">Antonia Dell\u00b4Atte, ex modelo y presentadora italiana, en un hotel c\u00e9ntrico de Madrid. <span class=\"a_m_m\"><span>Foto:<\/span> <!-- -->SAMUEL S\u00c1NCHEZ<!-- --> | <span>Video:<\/span> <!-- -->EPV<\/span><\/figcaption><\/figure>\n<p class=\"\"><i>El tel\u00e9fono 016 atiende a las v\u00edctimas de violencia machista, a sus familias y a su entorno las 24 horas del d\u00eda, todos los d\u00edas del a\u00f1o, en 53 idiomas diferentes. El n\u00famero no queda registrado en la factura telef\u00f3nica, pero hay que borrar la llamada del dispositivo. Tambi\u00e9n se puede contactar a trav\u00e9s del correo electr\u00f3nico <\/i><i>016-online@igualdad.gob.es<\/i><i>  y por WhatsApp en el n\u00famero 600 000 016. Los menores pueden dirigirse al tel\u00e9fono de la Fundaci\u00f3n ANAR 900 20 20 10. Si es una situaci\u00f3n de emergencia, se puede llamar al 112 o a los tel\u00e9fonos de la Polic\u00eda Nacional (091) y de la Guardia Civil (062). Y en caso de no poder llamar, se puede recurrir a la aplicaci\u00f3n ALERTCOPS, desde la que se env\u00eda una se\u00f1al de alerta a la Polic\u00eda con geolocalizaci\u00f3n.<\/i><\/p>\n<\/div>\n\n","protected":false},"excerpt":{"rendered":"<p>Antonia Dell\u2019Atte fue entrevistada por este peri\u00f3dico el 12 de octubre y detall\u00f3 la violencia machista que sufri\u00f3 por parte del que fue su marido, Alessandro Lecquio. Este fue despedido, pero llevaba m\u00e1s de tres d\u00e9cadas en televisi\u00f3n, protegido por colegas e industria, que no dieron credibilidad a lo que Dell\u2019Atte cont\u00f3 desde el principio. &hellip;<\/p>\n","protected":false},"author":1,"featured_media":52979,"comment_status":"open","ping_status":"open","sticky":false,"template":"","format":"standard","meta":{"fifu_image_url":"https:\/\/imagenes.elpais.com\/resizer\/v2\/FMV33VGLLBEW5O26AYV7CVJOJA.jpg?auth=d0364d809778da53401023c91ad6a3250824b40948647d0430813c13eab342cf&width=1200","fifu_image_alt":"","footnotes":""},"categories":[11],"tags":[],"class_list":["post-52978","post","type-post","status-publish","format-standard","has-post-thumbnail","","category-viaje"],"_links":{"self":[{"href":"https:\/\/noticiasveraces.com\/index.php?rest_route=\/wp\/v2\/posts\/52978","targetHints":{"allow":["GET"]}}],"collection":[{"href":"https:\/\/noticiasveraces.com\/index.php?rest_route=\/wp\/v2\/posts"}],"about":[{"href":"https:\/\/noticiasveraces.com\/index.php?rest_route=\/wp\/v2\/types\/post"}],"author":[{"embeddable":true,"href":"https:\/\/noticiasveraces.com\/index.php?rest_route=\/wp\/v2\/users\/1"}],"replies":[{"embeddable":true,"href":"https:\/\/noticiasveraces.com\/index.php?rest_route=%2Fwp%2Fv2%2Fcomments&post=52978"}],"version-history":[{"count":0,"href":"https:\/\/noticiasveraces.com\/index.php?rest_route=\/wp\/v2\/posts\/52978\/revisions"}],"wp:featuredmedia":[{"embeddable":true,"href":"https:\/\/noticiasveraces.com\/index.php?rest_route=\/wp\/v2\/media\/52979"}],"wp:attachment":[{"href":"https:\/\/noticiasveraces.com\/index.php?rest_route=%2Fwp%2Fv2%2Fmedia&parent=52978"}],"wp:term":[{"taxonomy":"category","embeddable":true,"href":"https:\/\/noticiasveraces.com\/index.php?rest_route=%2Fwp%2Fv2%2Fcategories&post=52978"},{"taxonomy":"post_tag","embeddable":true,"href":"https:\/\/noticiasveraces.com\/index.php?rest_route=%2Fwp%2Fv2%2Ftags&post=52978"}],"curies":[{"name":"wp","href":"https:\/\/api.w.org\/{rel}","templated":true}]}}