{"id":52941,"date":"2025-12-07T14:06:13","date_gmt":"2025-12-07T18:06:13","guid":{"rendered":"https:\/\/noticiasveraces.com\/?p=52941"},"modified":"2025-12-07T14:06:13","modified_gmt":"2025-12-07T18:06:13","slug":"la-chef-monica-sahmkow-reivindica-la-memoria-gastronomica-venezolana","status":"publish","type":"post","link":"https:\/\/noticiasveraces.com\/?p=52941","title":{"rendered":"La chef M\u00f3nica Sahmkow reivindica la memoria gastron\u00f3mica venezolana"},"content":{"rendered":"<p> \n<\/p>\n<div>\n<p><strong>Hay infancias que huelen a cacao, jalea de mango o dulce de guayaba<\/strong>. En la de la chef venezolana <strong>M\u00f3nica Sahmkow<\/strong>ese aroma lo asocia con la canela y las guindas de la torta de Navidad que su madre preparaba para vender durante la temporada decembrina en Venezuela.<\/p>\n<p>Esta receta, una mezcla de su herencia inglesa y alemana, que su madre \u201cvenezonaliz\u00f3\u201d intercambiando el<em> whisky<\/em> por el ron, <strong>es la imagen que conecta a Sahmkow con su pasi\u00f3n por la cocina<\/strong>.<\/p>\n<p>\u201cCuando era peque\u00f1a visitaba a mi mam\u00e1 en la cocina mientras preparaba sus famosas tortas de Navidad. Sin que ella se diera cuenta, <strong>me robaba varias de las guindas que ten\u00eda listas para sus recetas y luego volv\u00eda a pasar para comer a escondidas el sobrante que quedaba<\/strong> en el molde de la torta\u201d, cont\u00f3 la chef en una entrevista para <strong>El Diario<\/strong>.<\/p>\n<p><iframe loading=\"lazy\" title=\"M\u00e1s all\u00e1 de los fogones: la chef M\u00f3nica Sahmkow reivindica la memoria gastron\u00f3mica venezolana\" width=\"618\" height=\"348\" src=\"https:\/\/www.youtube.com\/embed\/iFyCOA7AwHs?feature=oembed\" frameborder=\"0\" allow=\"accelerometer; autoplay; clipboard-write; encrypted-media; gyroscope; picture-in-picture; web-share\" referrerpolicy=\"strict-origin-when-cross-origin\" allowfullscreen><\/iframe><\/p>\n<p>All\u00ed, entre las guindas y el ritual anual de amasar, hornear y vender, se sembr\u00f3 en la chef Sahmkow, directora de la Academ\u00eda de Gastronom\u00eda de la Universidad Cat\u00f3lica Andr\u00e9s Bello (UCAB), una sensibilidad que a\u00f1os m\u00e1s tarde se convertir\u00eda en profesi\u00f3n. <\/p>\n<figure class=\"wp-block-image size-full\"><img fetchpriority=\"high\" width=\"1600\" height=\"1067\" alt=\"M\u00e1s all\u00e1 de los fogones: la chef M\u00f3nica Sahmkow reivindica la memoria gastron\u00f3mica venezolana\" sizes=\"(max-width: 1600px) 100vw, 1600px\" srcset=\"https:\/\/eldiario.com\/nitropack_static\/DWpklAePbJBFiBKvuTtiGMLbtJlHUqWt\/assets\/images\/optimized\/rev-a8dec8a\/eldiario.com\/wp-content\/uploads\/2025\/12\/003.jpg 1600w, https:\/\/eldiario.com\/nitropack_static\/DWpklAePbJBFiBKvuTtiGMLbtJlHUqWt\/assets\/images\/optimized\/rev-a8dec8a\/eldiario.com\/wp-content\/uploads\/2025\/12\/003-300x200.jpg 300w, https:\/\/eldiario.com\/nitropack_static\/DWpklAePbJBFiBKvuTtiGMLbtJlHUqWt\/assets\/images\/optimized\/rev-a8dec8a\/eldiario.com\/wp-content\/uploads\/2025\/12\/003-1200x800.jpg 1200w, https:\/\/eldiario.com\/nitropack_static\/DWpklAePbJBFiBKvuTtiGMLbtJlHUqWt\/assets\/images\/optimized\/rev-a8dec8a\/eldiario.com\/wp-content\/uploads\/2025\/12\/003-768x512.jpg 768w, https:\/\/eldiario.com\/nitropack_static\/DWpklAePbJBFiBKvuTtiGMLbtJlHUqWt\/assets\/images\/optimized\/rev-a8dec8a\/eldiario.com\/wp-content\/uploads\/2025\/12\/003-1536x1024.jpg 1536w, https:\/\/eldiario.com\/nitropack_static\/DWpklAePbJBFiBKvuTtiGMLbtJlHUqWt\/assets\/images\/optimized\/rev-a8dec8a\/eldiario.com\/wp-content\/uploads\/2025\/12\/003-330x220.jpg 330w, https:\/\/eldiario.com\/nitropack_static\/DWpklAePbJBFiBKvuTtiGMLbtJlHUqWt\/assets\/images\/optimized\/rev-a8dec8a\/eldiario.com\/wp-content\/uploads\/2025\/12\/003-420x280.jpg 420w, https:\/\/eldiario.com\/nitropack_static\/DWpklAePbJBFiBKvuTtiGMLbtJlHUqWt\/assets\/images\/optimized\/rev-a8dec8a\/eldiario.com\/wp-content\/uploads\/2025\/12\/003-615x410.jpg 615w, https:\/\/eldiario.com\/nitropack_static\/DWpklAePbJBFiBKvuTtiGMLbtJlHUqWt\/assets\/images\/optimized\/rev-a8dec8a\/eldiario.com\/wp-content\/uploads\/2025\/12\/003-860x574.jpg 860w, https:\/\/eldiario.com\/nitropack_static\/DWpklAePbJBFiBKvuTtiGMLbtJlHUqWt\/assets\/images\/optimized\/rev-a8dec8a\/eldiario.com\/wp-content\/uploads\/2025\/12\/003-150x100.jpg 150w\" src=\"https:\/\/eldiario.com\/nitropack_static\/DWpklAePbJBFiBKvuTtiGMLbtJlHUqWt\/assets\/images\/optimized\/rev-a8dec8a\/eldiario.com\/wp-content\/uploads\/2025\/12\/003.jpg\" class=\"wp-image-830746 nitro-lazy\" decoding=\"async\" nitro-lazy-empty=\"\" id=\"ODEwOjEwNzA=-1\"\/><figcaption class=\"wp-element-caption\">M\u00f3nica Sahmkow | Foto: Mauricio Villarreal<\/figcaption><\/figure>\n<h2 id=\"una-abogada-que-se-apasiono-por-la-cocinanbsp\" class=\"rb-heading-index-0-830740 wp-block-heading\"><strong>Una abogada que se apasion\u00f3 por la cocina <\/strong><\/h2>\n<p>Sahmkow no creci\u00f3 con el sue\u00f1o de ser chef.<strong> Cuando termin\u00f3 el colegio crey\u00f3 que su camino estaba en los estudios internacionales, pero no consigui\u00f3 cupo en la universidad<\/strong>por lo que intent\u00f3 estudiar Derecho en la UCAB, en Montalb\u00e1n, Caracas.<\/p>\n<p>De ese tiempo<strong> recuerda el centro de Caracas como un \u201cuniverso de est\u00edmulos\u201d<\/strong>donde se desenvolvi\u00f3 entre tribunales y expedientes, pero se deten\u00eda de vez en cuando en los puestos de dulcer\u00eda criolla donde, casi sin darse cuenta, empezaba a latir la verdadera vocaci\u00f3n.<\/p>\n<p><strong>En el tercer a\u00f1o comprendi\u00f3 que la ley no era su pasi\u00f3n, sin embargo, culmin\u00f3 la carrera. <\/strong>Y mientras tanto, los s\u00e1bados los dedic\u00f3 a estudiar cocina en el Instituto Culinario de Caracas.<\/p>\n<p>\u201cNo hubo un momento de revelaci\u00f3n, como suele pasarle a mucha gente, incluso, en las pel\u00edculas, cuando los personajes descubren lo que verdaderamente les apasiona. Fue lento, progresivo, donde la curiosidad se fue transformando en certeza\u201d, comparti\u00f3.<\/p>\n<figure class=\"wp-block-image size-full\"><img loading=\"lazy\" width=\"1600\" height=\"1067\" alt=\"M\u00e1s all\u00e1 de los fogones: la chef M\u00f3nica Sahmkow reivindica la memoria gastron\u00f3mica venezolana\" sizes=\"auto, (max-width: 1600px) 100vw, 1600px\" srcset=\"https:\/\/eldiario.com\/nitropack_static\/DWpklAePbJBFiBKvuTtiGMLbtJlHUqWt\/assets\/images\/optimized\/rev-a8dec8a\/eldiario.com\/wp-content\/uploads\/2025\/12\/DSC03922.jpg 1600w, https:\/\/eldiario.com\/nitropack_static\/DWpklAePbJBFiBKvuTtiGMLbtJlHUqWt\/assets\/images\/optimized\/rev-a8dec8a\/eldiario.com\/wp-content\/uploads\/2025\/12\/DSC03922-300x200.jpg 300w, https:\/\/eldiario.com\/nitropack_static\/DWpklAePbJBFiBKvuTtiGMLbtJlHUqWt\/assets\/images\/optimized\/rev-a8dec8a\/eldiario.com\/wp-content\/uploads\/2025\/12\/DSC03922-1200x800.jpg 1200w, https:\/\/eldiario.com\/nitropack_static\/DWpklAePbJBFiBKvuTtiGMLbtJlHUqWt\/assets\/images\/optimized\/rev-a8dec8a\/eldiario.com\/wp-content\/uploads\/2025\/12\/DSC03922-768x512.jpg 768w, https:\/\/eldiario.com\/nitropack_static\/DWpklAePbJBFiBKvuTtiGMLbtJlHUqWt\/assets\/images\/optimized\/rev-a8dec8a\/eldiario.com\/wp-content\/uploads\/2025\/12\/DSC03922-1536x1024.jpg 1536w, https:\/\/eldiario.com\/nitropack_static\/DWpklAePbJBFiBKvuTtiGMLbtJlHUqWt\/assets\/images\/optimized\/rev-a8dec8a\/eldiario.com\/wp-content\/uploads\/2025\/12\/DSC03922-330x220.jpg 330w, https:\/\/eldiario.com\/nitropack_static\/DWpklAePbJBFiBKvuTtiGMLbtJlHUqWt\/assets\/images\/optimized\/rev-a8dec8a\/eldiario.com\/wp-content\/uploads\/2025\/12\/DSC03922-420x280.jpg 420w, https:\/\/eldiario.com\/nitropack_static\/DWpklAePbJBFiBKvuTtiGMLbtJlHUqWt\/assets\/images\/optimized\/rev-a8dec8a\/eldiario.com\/wp-content\/uploads\/2025\/12\/DSC03922-615x410.jpg 615w, https:\/\/eldiario.com\/nitropack_static\/DWpklAePbJBFiBKvuTtiGMLbtJlHUqWt\/assets\/images\/optimized\/rev-a8dec8a\/eldiario.com\/wp-content\/uploads\/2025\/12\/DSC03922-860x574.jpg 860w, https:\/\/eldiario.com\/nitropack_static\/DWpklAePbJBFiBKvuTtiGMLbtJlHUqWt\/assets\/images\/optimized\/rev-a8dec8a\/eldiario.com\/wp-content\/uploads\/2025\/12\/DSC03922-150x100.jpg 150w\" src=\"https:\/\/eldiario.com\/nitropack_static\/DWpklAePbJBFiBKvuTtiGMLbtJlHUqWt\/assets\/images\/optimized\/rev-a8dec8a\/eldiario.com\/wp-content\/uploads\/2025\/12\/DSC03922.jpg\" class=\"wp-image-830747 nitro-lazy\" decoding=\"async\" nitro-lazy-empty=\"\" id=\"ODM0OjExMTk=-1\"\/><figcaption class=\"wp-element-caption\">M\u00f3nica Sahmkow | | Foto: Mauricio Villarreal<\/figcaption><\/figure>\n<h2 id=\"la-migracion-que-no-vivio-pero-que-la-transformo\" class=\"rb-heading-index-1-830740 wp-block-heading\"><strong>La migraci\u00f3n que no vivi\u00f3, pero que la transform\u00f3<\/strong><\/h2>\n<p>Su carrera dio un salto cuando viaj\u00f3 a Espa\u00f1a para unas pasant\u00edas y, posteriormente, visit\u00f3 Francia para estudiar en la escuela Ferrandi en Par\u00eds (Francia). <strong>All\u00ed encontr\u00f3 un concepto de gastronom\u00eda profundamente enraizado en la identidad<\/strong>. <\/p>\n<p>Durante su estancia en la ciudad europea, <strong>Sahmkow se fascin\u00f3 con la manera en la que los franceses veneran sus productos<\/strong>sus artesanos, sus regiones, y c\u00f3mo esa devoci\u00f3n cotidiana construye cultura.<\/p>\n<p>Esa experiencia se<strong> \u201cvolvi\u00f3 un espejo\u201d,<\/strong> como ella misma mencion\u00f3, lo que la llev\u00f3 a mirar hacia adentro al \u201credescubrir Venezuela\u201d no solo como territorio, sino tambi\u00e9n a trav\u00e9s de su relato culinario. <\/p>\n<p>Al culminar, regres\u00f3 a Venezuela y eligi\u00f3 rodearse de las historias de quienes migraron. De personas que, desde lejos, persiguen su pa\u00eds en un ingrediente, en una arepa, en el aroma del aj\u00ed dulce. En ese intercambio \u2014ser la venezolana que se queda y escucha a los venezolanos que se fueron\u2014 encontr\u00f3 un sentido m\u00e1s claro para su trabajo.<\/p>\n<p>\u201cCon el tiempo encontr\u00e9 un equilibrio delicado entre la t\u00e9cnica francesa que me form\u00f3 y la comprensi\u00f3n profunda de los sabores locales que me enamoraron. Explorar Venezuela me transform\u00f3. Viajar por el pa\u00eds, probar sus regiones, dialogar con productores y con estudiantes la llev\u00f3 a una premisa. <strong>Creo que nuestro pa\u00eds es vasto, generoso y sorprendente. Solo falta contarlo mejor\u201d<\/strong>afirm\u00f3.<\/p>\n<figure class=\"wp-block-image size-full\"><img loading=\"lazy\" width=\"1600\" height=\"1067\" alt=\"M\u00e1s all\u00e1 de los fogones: la chef M\u00f3nica Sahmkow reivindica la memoria gastron\u00f3mica venezolana\" sizes=\"auto, (max-width: 1600px) 100vw, 1600px\" srcset=\"https:\/\/eldiario.com\/nitropack_static\/DWpklAePbJBFiBKvuTtiGMLbtJlHUqWt\/assets\/images\/optimized\/rev-a8dec8a\/eldiario.com\/wp-content\/uploads\/2025\/12\/DSC03908.jpg 1600w, https:\/\/eldiario.com\/nitropack_static\/DWpklAePbJBFiBKvuTtiGMLbtJlHUqWt\/assets\/images\/optimized\/rev-a8dec8a\/eldiario.com\/wp-content\/uploads\/2025\/12\/DSC03908-300x200.jpg 300w, https:\/\/eldiario.com\/nitropack_static\/DWpklAePbJBFiBKvuTtiGMLbtJlHUqWt\/assets\/images\/optimized\/rev-a8dec8a\/eldiario.com\/wp-content\/uploads\/2025\/12\/DSC03908-1200x800.jpg 1200w, https:\/\/eldiario.com\/nitropack_static\/DWpklAePbJBFiBKvuTtiGMLbtJlHUqWt\/assets\/images\/optimized\/rev-a8dec8a\/eldiario.com\/wp-content\/uploads\/2025\/12\/DSC03908-768x512.jpg 768w, https:\/\/eldiario.com\/nitropack_static\/DWpklAePbJBFiBKvuTtiGMLbtJlHUqWt\/assets\/images\/optimized\/rev-a8dec8a\/eldiario.com\/wp-content\/uploads\/2025\/12\/DSC03908-1536x1024.jpg 1536w, https:\/\/eldiario.com\/nitropack_static\/DWpklAePbJBFiBKvuTtiGMLbtJlHUqWt\/assets\/images\/optimized\/rev-a8dec8a\/eldiario.com\/wp-content\/uploads\/2025\/12\/DSC03908-330x220.jpg 330w, https:\/\/eldiario.com\/nitropack_static\/DWpklAePbJBFiBKvuTtiGMLbtJlHUqWt\/assets\/images\/optimized\/rev-a8dec8a\/eldiario.com\/wp-content\/uploads\/2025\/12\/DSC03908-420x280.jpg 420w, https:\/\/eldiario.com\/nitropack_static\/DWpklAePbJBFiBKvuTtiGMLbtJlHUqWt\/assets\/images\/optimized\/rev-a8dec8a\/eldiario.com\/wp-content\/uploads\/2025\/12\/DSC03908-615x410.jpg 615w, https:\/\/eldiario.com\/nitropack_static\/DWpklAePbJBFiBKvuTtiGMLbtJlHUqWt\/assets\/images\/optimized\/rev-a8dec8a\/eldiario.com\/wp-content\/uploads\/2025\/12\/DSC03908-860x574.jpg 860w, https:\/\/eldiario.com\/nitropack_static\/DWpklAePbJBFiBKvuTtiGMLbtJlHUqWt\/assets\/images\/optimized\/rev-a8dec8a\/eldiario.com\/wp-content\/uploads\/2025\/12\/DSC03908-150x100.jpg 150w\" src=\"https:\/\/eldiario.com\/nitropack_static\/DWpklAePbJBFiBKvuTtiGMLbtJlHUqWt\/assets\/images\/optimized\/rev-a8dec8a\/eldiario.com\/wp-content\/uploads\/2025\/12\/DSC03908.jpg\" class=\"wp-image-830750 nitro-lazy\" decoding=\"async\" nitro-lazy-empty=\"\" id=\"ODYyOjExMTk=-1\"\/><figcaption class=\"wp-element-caption\">M\u00f3nica Sahmkow | | Foto: Mauricio Villarreal<\/figcaption><\/figure>\n<h2 id=\"el-oficio-la-vulnerabilidad-y-el-liderazgo\" class=\"rb-heading-index-2-830740 wp-block-heading\"><strong>El oficio, la vulnerabilidad y el liderazgo<\/strong><\/h2>\n<p>En el mundo culinario, la ejecuci\u00f3n es imprescindible. Se aprende haciendo, equivoc\u00e1ndose, repitiendo. La chef M\u00f3nica lo explic\u00f3 a sus estudiantes con una met\u00e1fora sencilla: <strong>\u201cEsto es como ir al gimnasio. Cada d\u00eda levantas m\u00e1s peso\u201d<\/strong>. <\/p>\n<p>Asimismo, reconoci\u00f3 que la cocina exige vulnerabilidad y capacidad de soltar lo acad\u00e9mico cuando <strong>la \u201crealidad aprieta\u201d<\/strong>.<\/p>\n<p>\u201cEn eventos, en servicio, en clases, el cocinero es juzgado al segundo. Es un oficio donde el comensal recibe el trabajo de inmediato. <strong>Eso obliga a desarrollar temple y flexibilidad. <\/strong>A pivotear. Entender que la perfecci\u00f3n t\u00e9cnica no siempre es posible, pero la coherencia y la responsabilidad s\u00ed lo son\u201d, explic\u00f3.<\/p>\n<p>Al mirar en retrospectiva, reconoci\u00f3 que los desaf\u00edos m\u00e1s complejos no provinieron del rigor del oficio, sino del <strong>trabajo en equipo<\/strong>. <\/p>\n<p><strong>\u201cUna cocina es un sistema vivo; y no siempre se est\u00e1 en el equipo adecuado. <\/strong>Aprender a identificarlo y a corregir el rumbo tambi\u00e9n ha formado su liderazgo\u201d, agreg\u00f3.<\/p>\n<figure class=\"wp-block-image size-full\"><img loading=\"lazy\" width=\"1600\" height=\"1067\" alt=\"M\u00e1s all\u00e1 de los fogones: la chef M\u00f3nica Sahmkow reivindica la memoria gastron\u00f3mica venezolana\" sizes=\"auto, (max-width: 1600px) 100vw, 1600px\" srcset=\"https:\/\/eldiario.com\/nitropack_static\/DWpklAePbJBFiBKvuTtiGMLbtJlHUqWt\/assets\/images\/optimized\/rev-a8dec8a\/eldiario.com\/wp-content\/uploads\/2025\/12\/001.jpg 1600w, https:\/\/eldiario.com\/nitropack_static\/DWpklAePbJBFiBKvuTtiGMLbtJlHUqWt\/assets\/images\/optimized\/rev-a8dec8a\/eldiario.com\/wp-content\/uploads\/2025\/12\/001-300x200.jpg 300w, https:\/\/eldiario.com\/nitropack_static\/DWpklAePbJBFiBKvuTtiGMLbtJlHUqWt\/assets\/images\/optimized\/rev-a8dec8a\/eldiario.com\/wp-content\/uploads\/2025\/12\/001-1200x800.jpg 1200w, https:\/\/eldiario.com\/nitropack_static\/DWpklAePbJBFiBKvuTtiGMLbtJlHUqWt\/assets\/images\/optimized\/rev-a8dec8a\/eldiario.com\/wp-content\/uploads\/2025\/12\/001-768x512.jpg 768w, https:\/\/eldiario.com\/nitropack_static\/DWpklAePbJBFiBKvuTtiGMLbtJlHUqWt\/assets\/images\/optimized\/rev-a8dec8a\/eldiario.com\/wp-content\/uploads\/2025\/12\/001-1536x1024.jpg 1536w, https:\/\/eldiario.com\/nitropack_static\/DWpklAePbJBFiBKvuTtiGMLbtJlHUqWt\/assets\/images\/optimized\/rev-a8dec8a\/eldiario.com\/wp-content\/uploads\/2025\/12\/001-330x220.jpg 330w, https:\/\/eldiario.com\/nitropack_static\/DWpklAePbJBFiBKvuTtiGMLbtJlHUqWt\/assets\/images\/optimized\/rev-a8dec8a\/eldiario.com\/wp-content\/uploads\/2025\/12\/001-420x280.jpg 420w, https:\/\/eldiario.com\/nitropack_static\/DWpklAePbJBFiBKvuTtiGMLbtJlHUqWt\/assets\/images\/optimized\/rev-a8dec8a\/eldiario.com\/wp-content\/uploads\/2025\/12\/001-615x410.jpg 615w, https:\/\/eldiario.com\/nitropack_static\/DWpklAePbJBFiBKvuTtiGMLbtJlHUqWt\/assets\/images\/optimized\/rev-a8dec8a\/eldiario.com\/wp-content\/uploads\/2025\/12\/001-860x574.jpg 860w, https:\/\/eldiario.com\/nitropack_static\/DWpklAePbJBFiBKvuTtiGMLbtJlHUqWt\/assets\/images\/optimized\/rev-a8dec8a\/eldiario.com\/wp-content\/uploads\/2025\/12\/001-150x100.jpg 150w\" src=\"https:\/\/eldiario.com\/nitropack_static\/DWpklAePbJBFiBKvuTtiGMLbtJlHUqWt\/assets\/images\/optimized\/rev-a8dec8a\/eldiario.com\/wp-content\/uploads\/2025\/12\/001.jpg\" class=\"wp-image-830755 nitro-lazy\" decoding=\"async\" nitro-lazy-empty=\"\" id=\"ODkwOjEwNjQ=-1\"\/><figcaption class=\"wp-element-caption\">M\u00f3nica Sahmkow | Foto: Mauricio Villarreal<\/figcaption><\/figure>\n<h2 id=\"hay-potencial-en-venezuela\" class=\"rb-heading-index-3-830740 wp-block-heading\"><strong>Hay potencial en Venezuela<\/strong><\/h2>\n<p>Actualmente, la cocina principal de la <strong>chef M\u00f3nica Sahmkow <\/strong>es la academia LAGA, donde sus d\u00edas transcurren entre ense\u00f1ar cocina y administrar la instituci\u00f3n; adem\u00e1s de asesor\u00edas y la log\u00edstica diaria de <strong>ser docente, chef y madre<\/strong>.<\/p>\n<p>En esa vida interdisciplinaria, la chef reafirm\u00f3 que la gastronom\u00eda es una herramienta para comprender el mundo y, sobre todo, para contar un pa\u00eds. En Venezuela, afirm\u00f3, <strong>\u201chay un potencial subestimado\u201d<\/strong>un producto extraordinario y un talento enorme. <\/p>\n<p><strong>\u201cTenemos cosas mucho mejores que en otros lados, pero no las estamos potenciando. Venezuela tiene una herencia culinaria que merece ser contada con volumen alto\u201d<\/strong>dijo.<br \/>Por eso su prop\u00f3sito profesional se transform\u00f3. M\u00e1s que abrir un restaurante, un deseo que contin\u00faa, s<strong>u misi\u00f3n hoy es formar a los cocineros que buscan transmitir identidad, sentido de pertenencia, \u00e9tica, t\u00e9cnica y curiosidad<\/strong>.\u00a0 Para Sahmkow, el presente de la gastronom\u00eda venezolana es complejo, como el pa\u00eds mismo. <strong>Pero es tambi\u00e9n un terreno f\u00e9rtil<\/strong>.<\/p>\n<\/p><\/div>\n\n","protected":false},"excerpt":{"rendered":"<p>Hay infancias que huelen a cacao, jalea de mango o dulce de guayaba. En la de la chef venezolana M\u00f3nica Sahmkowese aroma lo asocia con la canela y las guindas de la torta de Navidad que su madre preparaba para vender durante la temporada decembrina en Venezuela. Esta receta, una mezcla de su herencia inglesa &hellip;<\/p>\n","protected":false},"author":1,"featured_media":52943,"comment_status":"open","ping_status":"open","sticky":false,"template":"","format":"standard","meta":{"fifu_image_url":"https:\/\/eldiario.com\/wp-content\/uploads\/2025\/12\/DSC03901.jpg","fifu_image_alt":"","footnotes":""},"categories":[13],"tags":[],"class_list":["post-52941","post","type-post","status-publish","format-standard","has-post-thumbnail","","category-mundo"],"_links":{"self":[{"href":"https:\/\/noticiasveraces.com\/index.php?rest_route=\/wp\/v2\/posts\/52941","targetHints":{"allow":["GET"]}}],"collection":[{"href":"https:\/\/noticiasveraces.com\/index.php?rest_route=\/wp\/v2\/posts"}],"about":[{"href":"https:\/\/noticiasveraces.com\/index.php?rest_route=\/wp\/v2\/types\/post"}],"author":[{"embeddable":true,"href":"https:\/\/noticiasveraces.com\/index.php?rest_route=\/wp\/v2\/users\/1"}],"replies":[{"embeddable":true,"href":"https:\/\/noticiasveraces.com\/index.php?rest_route=%2Fwp%2Fv2%2Fcomments&post=52941"}],"version-history":[{"count":0,"href":"https:\/\/noticiasveraces.com\/index.php?rest_route=\/wp\/v2\/posts\/52941\/revisions"}],"wp:featuredmedia":[{"embeddable":true,"href":"https:\/\/noticiasveraces.com\/index.php?rest_route=\/wp\/v2\/media\/52943"}],"wp:attachment":[{"href":"https:\/\/noticiasveraces.com\/index.php?rest_route=%2Fwp%2Fv2%2Fmedia&parent=52941"}],"wp:term":[{"taxonomy":"category","embeddable":true,"href":"https:\/\/noticiasveraces.com\/index.php?rest_route=%2Fwp%2Fv2%2Fcategories&post=52941"},{"taxonomy":"post_tag","embeddable":true,"href":"https:\/\/noticiasveraces.com\/index.php?rest_route=%2Fwp%2Fv2%2Ftags&post=52941"}],"curies":[{"name":"wp","href":"https:\/\/api.w.org\/{rel}","templated":true}]}}