{"id":52912,"date":"2025-12-07T10:44:27","date_gmt":"2025-12-07T14:44:27","guid":{"rendered":"https:\/\/noticiasveraces.com\/?p=52912"},"modified":"2025-12-07T10:44:27","modified_gmt":"2025-12-07T14:44:27","slug":"ministerio-para-el-servicio-penitenciario-aseguro-que-alfredo-diaz-murio-de-un-infarto-el-diario-venezuela","status":"publish","type":"post","link":"https:\/\/noticiasveraces.com\/?p=52912","title":{"rendered":"Ministerio para el Servicio Penitenciario asegur\u00f3 que Alfredo D\u00edaz muri\u00f3 de un infarto &#8211; El Diario Venezuela"},"content":{"rendered":"<p> \n<\/p>\n<div>\n<p>El <strong>Ministerio para el Servicio Penitenciario <\/strong>inform\u00f3 que <strong>Alfredo D\u00edaz<\/strong>ex gobernador del estado Nueva Esparta, <strong>muri\u00f3 producto de un infarto<\/strong>.<\/p>\n<p>A trav\u00e9s de un comunicado, precis\u00f3 que el s\u00e1bado 6 de diciembre, aproximadamente a las <strong>06:33 am<\/strong>D\u00edaz manifest\u00f3 <strong>\u201cs\u00edntomas compatibles con un infarto del miocardio\u201d<\/strong>por lo que fue auxiliado por sus compa\u00f1eros de recinto e \u201cinmediatamente\u201d atendido en la emergencia, donde le prestaron atenci\u00f3n m\u00e9dica primaria.<\/p>\n<p>En virtud de su condici\u00f3n, fue<strong> trasladado al Hospital Universitario de Caracas<\/strong>donde ingres\u00f3 y <strong>\u201cfalleci\u00f3 minutos despu\u00e9s\u201d <\/strong>de que intentaran estabilizarlo.<\/p>\n<p><em>M\u00e1s informaci\u00f3n en breve\u2026<\/em><\/p>\n<\/p><\/div>\n\n","protected":false},"excerpt":{"rendered":"<p>El Ministerio para el Servicio Penitenciario inform\u00f3 que Alfredo D\u00edazex gobernador del estado Nueva Esparta, muri\u00f3 producto de un infarto. A trav\u00e9s de un comunicado, precis\u00f3 que el s\u00e1bado 6 de diciembre, aproximadamente a las 06:33 amD\u00edaz manifest\u00f3 \u201cs\u00edntomas compatibles con un infarto del miocardio\u201dpor lo que fue auxiliado por sus compa\u00f1eros de recinto e &hellip;<\/p>\n","protected":false},"author":1,"featured_media":52913,"comment_status":"open","ping_status":"open","sticky":false,"template":"","format":"standard","meta":{"fifu_image_url":"https:\/\/eldiario.com\/wp-content\/uploads\/2025\/12\/alfredo-diaz-nueva-esparta-88728.jpg","fifu_image_alt":"","footnotes":""},"categories":[4],"tags":[],"class_list":["post-52912","post","type-post","status-publish","format-standard","has-post-thumbnail","","category-historias-destacadas"],"_links":{"self":[{"href":"https:\/\/noticiasveraces.com\/index.php?rest_route=\/wp\/v2\/posts\/52912","targetHints":{"allow":["GET"]}}],"collection":[{"href":"https:\/\/noticiasveraces.com\/index.php?rest_route=\/wp\/v2\/posts"}],"about":[{"href":"https:\/\/noticiasveraces.com\/index.php?rest_route=\/wp\/v2\/types\/post"}],"author":[{"embeddable":true,"href":"https:\/\/noticiasveraces.com\/index.php?rest_route=\/wp\/v2\/users\/1"}],"replies":[{"embeddable":true,"href":"https:\/\/noticiasveraces.com\/index.php?rest_route=%2Fwp%2Fv2%2Fcomments&post=52912"}],"version-history":[{"count":0,"href":"https:\/\/noticiasveraces.com\/index.php?rest_route=\/wp\/v2\/posts\/52912\/revisions"}],"wp:featuredmedia":[{"embeddable":true,"href":"https:\/\/noticiasveraces.com\/index.php?rest_route=\/wp\/v2\/media\/52913"}],"wp:attachment":[{"href":"https:\/\/noticiasveraces.com\/index.php?rest_route=%2Fwp%2Fv2%2Fmedia&parent=52912"}],"wp:term":[{"taxonomy":"category","embeddable":true,"href":"https:\/\/noticiasveraces.com\/index.php?rest_route=%2Fwp%2Fv2%2Fcategories&post=52912"},{"taxonomy":"post_tag","embeddable":true,"href":"https:\/\/noticiasveraces.com\/index.php?rest_route=%2Fwp%2Fv2%2Ftags&post=52912"}],"curies":[{"name":"wp","href":"https:\/\/api.w.org\/{rel}","templated":true}]}}