{"id":52905,"date":"2025-12-07T09:38:07","date_gmt":"2025-12-07T13:38:07","guid":{"rendered":"https:\/\/noticiasveraces.com\/?p=52905"},"modified":"2025-12-07T09:38:07","modified_gmt":"2025-12-07T13:38:07","slug":"catar-defiende-su-papel-mediador-para-la-tregua-en-gaza-y-niega-fianciar-a-hamas-albertonews","status":"publish","type":"post","link":"https:\/\/noticiasveraces.com\/?p=52905","title":{"rendered":"Catar defiende su papel mediador para la tregua en Gaza y niega fianciar a Ham\u00e1s &#8211; AlbertoNews"},"content":{"rendered":"<p> \n<\/p>\n<div>\n<p>El primer ministro y ministro de Asuntos Exteriores de Catar, Mohamed bin Abdurrahm\u00e1n al Thani, defendi\u00f3 este domingo el papel de su pa\u00eds como mediador para alcanzar el alto el fuego en Gaza y rechaz\u00f3 las acusaciones de que Doha financie a Ham\u00e1s, algo que asegur\u00f3 surgi\u00f3 con iniciativas coordinadas con Estados Unidos e Israel.<\/p>\n<p><strong>EFE<\/strong><\/p>\n<p>En una entrevista con el comentarista estadounidense de extrema derecha Tucker Carlson en el marco del Foro de Doha, Al Thani afirm\u00f3 que la presencia de representantes de Ham\u00e1s en la capital catar\u00ed es tan solo parte del \u00abconcepto de mediaci\u00f3n, que es ofrecer un lugar seguro para qu\u00e9 las partes en conflicto lleguen a un acuerdo para poner fin a las guerras\u00bb.<\/p>\n<p>Adem\u00e1s, el ministro defendi\u00f3 los fondos catar\u00edes de ayuda a la poblaci\u00f3n de Gaza, que no van destinados al grupo islamista palestino Ham\u00e1s, dinero adem\u00e1s que surgi\u00f3 de iniciativas coordinadas con Estados Unidos e Israel.<\/p>\n<p>\u00abToda nuestra ayuda fue para el pueblo de Gaza y bajo un proceso muy transparente del que Estados Unidos estaba completamente al tanto\u00bb, asegur\u00f3 Al Thani, subrayando que distintos gobiernos israel\u00edes participaron en ese mecanismo.<\/p>\n<h2><b>Fundamental para el alto el fuego<\/b><\/h2>\n<p>El jefe de la diplomacia catar\u00ed critic\u00f3 que Catar fuera \u00abatacado\u00bb por mantener canales de comunicaci\u00f3n con actores no estatales vinculados a conflictos en la regi\u00f3n, y sostuvo que esta interlocuci\u00f3n ha sido fundamental para \u00abceses al fuego, liberaci\u00f3n de rehenes y entrada de ayuda humanitaria\u00bb.<\/p>\n<p>Al Thani calific\u00f3 de \u00absin precedentes\u00bb y \u00abpoco \u00e9tico\u00bb el bombardeo israel\u00ed sobre Doha del pasado mes de septiembre en medio de un proceso de mediaci\u00f3n, del que responsabiliz\u00f3 a Israel.<\/p>\n<p>Explic\u00f3 en su exposici\u00f3n ante el periodista estadounidese que entonces, el presidente Donald Trump expres\u00f3 su \u00abfrustraci\u00f3n\u00bb por el ataque y neg\u00f3 que formara parte de un plan coordinado con Washington, al tiempo que exigi\u00f3 a Israel que se disculpara con Catar, lo que finalmente se produjo con una llamada de Benjam\u00edn Netanyahu al emir Tamim al Thani.<\/p>\n<p>El primer ministro catar\u00ed tambi\u00e9n destac\u00f3 el papel de Catar como sede neutral para negociaciones internacionales, citando mediaciones en Europa del Este y casos como la liberaci\u00f3n del periodista estadounidense Evan Gershkovich en Rusia.<\/p>\n<p><strong>Si quieres recibir en tu celular esta y otras informaciones, descarga Telegram, ingresa al link <\/strong><strong>https:\/\/t.me\/albertorodnews<\/strong><strong> y dale clic a +Unirme.  <\/strong><\/p>\n<p><strong>Alberto Noticias<\/strong><\/p>\n<\/p><\/div>\n\n","protected":false},"excerpt":{"rendered":"<p>El primer ministro y ministro de Asuntos Exteriores de Catar, Mohamed bin Abdurrahm\u00e1n al Thani, defendi\u00f3 este domingo el papel de su pa\u00eds como mediador para alcanzar el alto el fuego en Gaza y rechaz\u00f3 las acusaciones de que Doha financie a Ham\u00e1s, algo que asegur\u00f3 surgi\u00f3 con iniciativas coordinadas con Estados Unidos e Israel. &hellip;<\/p>\n","protected":false},"author":1,"featured_media":52906,"comment_status":"open","ping_status":"open","sticky":false,"template":"","format":"standard","meta":{"fifu_image_url":"https:\/\/bitlyanews.com\/wp-content\/uploads\/2025\/12\/El-primer-ministro-y-ministro-de-Asuntos-Exteriores-de-Catar-Mohamed-bin-Abdurrahman-al-Thani.webp","fifu_image_alt":"","footnotes":""},"categories":[13],"tags":[],"class_list":["post-52905","post","type-post","status-publish","format-standard","has-post-thumbnail","","category-mundo"],"_links":{"self":[{"href":"https:\/\/noticiasveraces.com\/index.php?rest_route=\/wp\/v2\/posts\/52905","targetHints":{"allow":["GET"]}}],"collection":[{"href":"https:\/\/noticiasveraces.com\/index.php?rest_route=\/wp\/v2\/posts"}],"about":[{"href":"https:\/\/noticiasveraces.com\/index.php?rest_route=\/wp\/v2\/types\/post"}],"author":[{"embeddable":true,"href":"https:\/\/noticiasveraces.com\/index.php?rest_route=\/wp\/v2\/users\/1"}],"replies":[{"embeddable":true,"href":"https:\/\/noticiasveraces.com\/index.php?rest_route=%2Fwp%2Fv2%2Fcomments&post=52905"}],"version-history":[{"count":0,"href":"https:\/\/noticiasveraces.com\/index.php?rest_route=\/wp\/v2\/posts\/52905\/revisions"}],"wp:featuredmedia":[{"embeddable":true,"href":"https:\/\/noticiasveraces.com\/index.php?rest_route=\/wp\/v2\/media\/52906"}],"wp:attachment":[{"href":"https:\/\/noticiasveraces.com\/index.php?rest_route=%2Fwp%2Fv2%2Fmedia&parent=52905"}],"wp:term":[{"taxonomy":"category","embeddable":true,"href":"https:\/\/noticiasveraces.com\/index.php?rest_route=%2Fwp%2Fv2%2Fcategories&post=52905"},{"taxonomy":"post_tag","embeddable":true,"href":"https:\/\/noticiasveraces.com\/index.php?rest_route=%2Fwp%2Fv2%2Ftags&post=52905"}],"curies":[{"name":"wp","href":"https:\/\/api.w.org\/{rel}","templated":true}]}}