{"id":52903,"date":"2025-12-07T09:18:06","date_gmt":"2025-12-07T13:18:06","guid":{"rendered":"https:\/\/noticiasveraces.com\/?p=52903"},"modified":"2025-12-07T09:18:06","modified_gmt":"2025-12-07T13:18:06","slug":"la-guardia-civil-detiene-a-un-hombre-por-el-asesinato-de-una-mujer-de-30-anos-en-el-viso-del-alcor-sevilla-sociedad","status":"publish","type":"post","link":"https:\/\/noticiasveraces.com\/?p=52903","title":{"rendered":"La Guardia Civil detiene a un hombre por el asesinato de una mujer de 30 a\u00f1os en El Viso del Alcor (Sevilla) | Sociedad"},"content":{"rendered":"<p> \n<\/p>\n<div data-dtm-region=\"articulo_cuerpo\">\n<p class=\"\">La Guardia Civil ha detenido a \u00faltima hora de este s\u00e1bado a un hombre de 35 a\u00f1os por el asesinato de una mujer de 30 hallada sin vida y con signos de violencia en su casa de El Viso del Alcor (Sevilla), seg\u00fan han informado fuentes de la Subdelegaci\u00f3n del Gobierno en esta provincia. Los investigadores han procedido a su detenci\u00f3n y se investiga como un delito de violencia machista ya que la v\u00edctima \u201cpodr\u00eda haber mantenido alg\u00fan tipo de relaci\u00f3n sentimental, indic\u00f3 el subdelegado del Gobierno, Francisco Toscano.<\/p>\n<p class=\"\">La mujer no se encontraba en el sistema de protecci\u00f3n VioG\u00e9n, el de seguimiento de las v\u00edctimas de violencia de g\u00e9nero y sus agresores, de acuerdo con las mismas fuentes. El arrestado, sin embargo, s\u00ed constaba en los registros por la denuncia de otra antigua pareja, seg\u00fan se\u00f1al\u00f3 el subdelegado. De confirmarse el detenido como autor del crimen, formar\u00eda parte de lo que t\u00e9cnicamente se llama agresor persistente o plurivictimizador, hombres que maltratan a lo largo de su vida a varias parejas o exparejas. <\/p>\n<p class=\"\">Seg\u00fan los \u00faltimos datos del Ministerio del Interior, uno de cada cinco hombres que comete violencia machista en Espa\u00f1a ya lo ha hecho antes. Ahora mismo hay en el sistema 81.291 agresores de ese tipo, y su presencia ha aumentado un 58,3% en una d\u00e9cada, pasando del 13,9% en 2015 al 22% en 2025. <\/p>\n<figure class=\"a_m a_m-h \"><span class=\"_db a_m_w _pr lb_btn\"><img decoding=\"auto\" class=\"_re lazyload a_m-h\" height=\"277\" srcset=\"https:\/\/imagenes.elpais.com\/resizer\/v2\/FLU36FL4A5MHBIRCNVELLUCA44.jpg?auth=1bb631703781687cad0d57cd46db17feac447dd1eca132a13a8ab34516cbfee1&amp;width=414 414w,https:\/\/imagenes.elpais.com\/resizer\/v2\/FLU36FL4A5MHBIRCNVELLUCA44.jpg?auth=1bb631703781687cad0d57cd46db17feac447dd1eca132a13a8ab34516cbfee1&amp;width=828 640w,https:\/\/imagenes.elpais.com\/resizer\/v2\/FLU36FL4A5MHBIRCNVELLUCA44.jpg?auth=1bb631703781687cad0d57cd46db17feac447dd1eca132a13a8ab34516cbfee1&amp;width=980 1000w,https:\/\/imagenes.elpais.com\/resizer\/v2\/FLU36FL4A5MHBIRCNVELLUCA44.jpg?auth=1bb631703781687cad0d57cd46db17feac447dd1eca132a13a8ab34516cbfee1&amp;width=1960 1960w\" width=\"414\" sizes=\"auto, (min-width:1199px) 1155px,(min-width:1001px) calc(100vw - 44px),(min-width:768px) 767px, 100vw\" src=\"https:\/\/imagenes.elpais.com\/resizer\/v2\/FLU36FL4A5MHBIRCNVELLUCA44.jpg?auth=1bb631703781687cad0d57cd46db17feac447dd1eca132a13a8ab34516cbfee1&amp;width=414\" loading=\"lazy\"\/><svg aria-hidden=\"true\" class=\"icon_multimedia_ampliar | _pa a_m_i a_m_i-a _dn\" viewbox=\"0 0 40 40\"><use xlink:href=\"#svg-ampliar\"\/><\/svg><\/span><figcaption class=\"a_m_p\" aria-hidden=\"true\"><span>Vivienda de la localidad sevillana de El Viso de Alcor en la que anoche fue hallada muerta una mujer, a primera hora de este domingo.<\/span><span class=\"a_m_m\">David Arjona (EFE)<\/span><\/figcaption><\/figure>\n<p class=\"\">En este caso, fue un fuego lo que activ\u00f3 la alarma. Los agentes acudieron en la tarde del s\u00e1bado a una vivienda de El Viso del Alcor (19.318 habitantes) alertados por un aviso de incendio. Al llegar all\u00ed encontraron el cad\u00e1ver de una mujer que presentaba signos de violencia por arma blanca. Los investigadores est\u00e1n a la espera de que la autopsia esclarezca si la causa de la muerte est\u00e1 vinculada con las heridas de arma blanca que presentaba el cuerpo o se relaciona con el fuego, seg\u00fan indic\u00f3 Toscano.<\/p>\n<p class=\"\">En cuanto se supo la noticia, el Ayuntamiento de El Viso emiti\u00f3 un comunicado lamentando el asesinato de su vecina y condenando los hechos. El consistorio ha decretado tres d\u00edas de luto oficial y ha convocado un minuto de silencio este domingo a las 12.00.<\/p>\n<p class=\"\">En lo que va de a\u00f1o, 42<b> <\/b>mujeres han sido asesinadas por sus parejas o exparejas. Desde que arranc\u00f3 la estad\u00edstica oficial, en 2003, son 1.337<b> <\/b>mujeres.<\/p>\n<p class=\"\"><i>El tel\u00e9fono 016 atiende a las v\u00edctimas de violencia machista, a sus familias y a su entorno las 24 horas del d\u00eda, todos los d\u00edas del a\u00f1o, en 53 idiomas diferentes. El n\u00famero no queda registrado en la factura telef\u00f3nica, pero hay que borrar la llamada del dispositivo. Tambi\u00e9n se puede contactar a trav\u00e9s del correo electr\u00f3nico <\/i><i>016-online@igualdad.gob.es<\/i><i>  y por WhatsApp en el n\u00famero 600 000 016. Los menores pueden dirigirse al tel\u00e9fono de la Fundaci\u00f3n ANAR 900 20 20 10. Si es una situaci\u00f3n de emergencia, se puede llamar al 112 o a los tel\u00e9fonos de la Polic\u00eda Nacional (091) y de la Guardia Civil (062). Y en caso de no poder llamar, se puede recurrir a la aplicaci\u00f3n ALERTCOPS, desde la que se env\u00eda una se\u00f1al de alerta a la Polic\u00eda con geolocalizaci\u00f3n.<\/i><\/p>\n<\/div>\n\n","protected":false},"excerpt":{"rendered":"<p>La Guardia Civil ha detenido a \u00faltima hora de este s\u00e1bado a un hombre de 35 a\u00f1os por el asesinato de una mujer de 30 hallada sin vida y con signos de violencia en su casa de El Viso del Alcor (Sevilla), seg\u00fan han informado fuentes de la Subdelegaci\u00f3n del Gobierno en esta provincia. Los &hellip;<\/p>\n","protected":false},"author":1,"featured_media":52904,"comment_status":"open","ping_status":"open","sticky":false,"template":"","format":"standard","meta":{"fifu_image_url":"https:\/\/imagenes.elpais.com\/resizer\/v2\/VO66R2LMRBETDEE6G25LKS5LO4.jpg?auth=fdaf6612aa957a6c488e309f3457f13a570f9dddfedc265dcd7d2baf23aade9a&width=1200","fifu_image_alt":"","footnotes":""},"categories":[11],"tags":[],"class_list":["post-52903","post","type-post","status-publish","format-standard","has-post-thumbnail","","category-viaje"],"_links":{"self":[{"href":"https:\/\/noticiasveraces.com\/index.php?rest_route=\/wp\/v2\/posts\/52903","targetHints":{"allow":["GET"]}}],"collection":[{"href":"https:\/\/noticiasveraces.com\/index.php?rest_route=\/wp\/v2\/posts"}],"about":[{"href":"https:\/\/noticiasveraces.com\/index.php?rest_route=\/wp\/v2\/types\/post"}],"author":[{"embeddable":true,"href":"https:\/\/noticiasveraces.com\/index.php?rest_route=\/wp\/v2\/users\/1"}],"replies":[{"embeddable":true,"href":"https:\/\/noticiasveraces.com\/index.php?rest_route=%2Fwp%2Fv2%2Fcomments&post=52903"}],"version-history":[{"count":0,"href":"https:\/\/noticiasveraces.com\/index.php?rest_route=\/wp\/v2\/posts\/52903\/revisions"}],"wp:featuredmedia":[{"embeddable":true,"href":"https:\/\/noticiasveraces.com\/index.php?rest_route=\/wp\/v2\/media\/52904"}],"wp:attachment":[{"href":"https:\/\/noticiasveraces.com\/index.php?rest_route=%2Fwp%2Fv2%2Fmedia&parent=52903"}],"wp:term":[{"taxonomy":"category","embeddable":true,"href":"https:\/\/noticiasveraces.com\/index.php?rest_route=%2Fwp%2Fv2%2Fcategories&post=52903"},{"taxonomy":"post_tag","embeddable":true,"href":"https:\/\/noticiasveraces.com\/index.php?rest_route=%2Fwp%2Fv2%2Ftags&post=52903"}],"curies":[{"name":"wp","href":"https:\/\/api.w.org\/{rel}","templated":true}]}}