{"id":52854,"date":"2025-12-07T00:18:01","date_gmt":"2025-12-07T04:18:01","guid":{"rendered":"https:\/\/noticiasveraces.com\/?p=52854"},"modified":"2025-12-07T00:18:01","modified_gmt":"2025-12-07T04:18:01","slug":"estelar-anuncio-una-ruta-alterna-madrid-caracas-con-escala-en-barbados","status":"publish","type":"post","link":"https:\/\/noticiasveraces.com\/?p=52854","title":{"rendered":"Estelar anunci\u00f3 una ruta alterna Madrid-Caracas con escala en Barbados"},"content":{"rendered":"<p> \n<\/p>\n<div>\n<p>La aerol\u00ednea <strong>Estelar <\/strong>anunci\u00f3 este s\u00e1bado 6 de diciembre <strong>una nueva ruta entre Venezuela y Espa\u00f1a, con escala en Barbados, que empezar\u00e1 a operar desde el pr\u00f3ximo lunes 8 de diciembre<\/strong>como una alternativa tras las cancelaciones de vuelos desde y hacia territorio venezolano de las \u00faltimas semanas.<\/p>\n<p>En un comunicado publicado en Instagram, Estelar ofreci\u00f3 esta alternativa, en conjunto con su aliada Iberojet, para <strong>\u201caquellos pasajeros con fecha de viaje afectada\u201d<\/strong> por la suspensi\u00f3n de los vuelos tras los avisos de precauci\u00f3n de la Administraci\u00f3n Federal de Aviaci\u00f3n (FAA) de EE UU y de la Agencia Espa\u00f1ola de Seguridad A\u00e9rea (AESA) al sobrevolar este pa\u00eds suramericano y el sur del Caribe.<\/p>\n<figure class=\"wp-block-image size-full\"><picture fetchpriority=\"high\" decoding=\"async\" class=\"wp-image-830138\"><source type=\"image\/webp\" sizes=\"(max-width: 1600px) 100vw, 1600px\" nitro-lazy-srcset=\"https:\/\/eldiario.com\/nitropack_static\/DWpklAePbJBFiBKvuTtiGMLbtJlHUqWt\/assets\/images\/optimized\/rev-a8dec8a\/eldiario.com\/wp-content\/uploads\/2025\/11\/46e3385c69c0046cd509becd4d0b24152c40fd12.jpg.webp 1600w, https:\/\/eldiario.com\/nitropack_static\/DWpklAePbJBFiBKvuTtiGMLbtJlHUqWt\/assets\/images\/optimized\/rev-a8dec8a\/eldiario.com\/wp-content\/uploads\/2025\/11\/46e3385c69c0046cd509becd4d0b24152c40fd12-300x200.jpg.webp 300w, https:\/\/eldiario.com\/nitropack_static\/DWpklAePbJBFiBKvuTtiGMLbtJlHUqWt\/assets\/images\/optimized\/rev-a8dec8a\/eldiario.com\/wp-content\/uploads\/2025\/11\/46e3385c69c0046cd509becd4d0b24152c40fd12-1200x800.jpg.webp 1200w, https:\/\/eldiario.com\/nitropack_static\/DWpklAePbJBFiBKvuTtiGMLbtJlHUqWt\/assets\/images\/optimized\/rev-a8dec8a\/eldiario.com\/wp-content\/uploads\/2025\/11\/46e3385c69c0046cd509becd4d0b24152c40fd12-768x512.jpg.webp 768w, https:\/\/eldiario.com\/nitropack_static\/DWpklAePbJBFiBKvuTtiGMLbtJlHUqWt\/assets\/images\/optimized\/rev-a8dec8a\/eldiario.com\/wp-content\/uploads\/2025\/11\/46e3385c69c0046cd509becd4d0b24152c40fd12-1536x1024.jpg.webp 1536w, https:\/\/eldiario.com\/nitropack_static\/DWpklAePbJBFiBKvuTtiGMLbtJlHUqWt\/assets\/images\/optimized\/rev-a8dec8a\/eldiario.com\/wp-content\/uploads\/2025\/11\/46e3385c69c0046cd509becd4d0b24152c40fd12-330x220.jpg.webp 330w, https:\/\/eldiario.com\/nitropack_static\/DWpklAePbJBFiBKvuTtiGMLbtJlHUqWt\/assets\/images\/optimized\/rev-a8dec8a\/eldiario.com\/wp-content\/uploads\/2025\/11\/46e3385c69c0046cd509becd4d0b24152c40fd12-420x280.jpg.webp 420w, https:\/\/eldiario.com\/nitropack_static\/DWpklAePbJBFiBKvuTtiGMLbtJlHUqWt\/assets\/images\/optimized\/rev-a8dec8a\/eldiario.com\/wp-content\/uploads\/2025\/11\/46e3385c69c0046cd509becd4d0b24152c40fd12-615x410.jpg.webp 615w, https:\/\/eldiario.com\/nitropack_static\/DWpklAePbJBFiBKvuTtiGMLbtJlHUqWt\/assets\/images\/optimized\/rev-a8dec8a\/eldiario.com\/wp-content\/uploads\/2025\/11\/46e3385c69c0046cd509becd4d0b24152c40fd12-860x574.jpg.webp 860w, https:\/\/eldiario.com\/nitropack_static\/DWpklAePbJBFiBKvuTtiGMLbtJlHUqWt\/assets\/images\/optimized\/rev-a8dec8a\/eldiario.com\/wp-content\/uploads\/2025\/11\/46e3385c69c0046cd509becd4d0b24152c40fd12-150x100.jpg.webp 150w\" nitro-lazy-empty=\"\" id=\"ODAwOjExOTU=-1\" srcset=\"data:image\/svg+xml;nitro-empty-id=ODAwOjExOTU=-1;base64,PHN2ZyB2aWV3Qm94PSIwIDAgMTYwMCAxMDY3IiB3aWR0aD0iMTYwMCIgaGVpZ2h0PSIxMDY3IiB4bWxucz0iaHR0cDovL3d3dy53My5vcmcvMjAwMC9zdmciPjwvc3ZnPg==\"\/><img fetchpriority=\"high\" width=\"1600\" height=\"1067\" alt=\"Colombia se convierte en la ruta de salida para pasajeros varados en Venezuela\" sizes=\"(max-width: 1600px) 100vw, 1600px\" srcset=\"https:\/\/eldiario.com\/nitropack_static\/DWpklAePbJBFiBKvuTtiGMLbtJlHUqWt\/assets\/images\/optimized\/rev-a8dec8a\/eldiario.com\/wp-content\/uploads\/2025\/11\/46e3385c69c0046cd509becd4d0b24152c40fd12.jpg 1600w, https:\/\/eldiario.com\/nitropack_static\/DWpklAePbJBFiBKvuTtiGMLbtJlHUqWt\/assets\/images\/optimized\/rev-a8dec8a\/eldiario.com\/wp-content\/uploads\/2025\/11\/46e3385c69c0046cd509becd4d0b24152c40fd12-300x200.jpg 300w, https:\/\/eldiario.com\/nitropack_static\/DWpklAePbJBFiBKvuTtiGMLbtJlHUqWt\/assets\/images\/optimized\/rev-a8dec8a\/eldiario.com\/wp-content\/uploads\/2025\/11\/46e3385c69c0046cd509becd4d0b24152c40fd12-1200x800.jpg 1200w, https:\/\/eldiario.com\/nitropack_static\/DWpklAePbJBFiBKvuTtiGMLbtJlHUqWt\/assets\/images\/optimized\/rev-a8dec8a\/eldiario.com\/wp-content\/uploads\/2025\/11\/46e3385c69c0046cd509becd4d0b24152c40fd12-768x512.jpg 768w, https:\/\/eldiario.com\/nitropack_static\/DWpklAePbJBFiBKvuTtiGMLbtJlHUqWt\/assets\/images\/optimized\/rev-a8dec8a\/eldiario.com\/wp-content\/uploads\/2025\/11\/46e3385c69c0046cd509becd4d0b24152c40fd12-1536x1024.jpg 1536w, https:\/\/eldiario.com\/nitropack_static\/DWpklAePbJBFiBKvuTtiGMLbtJlHUqWt\/assets\/images\/optimized\/rev-a8dec8a\/eldiario.com\/wp-content\/uploads\/2025\/11\/46e3385c69c0046cd509becd4d0b24152c40fd12-330x220.jpg 330w, https:\/\/eldiario.com\/nitropack_static\/DWpklAePbJBFiBKvuTtiGMLbtJlHUqWt\/assets\/images\/optimized\/rev-a8dec8a\/eldiario.com\/wp-content\/uploads\/2025\/11\/46e3385c69c0046cd509becd4d0b24152c40fd12-420x280.jpg 420w, https:\/\/eldiario.com\/nitropack_static\/DWpklAePbJBFiBKvuTtiGMLbtJlHUqWt\/assets\/images\/optimized\/rev-a8dec8a\/eldiario.com\/wp-content\/uploads\/2025\/11\/46e3385c69c0046cd509becd4d0b24152c40fd12-615x410.jpg 615w, https:\/\/eldiario.com\/nitropack_static\/DWpklAePbJBFiBKvuTtiGMLbtJlHUqWt\/assets\/images\/optimized\/rev-a8dec8a\/eldiario.com\/wp-content\/uploads\/2025\/11\/46e3385c69c0046cd509becd4d0b24152c40fd12-860x574.jpg 860w, https:\/\/eldiario.com\/nitropack_static\/DWpklAePbJBFiBKvuTtiGMLbtJlHUqWt\/assets\/images\/optimized\/rev-a8dec8a\/eldiario.com\/wp-content\/uploads\/2025\/11\/46e3385c69c0046cd509becd4d0b24152c40fd12-150x100.jpg 150w\" src=\"https:\/\/eldiario.com\/nitropack_static\/DWpklAePbJBFiBKvuTtiGMLbtJlHUqWt\/assets\/images\/optimized\/rev-a8dec8a\/eldiario.com\/wp-content\/uploads\/2025\/11\/46e3385c69c0046cd509becd4d0b24152c40fd12.jpg\" class=\"nitro-lazy\" decoding=\"async\" nitro-lazy-empty=\"\" id=\"ODAxOjEzNzM=-1\"\/> <\/picture><figcaption class=\"wp-element-caption\">Fotograf\u00eda que muestra una sala en el aeropuerto internacional Sim\u00f3n Bol\u00edvar, en Maiquet\u00eda (Venezuela) | Foto: EFE\/ Miguel Guti\u00e9rrez<\/figcaption><\/figure>\n<p>M\u00e1s temprano, el gobierno de Venezuela inform\u00f3 que el presidente Nicol\u00e1s Maduro y su hom\u00f3logo de Turqu\u00eda, Recep Tayyip Erdo\u011fan, dialogaron telef\u00f3nicamente y acordaron restablecer <strong>\u201ca la brevedad\u201d<\/strong> la ruta de Turkish Airlines entre Caracas y Estambul, suspendida desde el pasado noviembre.<\/p>\n<p>El viernes, la aerol\u00ednea venezolana Laser anunci\u00f3 una nueva ruta entre Venezuela y Espa\u00f1a, con escala en la ciudad colombiana de <strong>Cartagena de Indias<\/strong>que empezar\u00e1 a operar desde el pr\u00f3ximo mi\u00e9rcoles 10 de diciembre, tambi\u00e9n como una alternativa tras la seguidilla de cancelaciones de vuelos.<\/p>\n<p>En un comunicado publicado en Instagram, Laser inform\u00f3 que dise\u00f1\u00f3 <strong>\u201cuna alternativa de conexi\u00f3n\u201d<\/strong> para los pasajeros con reservas confirmadas, ante <strong>\u201cla imposibilidad operativa de mantener los vuelos directos\u201d<\/strong> entre Venezuela y Espa\u00f1a.<\/p>\n<h2 class=\"wp-block-heading\" id=\"h-itinerarios-suspendidos\"><strong>Itinerarios suspendidos <\/strong><\/h2>\n<p>Hasta ahora, <strong>Iberia, Air Europa y Plus Ultra (Espa\u00f1a), TAP (Portugal), Avianca (Colombia), Gol (Brasil), Latam Colombia y Turkish Airlines <\/strong>mantienen sus itinerarios suspendidos y no tienen concesi\u00f3n de vuelo en Venezuela por orden del Instituto Nacional de Aeron\u00e1utica Civil (INAC), luego de que la instituci\u00f3n les diera un plazo de 48 horas para retomar sus viajes y no cumplieran esta exigencia.<\/p>\n<figure class=\"wp-block-image size-large\"><img loading=\"lazy\" width=\"1200\" height=\"800\" alt=\"Gobiernos de Turqu\u00eda y Venezuela acordaron restablecer \u201ca la brevedad\u201d los vuelos de Turkish entre ambos pa\u00edses \" sizes=\"auto, (max-width: 1200px) 100vw, 1200px\" srcset=\"https:\/\/eldiario.com\/nitropack_static\/DWpklAePbJBFiBKvuTtiGMLbtJlHUqWt\/assets\/images\/optimized\/rev-a8dec8a\/eldiario.com\/wp-content\/uploads\/2025\/12\/TA-2024-1200x800.jpeg 1200w, https:\/\/eldiario.com\/nitropack_static\/DWpklAePbJBFiBKvuTtiGMLbtJlHUqWt\/assets\/images\/optimized\/rev-a8dec8a\/eldiario.com\/wp-content\/uploads\/2025\/12\/TA-2024-300x200.jpeg 300w, https:\/\/eldiario.com\/nitropack_static\/DWpklAePbJBFiBKvuTtiGMLbtJlHUqWt\/assets\/images\/optimized\/rev-a8dec8a\/eldiario.com\/wp-content\/uploads\/2025\/12\/TA-2024-768x512.jpeg 768w, https:\/\/eldiario.com\/nitropack_static\/DWpklAePbJBFiBKvuTtiGMLbtJlHUqWt\/assets\/images\/optimized\/rev-a8dec8a\/eldiario.com\/wp-content\/uploads\/2025\/12\/TA-2024-1536x1023.jpeg 1536w, https:\/\/eldiario.com\/nitropack_static\/DWpklAePbJBFiBKvuTtiGMLbtJlHUqWt\/assets\/images\/optimized\/rev-a8dec8a\/eldiario.com\/wp-content\/uploads\/2025\/12\/TA-2024-330x220.jpeg 330w, https:\/\/eldiario.com\/nitropack_static\/DWpklAePbJBFiBKvuTtiGMLbtJlHUqWt\/assets\/images\/optimized\/rev-a8dec8a\/eldiario.com\/wp-content\/uploads\/2025\/12\/TA-2024-420x280.jpeg 420w, https:\/\/eldiario.com\/nitropack_static\/DWpklAePbJBFiBKvuTtiGMLbtJlHUqWt\/assets\/images\/optimized\/rev-a8dec8a\/eldiario.com\/wp-content\/uploads\/2025\/12\/TA-2024-615x410.jpeg 615w, https:\/\/eldiario.com\/nitropack_static\/DWpklAePbJBFiBKvuTtiGMLbtJlHUqWt\/assets\/images\/optimized\/rev-a8dec8a\/eldiario.com\/wp-content\/uploads\/2025\/12\/TA-2024-860x573.jpeg 860w, https:\/\/eldiario.com\/nitropack_static\/DWpklAePbJBFiBKvuTtiGMLbtJlHUqWt\/assets\/images\/optimized\/rev-a8dec8a\/eldiario.com\/wp-content\/uploads\/2025\/12\/TA-2024-150x100.jpeg 150w, https:\/\/eldiario.com\/nitropack_static\/DWpklAePbJBFiBKvuTtiGMLbtJlHUqWt\/assets\/images\/optimized\/rev-a8dec8a\/eldiario.com\/wp-content\/uploads\/2025\/12\/TA-2024.jpeg 1600w\" src=\"https:\/\/eldiario.com\/nitropack_static\/DWpklAePbJBFiBKvuTtiGMLbtJlHUqWt\/assets\/images\/optimized\/rev-a8dec8a\/eldiario.com\/wp-content\/uploads\/2025\/12\/TA-2024-1200x800.jpeg\" class=\"wp-image-831608 nitro-lazy\" decoding=\"async\" nitro-lazy-empty=\"\" id=\"ODI5OjExMTY=-1\"\/><figcaption class=\"wp-element-caption\">Foto de : Turkish Airlines<\/figcaption><\/figure>\n<p>Esta semana, las l\u00edneas que segu\u00edan activas -Copa (Panam\u00e1), Wingo y Satena (Colombia) y Boliviana de Aviaci\u00f3n (Bolivia)- tambi\u00e9n anunciaron suspensiones de vuelos citando <strong>\u201cintermitencias\u201d<\/strong> en sus se\u00f1ales de navegaci\u00f3n.<\/p>\n<p>La crisis de conectividad a\u00e9rea se da en medio de las crecientes tensiones entre Caracas y Washington, tras el despliegue militar estadounidense en el Caribe, defendido por la Casa Blanca como parte de su estrategia contra las drogas procedentes de Latinoam\u00e9rica, pero que la administraci\u00f3n venezolana tacha de <strong>\u201camenaza\u201d<\/strong> e intento de propiciar un cambio de r\u00e9gimen.<\/p>\n<p><em>Este contenido incluye informaci\u00f3n suministrada por la Agencia EFE. Editado, verificado y contextualizado por el equipo editorial de <\/em><strong><em>El Diario<\/em><\/strong><em>. Conoce nuestra pol\u00edtica sobre el uso de contenidos de EFE <\/em><strong>aqu\u00ed<\/strong>.<\/p>\n<\/p><\/div>\n\n","protected":false},"excerpt":{"rendered":"<p>La aerol\u00ednea Estelar anunci\u00f3 este s\u00e1bado 6 de diciembre una nueva ruta entre Venezuela y Espa\u00f1a, con escala en Barbados, que empezar\u00e1 a operar desde el pr\u00f3ximo lunes 8 de diciembrecomo una alternativa tras las cancelaciones de vuelos desde y hacia territorio venezolano de las \u00faltimas semanas. En un comunicado publicado en Instagram, Estelar ofreci\u00f3 &hellip;<\/p>\n","protected":false},"author":1,"featured_media":52856,"comment_status":"open","ping_status":"open","sticky":false,"template":"","format":"standard","meta":{"fifu_image_url":"https:\/\/eldiario.com\/wp-content\/uploads\/2025\/08\/WhatsApp-Image-2025-08-05-at-10.31.20-AM.jpeg","fifu_image_alt":"","footnotes":""},"categories":[13],"tags":[],"class_list":["post-52854","post","type-post","status-publish","format-standard","has-post-thumbnail","","category-mundo"],"_links":{"self":[{"href":"https:\/\/noticiasveraces.com\/index.php?rest_route=\/wp\/v2\/posts\/52854","targetHints":{"allow":["GET"]}}],"collection":[{"href":"https:\/\/noticiasveraces.com\/index.php?rest_route=\/wp\/v2\/posts"}],"about":[{"href":"https:\/\/noticiasveraces.com\/index.php?rest_route=\/wp\/v2\/types\/post"}],"author":[{"embeddable":true,"href":"https:\/\/noticiasveraces.com\/index.php?rest_route=\/wp\/v2\/users\/1"}],"replies":[{"embeddable":true,"href":"https:\/\/noticiasveraces.com\/index.php?rest_route=%2Fwp%2Fv2%2Fcomments&post=52854"}],"version-history":[{"count":0,"href":"https:\/\/noticiasveraces.com\/index.php?rest_route=\/wp\/v2\/posts\/52854\/revisions"}],"wp:featuredmedia":[{"embeddable":true,"href":"https:\/\/noticiasveraces.com\/index.php?rest_route=\/wp\/v2\/media\/52856"}],"wp:attachment":[{"href":"https:\/\/noticiasveraces.com\/index.php?rest_route=%2Fwp%2Fv2%2Fmedia&parent=52854"}],"wp:term":[{"taxonomy":"category","embeddable":true,"href":"https:\/\/noticiasveraces.com\/index.php?rest_route=%2Fwp%2Fv2%2Fcategories&post=52854"},{"taxonomy":"post_tag","embeddable":true,"href":"https:\/\/noticiasveraces.com\/index.php?rest_route=%2Fwp%2Fv2%2Ftags&post=52854"}],"curies":[{"name":"wp","href":"https:\/\/api.w.org\/{rel}","templated":true}]}}