{"id":52845,"date":"2025-12-06T22:48:46","date_gmt":"2025-12-07T02:48:46","guid":{"rendered":"https:\/\/noticiasveraces.com\/?p=52845"},"modified":"2025-12-06T22:48:46","modified_gmt":"2025-12-07T02:48:46","slug":"la-obesidad-acelera-hasta-95-la-progresion-del-alzheimer-segun-un-nuevo-estudio","status":"publish","type":"post","link":"https:\/\/noticiasveraces.com\/?p=52845","title":{"rendered":"La obesidad acelera hasta 95% la progresi\u00f3n del Alzheimer, seg\u00fan un nuevo estudio"},"content":{"rendered":"<p> \n<\/p>\n<div>\n<p>La obesidad no solo ser\u00eda un factor de riesgo para desarrollar la enfermedad de Alzheimer, sino que tambi\u00e9n podr\u00eda acelerar de manera significativa la progresi\u00f3n de esta patolog\u00eda cognitiva, de acuerdo con un nuevo estudio.<\/p>\n<p>El trabajo, considerado el primero en su tipo y presentado en la reuni\u00f3n anual de la Sociedad Radiol\u00f3gica de Norteam\u00e9rica (RSNA), evalu\u00f3 el impacto de la obesidad en los biomarcadores sangu\u00edneos (BBM) del Alzheimer. Estos biomarcadores son sustancias medibles en la sangre que permiten identificar procesos biol\u00f3gicos normales y patol\u00f3gicos. En el caso del Alzheimer, pueden revelar da\u00f1os cerebrales, acumulaci\u00f3n de prote\u00ednas como beta amiloide o tau \u2014relacionadas con la enfermedad\u2014, as\u00ed como se\u00f1ales de inflamaci\u00f3n.<\/p>\n<hr\/>\n<div class=\"ContentCardEmbedWrapper-kFpFGN dpdjmB content-card-embed content-card-embed--stacked\" data-testid=\"ContentCardEmbedWrapper\">\n<div class=\"ContentCardEmbedImage-iBIXcR jiOHKG content-card-embed__image\" data-testid=\"ContentCardEmbedImage\"><span class=\"SpanWrapper-zEXFr koTknX responsive-asset\"><picture class=\"ResponsiveImagePicture-cGZhnX jwYQWO responsive-image\"><img decoding=\"async\" alt=\"Investigaci\u00f3n neurol\u00f3gica: Se compara una muestra de sangre del paciente con una imagen de escaneo m\u00e9dico durante un ensayo cl\u00ednico.\" loading=\"lazy\" class=\"ResponsiveImageContainer-eNxvmU cfBbTk responsive-image__image\" srcset=\"https:\/\/media.es.wired.com\/photos\/690b64427c553be687af7f42\/master\/w_120,c_limit\/2199665808 120w, https:\/\/media.es.wired.com\/photos\/690b64427c553be687af7f42\/master\/w_240,c_limit\/2199665808 240w, https:\/\/media.es.wired.com\/photos\/690b64427c553be687af7f42\/master\/w_320,c_limit\/2199665808 320w, https:\/\/media.es.wired.com\/photos\/690b64427c553be687af7f42\/master\/w_640,c_limit\/2199665808 640w\" sizes=\"100vw\" src=\"https:\/\/media.es.wired.com\/photos\/690b64427c553be687af7f42\/master\/w_775%2Cc_limit\/2199665808\"\/><\/picture><\/span><\/div>\n<div class=\"ContentCardEmbedInfo-bSBhwc IbulD\">\n<div class=\"BaseWrap-sc-gzmcOU BaseText-eqOrNE ContentCardEmbedHed-kuAbUL deqABF jkWAvF fPZrfS content-card-embed__hed\" data-testid=\"ContentCardEmbedHed\">Los an\u00e1lisis de sangre para detectar el Alzheimer ya son una realidad<\/div>\n<p>Los nuevos kits de diagn\u00f3stico pretenden revolucionar el cribado precoz. \u00bfCon qu\u00e9 efectos? Es dif\u00edcil saberlo, ya que persisten las dudas sobre la eficacia de las terapias.<\/p>\n<\/div>\n<\/div>\n<hr\/>\n<p>Los autores analizaron los datos cl\u00ednicos de cinco a\u00f1os de 407 pacientes que participan en la Iniciativa de Neuroimagen para la Enfermedad de Alzheimer en Estados Unidos. Los registros incluyeron resultados de estudios PET (tomograf\u00eda por emisi\u00f3n de positrones), que muestran la acumulaci\u00f3n de la prote\u00edna beta amiloide en el cerebro, un rasgo caracter\u00edstico del Alzheimer.<\/p>\n<p>Paralelamente, mediante seis pruebas comerciales ampliamente validadas, los especialistas evaluaron muestras de plasma para identificar BBM vinculados con la enfermedad, incluidos los niveles de pTau217 (utilizado en el diagn\u00f3stico y seguimiento del Alzheimer); la cadena ligera de neurofilamentos (NfL), un fragmento proteico liberado por neuronas da\u00f1adas; y la prote\u00edna plasm\u00e1tica GFAP, proveniente de las c\u00e9lulas protectoras del cerebro (astrocitos), <strong>cuyas variaciones permiten detectar inflamaci\u00f3n, da\u00f1o o activaci\u00f3n anormal del sistema nervioso central.<\/strong><\/p>\n<p>El equipo realiz\u00f3 un an\u00e1lisis estad\u00edstico para examinar la relaci\u00f3n entre los valores de masa corporal e \u00edndice de masa corporal de los pacientes con los biomarcadores estudiados. Posteriormente, a lo largo de cinco a\u00f1os, evaluaron la interacci\u00f3n entre la obesidad y los niveles de BBM en sangre, lo que permiti\u00f3 identificar diferentes tasas de cambio entre quienes presentaban obesidad y quienes manten\u00edan un peso saludable. Para confirmar que los biomarcadores sangu\u00edneos reflejaban da\u00f1o cerebral real, los investigadores validaron los resultados utilizando las tomograf\u00edas PET.<\/p>\n<div class=\"GenericCalloutWrapper-IJXIe hKgTbX callout--has-top-border\" data-testid=\"GenericCallout\">\n<figure class=\"AssetEmbedWrapper-fkZDUs kHRAYC asset-embed\">\n<div class=\"AssetEmbedAssetContainer-eEeytc eRSvCP asset-embed__asset-container\"><span class=\"SpanWrapper-zEXFr koTknX responsive-asset AssetEmbedResponsiveAsset-cIfZLr fHIkTW asset-embed__responsive-asset\"><picture class=\"ResponsiveImagePicture-cGZhnX jwYQWO AssetEmbedResponsiveAsset-cIfZLr fHIkTW asset-embed__responsive-asset responsive-image\"><img decoding=\"async\" alt=\"Alzheimer\" loading=\"lazy\" class=\"ResponsiveImageContainer-eNxvmU cfBbTk responsive-image__image\" srcset=\"https:\/\/media.es.wired.com\/photos\/65b00befe6b98941f09ed3db\/master\/w_120,c_limit\/Alzheimer%201291355148.jpg 120w, https:\/\/media.es.wired.com\/photos\/65b00befe6b98941f09ed3db\/master\/w_240,c_limit\/Alzheimer%201291355148.jpg 240w, https:\/\/media.es.wired.com\/photos\/65b00befe6b98941f09ed3db\/master\/w_320,c_limit\/Alzheimer%201291355148.jpg 320w, https:\/\/media.es.wired.com\/photos\/65b00befe6b98941f09ed3db\/master\/w_640,c_limit\/Alzheimer%201291355148.jpg 640w, https:\/\/media.es.wired.com\/photos\/65b00befe6b98941f09ed3db\/master\/w_960,c_limit\/Alzheimer%201291355148.jpg 960w, https:\/\/media.es.wired.com\/photos\/65b00befe6b98941f09ed3db\/master\/w_1280,c_limit\/Alzheimer%201291355148.jpg 1280w, https:\/\/media.es.wired.com\/photos\/65b00befe6b98941f09ed3db\/master\/w_1600,c_limit\/Alzheimer%201291355148.jpg 1600w\" sizes=\"100vw\" src=\"https:\/\/media.es.wired.com\/photos\/65b00befe6b98941f09ed3db\/master\/w_1600%2Cc_limit\/Alzheimer%25201291355148.jpg\"\/><\/picture><\/span><\/div>\n<p><span class=\"BaseWrap-sc-gzmcOU BaseText-eqOrNE CaptionText-brNLzD deqABF imSbFE fGraOh caption__text\">El m\u00e9todo de evaluaci\u00f3n para detectar Alzheimer propuesto tiene potencial para ampliar el acceso a mecanismos de detecci\u00f3n oportuna.<\/span><span class=\"BaseWrap-sc-gzmcOU BaseText-eqOrNE CaptionCredit-eowWKH deqABF kpqIso gxwcqg caption__credit\">TEK IMAGE\/BIBLIOTECA DE FOTOS DE CIENCIA\/Getty Images<\/span><\/p>\n<\/figure>\n<\/div>\n<p>Los hallazgos mostraron que, en personas con obesidad, los niveles de BBM asociados al Alzheimer aumentaron hasta 95% m\u00e1s r\u00e1pido que en los pacientes con peso saludable. Cyrus Raji, investigador principal del Centro de Investigaci\u00f3n de Laboratorios de Neuroimagen en el Instituto de Radiolog\u00eda Mallinckrodt (MIR) y autor principal del estudio, afirm\u00f3 que \u201cesta es la primera vez que demostramos la relaci\u00f3n entre la obesidad y la enfermedad de Alzheimer medida mediante pruebas de biomarcadores sangu\u00edneos\u00bb.<\/p>\n<p>En concreto, los cient\u00edficos observaron que <strong>los participantes con obesidad registraron incrementos en los niveles plasm\u00e1ticos de pTau217 entre 29 y 95% m\u00e1s acelerados,<\/strong> en comparaci\u00f3n con quienes no presentaban obesidad. Adem\u00e1s, la obesidad se asoci\u00f3 con un aumento 24% m\u00e1s r\u00e1pido en el NfL plasm\u00e1tico y con una acumulaci\u00f3n 3.7% mayor de prote\u00edna amiloide.<\/p>\n<p>Raji destac\u00f3 que los an\u00e1lisis de sangre resultaron m\u00e1s sensibles que las pruebas PET para evaluar el impacto de la obesidad en la progresi\u00f3n del Alzheimer. \u201cLo que me sorprendi\u00f3 de este estudio fue que pudi\u00e9ramos rastrear la influencia predictiva de la obesidad en el aumento de los biomarcadores sangu\u00edneos con mayor sensibilidad que la PET\u201d, se\u00f1al\u00f3.<\/p>\n<h2>Relaci\u00f3n entre la obesidad y el Alzheimer<\/h2>\n<p>Investigaciones previas se\u00f1alan que la obesidad podr\u00eda incrementar el riesgo de demencia y otros trastornos cognitivos debido al aumento de la leptina, una hormona secretada por el tejido adiposo que se eleva conforme aumenta la grasa corporal. Aunque su funci\u00f3n principal es regular el apetito y la saciedad en el hipot\u00e1lamo, la leptina tambi\u00e9n act\u00faa en otras regiones del sistema nervioso central, como en la corteza cerebral (responsable de funciones cognitivas superiores) y el hipocampo (clave para la memoria y el aprendizaje).<\/p>\n<p>Estas zonas cerebrales suelen ser las primeras afectadas por d\u00e9ficits neurocognitivos cr\u00f3nicos, como el deterioro cognitivo leve (DCL) y el Alzheimer. Esto sugiere, seg\u00fan algunos especialistas, la <strong>posible existencia de un mecanismo biol\u00f3gico directo mediante el cual el exceso de leptina asociado a la obesidad podr\u00eda contribuir al desarrollo de la patolog\u00eda<\/strong> y al deterioro cognitivo.<\/p>\n<p>Soheil Mohammadi, investigador postdoctoral asociado en el MIR y coautor del estudio presentado en la RSNA, se\u00f1al\u00f3 que la relaci\u00f3n estad\u00edstica \u2014no causal\u2014 entre la obesidad, la acumulaci\u00f3n de prote\u00edna amiloide y las variaciones en los biomarcadores sangu\u00edneos identificadas en esta investigaci\u00f3n representa una consideraci\u00f3n importante para la pr\u00e1ctica cl\u00ednica.<\/p>\n<p>\u201cSeg\u00fan el informe de 2024 de la Comisi\u00f3n Lancet, 14 factores de riesgo modificables representan aproximadamente el 45% del riesgo de padecer Alzheimer. Si logramos reducir cualquiera de estos factores, podemos disminuir significativamente los casos de Alzheimer o prolongar el tiempo hasta su aparici\u00f3n\u201d, concluy\u00f3.<\/p>\n<\/div>\n\n","protected":false},"excerpt":{"rendered":"<p>La obesidad no solo ser\u00eda un factor de riesgo para desarrollar la enfermedad de Alzheimer, sino que tambi\u00e9n podr\u00eda acelerar de manera significativa la progresi\u00f3n de esta patolog\u00eda cognitiva, de acuerdo con un nuevo estudio. El trabajo, considerado el primero en su tipo y presentado en la reuni\u00f3n anual de la Sociedad Radiol\u00f3gica de Norteam\u00e9rica &hellip;<\/p>\n","protected":false},"author":1,"featured_media":52847,"comment_status":"open","ping_status":"open","sticky":false,"template":"","format":"standard","meta":{"fifu_image_url":"https:\/\/media.es.wired.com\/photos\/69308e758bb0e5c95c97a0db\/16:9\/w_1280,c_limit\/Alzheimer%20obesidad%20855618204.jpg","fifu_image_alt":"","footnotes":""},"categories":[2],"tags":[],"class_list":["post-52845","post","type-post","status-publish","format-standard","has-post-thumbnail","","category-tecnologia"],"_links":{"self":[{"href":"https:\/\/noticiasveraces.com\/index.php?rest_route=\/wp\/v2\/posts\/52845","targetHints":{"allow":["GET"]}}],"collection":[{"href":"https:\/\/noticiasveraces.com\/index.php?rest_route=\/wp\/v2\/posts"}],"about":[{"href":"https:\/\/noticiasveraces.com\/index.php?rest_route=\/wp\/v2\/types\/post"}],"author":[{"embeddable":true,"href":"https:\/\/noticiasveraces.com\/index.php?rest_route=\/wp\/v2\/users\/1"}],"replies":[{"embeddable":true,"href":"https:\/\/noticiasveraces.com\/index.php?rest_route=%2Fwp%2Fv2%2Fcomments&post=52845"}],"version-history":[{"count":0,"href":"https:\/\/noticiasveraces.com\/index.php?rest_route=\/wp\/v2\/posts\/52845\/revisions"}],"wp:featuredmedia":[{"embeddable":true,"href":"https:\/\/noticiasveraces.com\/index.php?rest_route=\/wp\/v2\/media\/52847"}],"wp:attachment":[{"href":"https:\/\/noticiasveraces.com\/index.php?rest_route=%2Fwp%2Fv2%2Fmedia&parent=52845"}],"wp:term":[{"taxonomy":"category","embeddable":true,"href":"https:\/\/noticiasveraces.com\/index.php?rest_route=%2Fwp%2Fv2%2Fcategories&post=52845"},{"taxonomy":"post_tag","embeddable":true,"href":"https:\/\/noticiasveraces.com\/index.php?rest_route=%2Fwp%2Fv2%2Ftags&post=52845"}],"curies":[{"name":"wp","href":"https:\/\/api.w.org\/{rel}","templated":true}]}}