{"id":52791,"date":"2025-12-06T13:49:50","date_gmt":"2025-12-06T17:49:50","guid":{"rendered":"https:\/\/noticiasveraces.com\/?p=52791"},"modified":"2025-12-06T13:49:50","modified_gmt":"2025-12-06T17:49:50","slug":"el-efecto-tequila-de-los-aranceles-y-como-pone-a-prueba-al-gobierno-de-claudia-sheinbaum-aqui-america","status":"publish","type":"post","link":"https:\/\/noticiasveraces.com\/?p=52791","title":{"rendered":"El efecto tequila de los aranceles y c\u00f3mo pone a prueba al gobierno de Claudia Sheinbaum &#8211; Aqu\u00ed Am\u00e9rica"},"content":{"rendered":"<p> \n<\/p>\n<div data-article-content=\"\">\n<div class=\"t-content__main-media\" data-media-video-b054ab93-a1ad-49ef-9ec1-9349aa75cd2c=\"\" data-wrapper-video-player=\"\" data-show-hidden-video-player=\"B054AB93-A1AD-49EF-9EC1-9349AA75CD2C\" data-autoplay-video-link=\"\" data-youtube-script=\"\">\n<div class=\"o-em-consent \">\n<div class=\"o-em-consent__content\">\n<p class=\"o-em-consent__content__text\">Para mostrar este contenido de YouTube, debe autorizar las cookies de medici\u00f3n de audiencia y publicidad.<\/p>\n<p>        <button class=\"a-master-button a-master-button--dark\" data-action=\"accept\">Aceptar<i class=\"a-svg a-svg--icon-check\"\/><\/button><br \/>\n        <button class=\"a-link\" data-action=\"manage\">Gestionar mis opciones<i class=\"a-svg a-svg--icon-edit\"\/><\/button>\n    <\/div>\n<\/div>\n<div class=\"o-em-adblock\" data-adblock-content=\"\">\n<div class=\"o-em-adblock__content\">\n<p class=\"o-em-adblock__content__text\">Una extensi\u00f3n de tu navegador parece estar bloqueando la carga del reproductor de video. Para poder ver este contenido, debes desactivarla en este sitio.<\/p>\n<p>            <button class=\"a-master-button a-master-button--dark\" data-action=\"reload\">Reintentar<\/button>\n    <\/div>\n<\/div>\n<figure class=\"m-item-image m-item-image--16x9 m-item-image--has-caption\">\n<picture class=\"a-picture a-picture--16x9\"><source type=\"image\/webp\" srcset=\"https:\/\/s.france24.com\/media\/display\/718e0cdc-d293-11f0-9823-005056bf30b7\/w:388\/p:16x9\/ebf02a3188a7b30c681c2e66486f7383824046ab.webp 388w,https:\/\/s.france24.com\/media\/display\/718e0cdc-d293-11f0-9823-005056bf30b7\/w:720\/p:16x9\/ebf02a3188a7b30c681c2e66486f7383824046ab.webp 720w,https:\/\/s.france24.com\/media\/display\/718e0cdc-d293-11f0-9823-005056bf30b7\/w:1024\/p:16x9\/ebf02a3188a7b30c681c2e66486f7383824046ab.webp 1024w,https:\/\/s.france24.com\/media\/display\/718e0cdc-d293-11f0-9823-005056bf30b7\/w:1280\/p:16x9\/ebf02a3188a7b30c681c2e66486f7383824046ab.webp 1280w\" sizes=\"(max-width: 1076px) 100vw, 1012px\"><img decoding=\"async\" fetchpriority=\"high\" src=\"https:\/\/s.france24.com\/media\/display\/718e0cdc-d293-11f0-9823-005056bf30b7\/w:1280\/p:16x9\/ebf02a3188a7b30c681c2e66486f7383824046ab.jpg\" srcset=\"https:\/\/s.france24.com\/media\/display\/718e0cdc-d293-11f0-9823-005056bf30b7\/w:388\/p:16x9\/ebf02a3188a7b30c681c2e66486f7383824046ab.jpg 388w,https:\/\/s.france24.com\/media\/display\/718e0cdc-d293-11f0-9823-005056bf30b7\/w:720\/p:16x9\/ebf02a3188a7b30c681c2e66486f7383824046ab.jpg 720w,https:\/\/s.france24.com\/media\/display\/718e0cdc-d293-11f0-9823-005056bf30b7\/w:1024\/p:16x9\/ebf02a3188a7b30c681c2e66486f7383824046ab.jpg 1024w,https:\/\/s.france24.com\/media\/display\/718e0cdc-d293-11f0-9823-005056bf30b7\/w:1280\/p:16x9\/ebf02a3188a7b30c681c2e66486f7383824046ab.jpg 1280w\" sizes=\"(max-width: 1076px) 100vw, 1012px\" width=\"1280\" height=\"720\" alt=\"El primer ministro de Canad\u00e1, Mark Carney (izq.); y los presidentes de M\u00e9xico, Claudia Sheinbaum, y EEUU, Donald Trump, en el sorteo del Mundial de F\u00fatbol de 2026, en Washington, el 5 de diciembre de 2025\" loading=\"eager\" class=\"a-img \"\/><\/source><\/picture><figcaption class=\"a-figcaption\">\n                <span>El primer ministro de Canad\u00e1, Mark Carney (izq.); y los presidentes de M\u00e9xico, Claudia Sheinbaum, y EEUU, Donald Trump, en el sorteo del Mundial de F\u00fatbol de 2026, en Washington, el 5 de diciembre de 2025<\/span>                <span>\u00a9 Dan Mullan \/ Piscina\/AFP<\/span>            <\/figcaption><\/figure>\n<\/p><\/div>\n<div class=\"t-content__metadata\">\n<div class=\"t-content__dates\">\n<p class=\"m-pub-dates\"><span class=\"m-pub-dates__date\">Primera modificaci\u00f3n: <time datetime=\"2025-12-06T14:06:34+00:00\" pubdate=\"pubdate\">12\/06\/2025 &#8211; 15:06<\/time><\/span><span class=\"m-pub-dates__date\">\u00daltima modificaci\u00f3n: <time datetime=\"2025-12-06T14:15:41+00:00\">12\/06\/2025 &#8211; 15:15<\/time><\/span><\/p>\n<\/p><\/div>\n<p>\n                            <span class=\"a-svg a-svg--icon-replay\"\/><\/p>\n<p>                            12:23 minutos\n                        <\/p>\n<\/p><\/div>\n<p>Viene del show<\/p>\n<p>  <svg class=\"a-svg a-svg--icon-caret-right\" transform=\"rotate(-90)\">\n    <use xlink:href=\"http:\/\/www.france24.com\/build\/images\/svg\/sprite.9a4ac776932454d16194bba12daad92b.svg#icon-caret-down\" href=\"http:\/\/www.france24.com\/build\/images\/svg\/sprite.9a4ac776932454d16194bba12daad92b.svg#icon-caret-down\"\/>\n  <\/svg><\/p>\n<picture class=\"a-picture a-picture--original\">\n    <img decoding=\"async\" fetchpriority=\"low\" src=\"https:\/\/s.france24.com\/media\/display\/5d3a526e-1007-11ee-98b1-005056bf30b7\/ES-aqui-america.svg\" srcset=\"https:\/\/s.france24.com\/media\/display\/5d3a526e-1007-11ee-98b1-005056bf30b7\/ES-aqui-america.svg\" alt=\"Aqu\u00ed Am\u00e9rica\" loading=\"lazy\" class=\"a-img  a-img--svg\"\/><\/picture>\n<p>\n                        <span class=\"a-svg a-svg--icon-clock\"\/><br \/>\n                        <span class=\"t-content__reading-time__label\">Tiempo de lectura<\/span><br \/>\n                        1 minuto<\/p>\n<p class=\"t-content__chapo\">\n<p>                                                Cuando el jefe de la Casa Blanca decidi\u00f3 patear el tablero del orden mundial basado en reglas, uno de los pa\u00edses m\u00e1s afectados fue M\u00e9xico, principal socio comercial de Estados Unidos. Meses despu\u00e9s, la econom\u00eda mexicana empieza a evidenciar sus primeras consecuencias. En este episodio de Aqu\u00ed Am\u00e9rica, las analizamos y repasamos las respuestas del gobierno de Claudia Sheinbaum.                    <\/p>\n<\/p><\/div>\n\n","protected":false},"excerpt":{"rendered":"<p>Para mostrar este contenido de YouTube, debe autorizar las cookies de medici\u00f3n de audiencia y publicidad. Aceptar Gestionar mis opciones Una extensi\u00f3n de tu navegador parece estar bloqueando la carga del reproductor de video. Para poder ver este contenido, debes desactivarla en este sitio. Reintentar El primer ministro de Canad\u00e1, Mark Carney (izq.); y los &hellip;<\/p>\n","protected":false},"author":1,"featured_media":52793,"comment_status":"open","ping_status":"open","sticky":false,"template":"","format":"standard","meta":{"fifu_image_url":"https:\/\/s.france24.com\/media\/display\/718e0cdc-d293-11f0-9823-005056bf30b7\/w:1280\/p:16x9\/ebf02a3188a7b30c681c2e66486f7383824046ab.jpg","fifu_image_alt":"","footnotes":""},"categories":[13],"tags":[],"class_list":["post-52791","post","type-post","status-publish","format-standard","has-post-thumbnail","","category-mundo"],"_links":{"self":[{"href":"https:\/\/noticiasveraces.com\/index.php?rest_route=\/wp\/v2\/posts\/52791","targetHints":{"allow":["GET"]}}],"collection":[{"href":"https:\/\/noticiasveraces.com\/index.php?rest_route=\/wp\/v2\/posts"}],"about":[{"href":"https:\/\/noticiasveraces.com\/index.php?rest_route=\/wp\/v2\/types\/post"}],"author":[{"embeddable":true,"href":"https:\/\/noticiasveraces.com\/index.php?rest_route=\/wp\/v2\/users\/1"}],"replies":[{"embeddable":true,"href":"https:\/\/noticiasveraces.com\/index.php?rest_route=%2Fwp%2Fv2%2Fcomments&post=52791"}],"version-history":[{"count":0,"href":"https:\/\/noticiasveraces.com\/index.php?rest_route=\/wp\/v2\/posts\/52791\/revisions"}],"wp:featuredmedia":[{"embeddable":true,"href":"https:\/\/noticiasveraces.com\/index.php?rest_route=\/wp\/v2\/media\/52793"}],"wp:attachment":[{"href":"https:\/\/noticiasveraces.com\/index.php?rest_route=%2Fwp%2Fv2%2Fmedia&parent=52791"}],"wp:term":[{"taxonomy":"category","embeddable":true,"href":"https:\/\/noticiasveraces.com\/index.php?rest_route=%2Fwp%2Fv2%2Fcategories&post=52791"},{"taxonomy":"post_tag","embeddable":true,"href":"https:\/\/noticiasveraces.com\/index.php?rest_route=%2Fwp%2Fv2%2Ftags&post=52791"}],"curies":[{"name":"wp","href":"https:\/\/api.w.org\/{rel}","templated":true}]}}