{"id":52779,"date":"2025-12-06T12:30:18","date_gmt":"2025-12-06T16:30:18","guid":{"rendered":"https:\/\/noticiasveraces.com\/?p=52779"},"modified":"2025-12-06T12:30:18","modified_gmt":"2025-12-06T16:30:18","slug":"cambia-tu-cerebro-para-vencer-el-dolor-cronico-sugiere-el-psiquiatra-daniel-amen","status":"publish","type":"post","link":"https:\/\/noticiasveraces.com\/?p=52779","title":{"rendered":"Cambia tu cerebro para vencer el dolor cr\u00f3nico, sugiere el psiquiatra Daniel Am\u00e9n"},"content":{"rendered":"<p> \n<\/p>\n<div>\n<div id=\"beyondwords-wrapper\" class=\"beyondwords-wrapper\">\n<p><span class=\"label-bg\">NUEVO<\/span>\u00a1Ahora puedes escuchar los art\u00edculos de Fox News!\n  <\/p>\n<\/div>\n<p class=\"speakable\">El dolor cr\u00f3nico puede ser debilitante y frustrante, especialmente entre los adultos mayores.<\/p>\n<p class=\"speakable\">Si bien los remedios y tratamientos f\u00edsicos pueden brindar cierto alivio, los expertos han descubierto que cambiar la forma de pensar (o la forma en que el cerebro aborda el dolor) en realidad puede aliviar el malestar.<\/p>\n<p>El Dr. Daniel Amen, psiquiatra con sede en California y fundador de Amen Clinics, ha estudiado c\u00f3mo cambiar el cerebro puede ayudar a vencer el dolor cr\u00f3nico, como lo comparte en su nuevo libro, \u00abCambie su cerebro, cambie su dolor\u00bb.<\/p>\n<p><strong>TU CEREBRO NO ENVEJECE COMO USTED PIENSA: UNA NUEVA INVESTIGACI\u00d3N REVOCA VIEJAS CREENCIAS<\/strong><\/p>\n<p>En una entrevista ante la c\u00e1mara con Fox News Digital, Amen se\u00f1al\u00f3 que muchas personas no saben que el dolor cr\u00f3nico no s\u00f3lo vive en las articulaciones, las rodillas o la espalda.<\/p>\n<p>\u00abSi ha existido durante m\u00e1s de tres semanas, ahora vive en el cerebro\u00bb, dijo. \u00abEn realidad, hay circuitos en el cerebro que sienten dolor. Sienten tanto dolor f\u00edsico como emocional\u00bb.<\/p>\n<div class=\"image-ct inline\">\n<div class=\"m\"><picture><source media=\"(max-width: 767px)\" srcset=\"https:\/\/a57.foxnews.com\/static.foxnews.com\/foxnews.com\/content\/uploads\/2025\/12\/343\/192\/man-shoulder-pain-chronic.jpg?ve=1&amp;tl=1, https:\/\/a57.foxnews.com\/static.foxnews.com\/foxnews.com\/content\/uploads\/2025\/12\/686\/384\/man-shoulder-pain-chronic.jpg?ve=1&amp;tl=1 2x\" height=\"192\" width=\"343\"><source media=\"(min-width: 768px) and (max-width: 1023px)\" srcset=\"https:\/\/a57.foxnews.com\/static.foxnews.com\/foxnews.com\/content\/uploads\/2025\/12\/672\/378\/man-shoulder-pain-chronic.jpg?ve=1&amp;tl=1, https:\/\/a57.foxnews.com\/static.foxnews.com\/foxnews.com\/content\/uploads\/2025\/12\/1344\/756\/man-shoulder-pain-chronic.jpg?ve=1&amp;tl=1 2x\" height=\"378\" width=\"672\"><source media=\"(min-width: 1024px) and (max-width: 1279px)\" srcset=\"https:\/\/a57.foxnews.com\/static.foxnews.com\/foxnews.com\/content\/uploads\/2025\/12\/931\/523\/man-shoulder-pain-chronic.jpg?ve=1&amp;tl=1, https:\/\/a57.foxnews.com\/static.foxnews.com\/foxnews.com\/content\/uploads\/2025\/12\/1862\/1046\/man-shoulder-pain-chronic.jpg?ve=1&amp;tl=1 2x\" height=\"523\" width=\"931\"><source media=\"(min-width: 1280px)\" srcset=\"https:\/\/a57.foxnews.com\/static.foxnews.com\/foxnews.com\/content\/uploads\/2025\/12\/720\/405\/man-shoulder-pain-chronic.jpg?ve=1&amp;tl=1, https:\/\/a57.foxnews.com\/static.foxnews.com\/foxnews.com\/content\/uploads\/2025\/12\/1440\/810\/man-shoulder-pain-chronic.jpg?ve=1&amp;tl=1 2x\" height=\"405\" width=\"720\"><img loading=\"lazy\" decoding=\"async\" src=\"https:\/\/a57.foxnews.com\/static.foxnews.com\/foxnews.com\/content\/uploads\/2025\/12\/1200\/675\/man-shoulder-pain-chronic.jpg?ve=1&amp;tl=1\" alt=\"El hombre sostiene el hombro con dolor.\" width=\"1200\" height=\"675\"\/><\/source><\/source><\/source><\/source><\/picture><\/div>\n<div class=\"info\">\n<div class=\"caption\">\n<p><span>Seg\u00fan el m\u00e9dico, el dolor que persiste durante m\u00e1s de tres semanas tambi\u00e9n vive en el cerebro.<\/span> <span>(iStock)<\/span><\/p>\n<\/div>\n<\/div>\n<\/div>\n<p>Seg\u00fan Amen, algunos medicamentos que tratan la depresi\u00f3n est\u00e1n aprobados por la FDA para el dolor cr\u00f3nico y tratan desequilibrios tanto emocionales como f\u00edsicos.<\/p>\n<p><strong>HAGA CLIC AQU\u00cd PARA SUSCRIBIRSE A NUESTRO BOLET\u00cdN DE SALUD<\/strong><\/p>\n<p>\u00abEs porque funcionan en los mismos circuitos del cerebro\u00bb, dijo. \u00abCuanto m\u00e1s sano est\u00e9 tu cerebro, menos dolor f\u00edsico y emocional sentir\u00e1s\u00bb.<\/p>\n<p>Sin embargo, esto no significa que alguien est\u00e9 \u00abinventando\u00bb el malestar en su cabeza, enfatiz\u00f3 el psiquiatra.<\/p>\n<div class=\"image-ct inline\">\n<div class=\"m\"><picture><source media=\"(max-width: 767px)\" srcset=\"https:\/\/a57.foxnews.com\/static.foxnews.com\/foxnews.com\/content\/uploads\/2025\/04\/343\/192\/gettyimages-1463397701.jpg?ve=1&amp;tl=1, https:\/\/a57.foxnews.com\/static.foxnews.com\/foxnews.com\/content\/uploads\/2025\/04\/686\/384\/gettyimages-1463397701.jpg?ve=1&amp;tl=1 2x\" height=\"192\" width=\"343\"><source media=\"(min-width: 768px) and (max-width: 1023px)\" srcset=\"https:\/\/a57.foxnews.com\/static.foxnews.com\/foxnews.com\/content\/uploads\/2025\/04\/672\/378\/gettyimages-1463397701.jpg?ve=1&amp;tl=1, https:\/\/a57.foxnews.com\/static.foxnews.com\/foxnews.com\/content\/uploads\/2025\/04\/1344\/756\/gettyimages-1463397701.jpg?ve=1&amp;tl=1 2x\" height=\"378\" width=\"672\"><source media=\"(min-width: 1024px) and (max-width: 1279px)\" srcset=\"https:\/\/a57.foxnews.com\/static.foxnews.com\/foxnews.com\/content\/uploads\/2025\/04\/931\/523\/gettyimages-1463397701.jpg?ve=1&amp;tl=1, https:\/\/a57.foxnews.com\/static.foxnews.com\/foxnews.com\/content\/uploads\/2025\/04\/1862\/1046\/gettyimages-1463397701.jpg?ve=1&amp;tl=1 2x\" height=\"523\" width=\"931\"><source media=\"(min-width: 1280px)\" srcset=\"https:\/\/a57.foxnews.com\/static.foxnews.com\/foxnews.com\/content\/uploads\/2025\/04\/720\/405\/gettyimages-1463397701.jpg?ve=1&amp;tl=1, https:\/\/a57.foxnews.com\/static.foxnews.com\/foxnews.com\/content\/uploads\/2025\/04\/1440\/810\/gettyimages-1463397701.jpg?ve=1&amp;tl=1 2x\" height=\"405\" width=\"720\"><img loading=\"lazy\" decoding=\"async\" src=\"https:\/\/a57.foxnews.com\/static.foxnews.com\/foxnews.com\/content\/uploads\/2025\/04\/1200\/675\/gettyimages-1463397701.jpg?ve=1&amp;tl=1\" alt=\"mujer adulta con dolor de espalda sentada en el escritorio\" width=\"1200\" height=\"675\"\/><\/source><\/source><\/source><\/source><\/picture><\/div>\n<div class=\"info\">\n<div class=\"caption\">\n<p><span>\u00abVa a ser mucho m\u00e1s eficaz si consigues que tu espalda y tu cerebro trabajen juntos\u00bb.<\/span> <span>(iStock)<\/span><\/p>\n<\/div>\n<\/div>\n<\/div>\n<p>Si el cerebro, que es un \u00f3rgano como cualquier otro, comienza a trabajar demasiado en ciertas \u00e1reas, o no lo suficiente, encontrar formas de equilibrarlo puede aliviar el dolor y calmar todo el cuerpo, se\u00f1al\u00f3 Amen.<\/p>\n<p>En su libro, presenta el \u00abbucle fatal\u00bb: el dolor cr\u00f3nico activa el circuito del sufrimiento en el cerebro, que luego desencadena negatividad y tensi\u00f3n muscular, seguidas de malos h\u00e1bitos.<\/p>\n<p><strong>HAGA CLIC AQU\u00cd PARA M\u00c1S HISTORIAS DE SALUD<\/strong><\/p>\n<p>\u00abTe mete en una espiral&#8230; Tu cerebro est\u00e1 fuera de control\u00bb, dijo Amen. \u00abLo que significa que si tienes dolor de espalda, todos los m\u00fasculos alrededor de esa zona inflamada se contraen y hacen que te duela a\u00fan m\u00e1s\u00bb.<\/p>\n<p>\u00abEso no significa que no necesitar\u00e1s cirug\u00eda; simplemente significa que ser\u00e1 mucho m\u00e1s efectiva si tu espalda y tu cerebro trabajan juntos\u00bb.<\/p>\n<blockquote class=\"pull-quote\">\n<p class=\"quote-text\">\u00abCuanto m\u00e1s sano est\u00e9 tu cerebro, menos dolor f\u00edsico y emocional sentir\u00e1s\u00bb.<\/p>\n<p> <!----><\/p><\/blockquote>\n<p>Para las personas que padecen dolor cr\u00f3nico, Amen recomienda comprobar primero la salud del cerebro.<\/p>\n<p>\u00abPreg\u00fantese: &#8216;\u00bfQu\u00e9 significa el dolor para usted?'\u00bb, sugiri\u00f3, a\u00f1adiendo que la mayor preocupaci\u00f3n en torno al dolor es a menudo el miedo a perder la libertad.<\/p>\n<p><strong>HAGA CLIC AQU\u00cd PARA DESCARGAR LA APLICACI\u00d3N FOX NEWS<\/strong><\/p>\n<p>El dolor es a menudo un s\u00edntoma de ira reprimida, dijo Amen, citando al m\u00e9dico rehabilitador y autor del dolor cr\u00f3nico John Sarno.<\/p>\n<p>\u00abLas emociones reprimidas tienen que ir a alguna parte y, de hecho, van a los circuitos del dolor en el cerebro que luego pueden activar el dolor de espalda, de rodilla y de cuello\u00bb, comparti\u00f3.<\/p>\n<div class=\"image-ct inline\">\n<div class=\"m\"><picture><source media=\"(max-width: 767px)\" srcset=\"https:\/\/a57.foxnews.com\/static.foxnews.com\/foxnews.com\/content\/uploads\/2025\/10\/343\/192\/man-depressed-hands-head.jpg?ve=1&amp;tl=1, https:\/\/a57.foxnews.com\/static.foxnews.com\/foxnews.com\/content\/uploads\/2025\/10\/686\/384\/man-depressed-hands-head.jpg?ve=1&amp;tl=1 2x\" height=\"192\" width=\"343\"><source media=\"(min-width: 768px) and (max-width: 1023px)\" srcset=\"https:\/\/a57.foxnews.com\/static.foxnews.com\/foxnews.com\/content\/uploads\/2025\/10\/672\/378\/man-depressed-hands-head.jpg?ve=1&amp;tl=1, https:\/\/a57.foxnews.com\/static.foxnews.com\/foxnews.com\/content\/uploads\/2025\/10\/1344\/756\/man-depressed-hands-head.jpg?ve=1&amp;tl=1 2x\" height=\"378\" width=\"672\"><source media=\"(min-width: 1024px) and (max-width: 1279px)\" srcset=\"https:\/\/a57.foxnews.com\/static.foxnews.com\/foxnews.com\/content\/uploads\/2025\/10\/931\/523\/man-depressed-hands-head.jpg?ve=1&amp;tl=1, https:\/\/a57.foxnews.com\/static.foxnews.com\/foxnews.com\/content\/uploads\/2025\/10\/1862\/1046\/man-depressed-hands-head.jpg?ve=1&amp;tl=1 2x\" height=\"523\" width=\"931\"><source media=\"(min-width: 1280px)\" srcset=\"https:\/\/a57.foxnews.com\/static.foxnews.com\/foxnews.com\/content\/uploads\/2025\/10\/720\/405\/man-depressed-hands-head.jpg?ve=1&amp;tl=1, https:\/\/a57.foxnews.com\/static.foxnews.com\/foxnews.com\/content\/uploads\/2025\/10\/1440\/810\/man-depressed-hands-head.jpg?ve=1&amp;tl=1 2x\" height=\"405\" width=\"720\"><img loading=\"lazy\" decoding=\"async\" src=\"https:\/\/a57.foxnews.com\/static.foxnews.com\/foxnews.com\/content\/uploads\/2025\/10\/1200\/675\/man-depressed-hands-head.jpg?ve=1&amp;tl=1\" alt=\"El hombre se sienta en el suelo con la cabeza entre las manos.\" width=\"1200\" height=\"675\"\/><\/source><\/source><\/source><\/source><\/picture><\/div>\n<div class=\"info\">\n<div class=\"caption\">\n<p><span>Am\u00e9n advirti\u00f3 sobre caer en el \u00abbucle fatal\u00bb, que lleva del dolor f\u00edsico a la negatividad, la tensi\u00f3n muscular y los malos h\u00e1bitos.<\/span> <span>(iStock)<\/span><\/p>\n<\/div>\n<\/div>\n<\/div>\n<p>El m\u00e9dico sugiri\u00f3 una pr\u00e1ctica que \u00e9l llama \u00ablibertad emocional\u00bb, que implica llevar un diario cada cinco a\u00f1os de su vida, anotando lo que sucedi\u00f3 durante esos bloques de tiempo. Esto puede incluir experiencias positivas o momentos de tristeza y angustia.<\/p>\n<p><strong>PRUEBA CON NUESTRO \u00daLTIMO QUIZ DE ESTILO DE VIDA<\/strong><\/p>\n<p>\u00abRealmente se tiene una idea de d\u00f3nde podr\u00edan estar estas emociones reprimidas\u00bb, dijo.<\/p>\n<p>Mantener una actitud positiva y una perspectiva optimista tambi\u00e9n puede suprimir la ira y, por tanto, aliviar el dolor, a\u00f1adi\u00f3 el m\u00e9dico.<\/p>\n<p> <!----> <\/p>\n<div class=\"article-meta\">\n<div class=\"author-bio\">\n<p>Angelica Stabile es reportera de estilo de vida de Fox News Digital.<\/p>\n<\/div>\n<\/div>\n<\/div>\n\n","protected":false},"excerpt":{"rendered":"<p>NUEVO\u00a1Ahora puedes escuchar los art\u00edculos de Fox News! El dolor cr\u00f3nico puede ser debilitante y frustrante, especialmente entre los adultos mayores. Si bien los remedios y tratamientos f\u00edsicos pueden brindar cierto alivio, los expertos han descubierto que cambiar la forma de pensar (o la forma en que el cerebro aborda el dolor) en realidad puede &hellip;<\/p>\n","protected":false},"author":1,"featured_media":52781,"comment_status":"open","ping_status":"open","sticky":false,"template":"","format":"standard","meta":{"fifu_image_url":"https:\/\/a57.foxnews.com\/static.foxnews.com\/foxnews.com\/content\/uploads\/2025\/12\/1200\/675\/man-shoulder-pain-chronic.jpg?ve=1&tl=1","fifu_image_alt":"","footnotes":""},"categories":[8],"tags":[],"class_list":["post-52779","post","type-post","status-publish","format-standard","has-post-thumbnail","","category-salud"],"_links":{"self":[{"href":"https:\/\/noticiasveraces.com\/index.php?rest_route=\/wp\/v2\/posts\/52779","targetHints":{"allow":["GET"]}}],"collection":[{"href":"https:\/\/noticiasveraces.com\/index.php?rest_route=\/wp\/v2\/posts"}],"about":[{"href":"https:\/\/noticiasveraces.com\/index.php?rest_route=\/wp\/v2\/types\/post"}],"author":[{"embeddable":true,"href":"https:\/\/noticiasveraces.com\/index.php?rest_route=\/wp\/v2\/users\/1"}],"replies":[{"embeddable":true,"href":"https:\/\/noticiasveraces.com\/index.php?rest_route=%2Fwp%2Fv2%2Fcomments&post=52779"}],"version-history":[{"count":0,"href":"https:\/\/noticiasveraces.com\/index.php?rest_route=\/wp\/v2\/posts\/52779\/revisions"}],"wp:featuredmedia":[{"embeddable":true,"href":"https:\/\/noticiasveraces.com\/index.php?rest_route=\/wp\/v2\/media\/52781"}],"wp:attachment":[{"href":"https:\/\/noticiasveraces.com\/index.php?rest_route=%2Fwp%2Fv2%2Fmedia&parent=52779"}],"wp:term":[{"taxonomy":"category","embeddable":true,"href":"https:\/\/noticiasveraces.com\/index.php?rest_route=%2Fwp%2Fv2%2Fcategories&post=52779"},{"taxonomy":"post_tag","embeddable":true,"href":"https:\/\/noticiasveraces.com\/index.php?rest_route=%2Fwp%2Fv2%2Ftags&post=52779"}],"curies":[{"name":"wp","href":"https:\/\/api.w.org\/{rel}","templated":true}]}}