{"id":52774,"date":"2025-12-06T11:20:01","date_gmt":"2025-12-06T15:20:01","guid":{"rendered":"https:\/\/noticiasveraces.com\/?p=52774"},"modified":"2025-12-06T11:20:01","modified_gmt":"2025-12-06T15:20:01","slug":"los-mercados-navidenos-europeos-aumentan-la-seguridad-en-medio-de-elevadas-amenazas-terroristas","status":"publish","type":"post","link":"https:\/\/noticiasveraces.com\/?p=52774","title":{"rendered":"Los mercados navide\u00f1os europeos aumentan la seguridad en medio de elevadas amenazas terroristas"},"content":{"rendered":"<p> \n<\/p>\n<div>\n<div id=\"beyondwords-wrapper\" class=\"beyondwords-wrapper\">\n<p><span class=\"label-bg\">NUEVO<\/span>\u00a1Ahora puedes escuchar los art\u00edculos de Fox News!\n  <\/p>\n<\/div>\n<p class=\"speakable\">Los mercados navide\u00f1os europeos se est\u00e1n abriendo este a\u00f1o bajo medidas de seguridad m\u00e1s estrictas y costos operativos crecientes, mientras funcionarios de Alemania, Francia y otras partes de Europa responden a lo que las autoridades describen como amenazas elevadas a la seguridad p\u00fablica.<\/p>\n<p class=\"speakable\">En Alemania, el gasto en seguridad para eventos p\u00fablicos, incluidos los mercados navide\u00f1os, ha aumentado alrededor de un 44% en los \u00faltimos tres a\u00f1os, seg\u00fan una nueva encuesta realizada por la Asociaci\u00f3n Federal de Marketing de Ciudades y Pueblos. El principal mercado de Berl\u00edn se inaugur\u00f3 esta temporada detr\u00e1s de barreras de hormig\u00f3n, videovigilancia mejorada y una mayor presencia de seguridad privada. Varios municipios m\u00e1s peque\u00f1os advierten que los requisitos adicionales pueden obligarlos a reducir o cancelar mercados el pr\u00f3ximo a\u00f1o.<\/p>\n<p>\u00abLos requisitos se han vuelto cada vez m\u00e1s estrictos\u00bb, dijo a Reuters David Russ, jefe de producci\u00f3n del Gendarmenmarkt de Berl\u00edn. Las medidas reforzadas, dijo, permiten a los visitantes sentirse seguros: \u00abAqu\u00ed puedo dejarlo todo, me siento seguro\u00bb.<\/p>\n<div class=\"image-ct inline\">\n<div class=\"m\"><picture><source media=\"(max-width: 767px)\" srcset=\"https:\/\/a57.foxnews.com\/static.foxnews.com\/foxnews.com\/content\/uploads\/2025\/12\/343\/192\/christmas-market-germany.jpg?ve=1&amp;tl=1, https:\/\/a57.foxnews.com\/static.foxnews.com\/foxnews.com\/content\/uploads\/2025\/12\/686\/384\/christmas-market-germany.jpg?ve=1&amp;tl=1 2x\" height=\"192\" width=\"343\"><source media=\"(min-width: 768px) and (max-width: 1023px)\" srcset=\"https:\/\/a57.foxnews.com\/static.foxnews.com\/foxnews.com\/content\/uploads\/2025\/12\/672\/378\/christmas-market-germany.jpg?ve=1&amp;tl=1, https:\/\/a57.foxnews.com\/static.foxnews.com\/foxnews.com\/content\/uploads\/2025\/12\/1344\/756\/christmas-market-germany.jpg?ve=1&amp;tl=1 2x\" height=\"378\" width=\"672\"><source media=\"(min-width: 1024px) and (max-width: 1279px)\" srcset=\"https:\/\/a57.foxnews.com\/static.foxnews.com\/foxnews.com\/content\/uploads\/2025\/12\/931\/523\/christmas-market-germany.jpg?ve=1&amp;tl=1, https:\/\/a57.foxnews.com\/static.foxnews.com\/foxnews.com\/content\/uploads\/2025\/12\/1862\/1046\/christmas-market-germany.jpg?ve=1&amp;tl=1 2x\" height=\"523\" width=\"931\"><source media=\"(min-width: 1280px)\" srcset=\"https:\/\/a57.foxnews.com\/static.foxnews.com\/foxnews.com\/content\/uploads\/2025\/12\/720\/405\/christmas-market-germany.jpg?ve=1&amp;tl=1, https:\/\/a57.foxnews.com\/static.foxnews.com\/foxnews.com\/content\/uploads\/2025\/12\/1440\/810\/christmas-market-germany.jpg?ve=1&amp;tl=1 2x\" height=\"405\" width=\"720\"><img loading=\"lazy\" decoding=\"async\" src=\"https:\/\/a57.foxnews.com\/static.foxnews.com\/foxnews.com\/content\/uploads\/2025\/12\/1200\/675\/christmas-market-germany.jpg?ve=1&amp;tl=1\" alt=\"Se puede ver a agentes de polic\u00eda fuertemente armados en el mercado navide\u00f1o de Essen, Alemania. \" width=\"1200\" height=\"675\"\/><\/source><\/source><\/source><\/source><\/picture><\/div>\n<div class=\"info\">\n<div class=\"caption\">\n<p><span>Se puede ver a agentes de polic\u00eda fuertemente armados en el mercado navide\u00f1o de Essen, Alemania. <\/span> <span>(Roland Weihrauch\/Picture Alliance v\u00eda Getty Images)<\/span><\/p>\n<\/div>\n<\/div>\n<\/div>\n<p>Si bien muchas ciudades reciben cierta financiaci\u00f3n p\u00fablica para operar los mercados navide\u00f1os, los municipios m\u00e1s peque\u00f1os y los organizadores privados suelen asumir la mayor parte del gasto. Los funcionarios locales han comenzado a pedir a los 16 estados federales de Alemania que asuman una mayor parte de la carga financiera, argumentando que las medidas antiterroristas van m\u00e1s all\u00e1 de la responsabilidad de los organizadores de eventos locales.<\/p>\n<p>Las mejoras siguen al ataque de un SUV en diciembre pasado en el mercado navide\u00f1o de Magdeburgo, que mat\u00f3 a seis personas e hiri\u00f3 a m\u00e1s de 300. Desde entonces, muchas ciudades alemanas han reforzado la infraestructura, revisado los planes de control de multitudes y aumentado la vigilancia en grandes reuniones estacionales.<\/p>\n<p><strong>MOSSAD Y LA OPERACI\u00d3N DE INTELIGENCIA EUROPEA LANZAN UNA TOTAL MEDIDA CONTRA LA RED TERRORISTA GLOBAL DE HAMAS<\/strong><\/p>\n<div class=\"image-ct inline\">\n<div class=\"m\"><picture><source media=\"(max-width: 767px)\" srcset=\"https:\/\/a57.foxnews.com\/static.foxnews.com\/foxnews.com\/content\/uploads\/2025\/12\/343\/192\/magdeburg-christmas-market-opens-following-deadly-2024-attack.jpg?ve=1&amp;tl=1, https:\/\/a57.foxnews.com\/static.foxnews.com\/foxnews.com\/content\/uploads\/2025\/12\/686\/384\/magdeburg-christmas-market-opens-following-deadly-2024-attack.jpg?ve=1&amp;tl=1 2x\" height=\"192\" width=\"343\"><source media=\"(min-width: 768px) and (max-width: 1023px)\" srcset=\"https:\/\/a57.foxnews.com\/static.foxnews.com\/foxnews.com\/content\/uploads\/2025\/12\/672\/378\/magdeburg-christmas-market-opens-following-deadly-2024-attack.jpg?ve=1&amp;tl=1, https:\/\/a57.foxnews.com\/static.foxnews.com\/foxnews.com\/content\/uploads\/2025\/12\/1344\/756\/magdeburg-christmas-market-opens-following-deadly-2024-attack.jpg?ve=1&amp;tl=1 2x\" height=\"378\" width=\"672\"><source media=\"(min-width: 1024px) and (max-width: 1279px)\" srcset=\"https:\/\/a57.foxnews.com\/static.foxnews.com\/foxnews.com\/content\/uploads\/2025\/12\/931\/523\/magdeburg-christmas-market-opens-following-deadly-2024-attack.jpg?ve=1&amp;tl=1, https:\/\/a57.foxnews.com\/static.foxnews.com\/foxnews.com\/content\/uploads\/2025\/12\/1862\/1046\/magdeburg-christmas-market-opens-following-deadly-2024-attack.jpg?ve=1&amp;tl=1 2x\" height=\"523\" width=\"931\"><source media=\"(min-width: 1280px)\" srcset=\"https:\/\/a57.foxnews.com\/static.foxnews.com\/foxnews.com\/content\/uploads\/2025\/12\/720\/405\/magdeburg-christmas-market-opens-following-deadly-2024-attack.jpg?ve=1&amp;tl=1, https:\/\/a57.foxnews.com\/static.foxnews.com\/foxnews.com\/content\/uploads\/2025\/12\/1440\/810\/magdeburg-christmas-market-opens-following-deadly-2024-attack.jpg?ve=1&amp;tl=1 2x\" height=\"405\" width=\"720\"><img loading=\"lazy\" decoding=\"async\" src=\"https:\/\/a57.foxnews.com\/static.foxnews.com\/foxnews.com\/content\/uploads\/2025\/12\/1200\/675\/magdeburg-christmas-market-opens-following-deadly-2024-attack.jpg?ve=1&amp;tl=1\" alt=\"Agentes de polic\u00eda patrullan el mercado navide\u00f1o anual en Alemania\" width=\"1200\" height=\"675\"\/><\/source><\/source><\/source><\/source><\/picture><\/div>\n<div class=\"info\">\n<div class=\"caption\">\n<p><span>Agentes de polic\u00eda patrullan el mercado navide\u00f1o anual el 20 de noviembre de 2025 en Magdeburgo, Alemania. El 20 de diciembre de 2024, Taleb al-Abdulmohsen, que actualmente est\u00e1 siendo juzgado, condujo un autom\u00f3vil hacia un concurrido mercado al aire libre, matando a seis personas e hiriendo a m\u00e1s de 300. Los mercados navide\u00f1os pronto abrir\u00e1n en todo el pa\u00eds. Muchos se enfrentan a costes elevados debido al aumento de las medidas de seguridad tras el ataque de Magdeburgo. (Foto de Ronny Hartmann\/Getty Images)<\/span> <span>(Ronny Hartmann\/Getty Images)<\/span><\/p>\n<\/div>\n<\/div>\n<\/div>\n<p>Francia ha avanzado en una direcci\u00f3n similar. Las autoridades cancelaron el concierto anual de Nochevieja en los Campos El\u00edseos despu\u00e9s de que la polic\u00eda expresara su preocupaci\u00f3n por el manejo de multitudes y lo que el Ministerio del Interior describi\u00f3 como un nivel de amenaza terrorista \u00abmuy alto\u00bb. El ministerio ha clasificado los mercados navide\u00f1os y otras festividades invernales como eventos de \u00abalto riesgo\u00bb, lo que ha llevado a las ciudades a desplegar agentes adicionales, introducir nuevos puntos de control e imponer restricciones de acceso cuando sea necesario.<\/p>\n<p>\u00abLa verdadera pregunta es por qu\u00e9 los gobiernos europeos est\u00e1n tolerando una situaci\u00f3n en la que deben desplegar medidas de seguridad extraordinarias s\u00f3lo para que la gente pueda celebrar de forma segura una tradici\u00f3n que ha sido fundamental para la vida europea durante siglos\u00bb, dijo a Fox News Digital Alan Mendoza, director ejecutivo de la Sociedad Henry Jackson. \u00abEst\u00e1n respondiendo a la amenaza, pero no est\u00e1n respondiendo a los extremistas radicales que la causan. \u00bfPor qu\u00e9 los europeos se ven obligados a sortear capas de seguridad en lugar de que las autoridades les hagan la vida dif\u00edcil a las personas que est\u00e1n difundiendo el odio y planteando la amenaza?\u00bb<\/p>\n<div class=\"image-ct inline\">\n<div class=\"m\"><picture><source media=\"(max-width: 767px)\" srcset=\"https:\/\/a57.foxnews.com\/static.foxnews.com\/foxnews.com\/content\/uploads\/2025\/11\/343\/192\/germany-christmas-market-opens-nearly-one-year-after-attack.jpg?ve=1&amp;tl=1, https:\/\/a57.foxnews.com\/static.foxnews.com\/foxnews.com\/content\/uploads\/2025\/11\/686\/384\/germany-christmas-market-opens-nearly-one-year-after-attack.jpg?ve=1&amp;tl=1 2x\" height=\"192\" width=\"343\"><source media=\"(min-width: 768px) and (max-width: 1023px)\" srcset=\"https:\/\/a57.foxnews.com\/static.foxnews.com\/foxnews.com\/content\/uploads\/2025\/11\/672\/378\/germany-christmas-market-opens-nearly-one-year-after-attack.jpg?ve=1&amp;tl=1, https:\/\/a57.foxnews.com\/static.foxnews.com\/foxnews.com\/content\/uploads\/2025\/11\/1344\/756\/germany-christmas-market-opens-nearly-one-year-after-attack.jpg?ve=1&amp;tl=1 2x\" height=\"378\" width=\"672\"><source media=\"(min-width: 1024px) and (max-width: 1279px)\" srcset=\"https:\/\/a57.foxnews.com\/static.foxnews.com\/foxnews.com\/content\/uploads\/2025\/11\/931\/523\/germany-christmas-market-opens-nearly-one-year-after-attack.jpg?ve=1&amp;tl=1, https:\/\/a57.foxnews.com\/static.foxnews.com\/foxnews.com\/content\/uploads\/2025\/11\/1862\/1046\/germany-christmas-market-opens-nearly-one-year-after-attack.jpg?ve=1&amp;tl=1 2x\" height=\"523\" width=\"931\"><source media=\"(min-width: 1280px)\" srcset=\"https:\/\/a57.foxnews.com\/static.foxnews.com\/foxnews.com\/content\/uploads\/2025\/11\/720\/405\/germany-christmas-market-opens-nearly-one-year-after-attack.jpg?ve=1&amp;tl=1, https:\/\/a57.foxnews.com\/static.foxnews.com\/foxnews.com\/content\/uploads\/2025\/11\/1440\/810\/germany-christmas-market-opens-nearly-one-year-after-attack.jpg?ve=1&amp;tl=1 2x\" height=\"405\" width=\"720\"><img loading=\"lazy\" decoding=\"async\" src=\"https:\/\/a57.foxnews.com\/static.foxnews.com\/foxnews.com\/content\/uploads\/2025\/11\/1200\/675\/germany-christmas-market-opens-nearly-one-year-after-attack.jpg?ve=1&amp;tl=1\" alt=\"Mercado navide\u00f1o en Alemania\" width=\"1200\" height=\"675\"\/><\/source><\/source><\/source><\/source><\/picture><\/div>\n<div class=\"info\">\n<div class=\"caption\">\n<p><span>Los visitantes caminan por el mercado navide\u00f1o de Magdeburgo despu\u00e9s de la inauguraci\u00f3n en Magdeburgo, Alemania, el jueves 20 de noviembre de 2025. <\/span> <span>(Matthias Bein\/dpa v\u00eda AP)<\/span><\/p>\n<\/div>\n<\/div>\n<\/div>\n<p>\u00abEuropa necesita una estrategia agresiva que apunte a los radicales (encarcel\u00e1ndolos, deport\u00e1ndolos si no son ciudadanos) porque no se puede salir de esto para siempre\u00bb, continu\u00f3 Mendoza. \u00abCada a\u00f1o la seguridad aumentar\u00e1 a menos que se aborden las causas profundas. Los europeos est\u00e1n cada vez m\u00e1s hartos de lo que est\u00e1 sucediendo en sus sociedades, y si los l\u00edderes actuales no logran un cambio transformador, los votantes eventualmente elegir\u00e1n l\u00edderes que lo har\u00e1n\u00bb.<\/p>\n<p>Otros pa\u00edses europeos tambi\u00e9n est\u00e1n reforzando sus operaciones vacacionales. Seg\u00fan The Sun, el emblem\u00e1tico mercado navide\u00f1o de Salzburgo, Austria, que atrae aproximadamente a 1,5 millones de visitantes cada a\u00f1o, ahora est\u00e1 vigilado por seguridad privada las 24 horas y una red de 33 c\u00e1maras dedicadas. En otras partes de Austria, incluida la regi\u00f3n natal de Arnold Schwarzenegger, Estiria, algunos mercados han sido cancelados por completo porque los organizadores dicen que no pueden permitirse las medidas de seguridad obligatorias.<\/p>\n<p><strong>EL DEPARTAMENTO DE ESTADO REALIZA LAS PRIMERAS DESIGNACIONES DE TERRORISTAS EXTRANJEROS DE ANTIFA EN TODA EUROPA<\/strong><\/p>\n<div class=\"image-ct inline\">\n<div class=\"m\"><picture><source media=\"(max-width: 767px)\" srcset=\"https:\/\/a57.foxnews.com\/static.foxnews.com\/foxnews.com\/content\/uploads\/2025\/12\/343\/192\/gettyimages-2248271809-scaled.jpg?ve=1&amp;tl=1, https:\/\/a57.foxnews.com\/static.foxnews.com\/foxnews.com\/content\/uploads\/2025\/12\/686\/384\/gettyimages-2248271809-scaled.jpg?ve=1&amp;tl=1 2x\" height=\"192\" width=\"343\"><source media=\"(min-width: 768px) and (max-width: 1023px)\" srcset=\"https:\/\/a57.foxnews.com\/static.foxnews.com\/foxnews.com\/content\/uploads\/2025\/12\/672\/378\/gettyimages-2248271809-scaled.jpg?ve=1&amp;tl=1, https:\/\/a57.foxnews.com\/static.foxnews.com\/foxnews.com\/content\/uploads\/2025\/12\/1344\/756\/gettyimages-2248271809-scaled.jpg?ve=1&amp;tl=1 2x\" height=\"378\" width=\"672\"><source media=\"(min-width: 1024px) and (max-width: 1279px)\" srcset=\"https:\/\/a57.foxnews.com\/static.foxnews.com\/foxnews.com\/content\/uploads\/2025\/12\/931\/523\/gettyimages-2248271809-scaled.jpg?ve=1&amp;tl=1, https:\/\/a57.foxnews.com\/static.foxnews.com\/foxnews.com\/content\/uploads\/2025\/12\/1862\/1046\/gettyimages-2248271809-scaled.jpg?ve=1&amp;tl=1 2x\" height=\"523\" width=\"931\"><source media=\"(min-width: 1280px)\" srcset=\"https:\/\/a57.foxnews.com\/static.foxnews.com\/foxnews.com\/content\/uploads\/2025\/12\/720\/405\/gettyimages-2248271809-scaled.jpg?ve=1&amp;tl=1, https:\/\/a57.foxnews.com\/static.foxnews.com\/foxnews.com\/content\/uploads\/2025\/12\/1440\/810\/gettyimages-2248271809-scaled.jpg?ve=1&amp;tl=1 2x\" height=\"405\" width=\"720\"><img loading=\"lazy\" decoding=\"async\" src=\"https:\/\/a57.foxnews.com\/static.foxnews.com\/foxnews.com\/content\/uploads\/2025\/12\/1200\/675\/gettyimages-2248271809-scaled.jpg?ve=1&amp;tl=1\" alt=\"Un miembro de seguridad observa a los visitantes caminar entre los puestos navide\u00f1os el d\u00eda de la inauguraci\u00f3n del mercado navide\u00f1o anual en Breitscheidplatz el 24 de noviembre de 2025 en Berl\u00edn, Alemania. Hoy se abren mercados navide\u00f1os en toda la ciudad y en muchas otras ciudades de Alemania. (Foto de Maryam Majd\/Getty Images)\" width=\"1200\" height=\"675\"\/><\/source><\/source><\/source><\/source><\/picture><\/div>\n<div class=\"info\">\n<div class=\"caption\">\n<p><span>Un miembro de seguridad observa a los visitantes caminar entre los puestos navide\u00f1os el d\u00eda de la inauguraci\u00f3n del mercado navide\u00f1o anual en Breitscheidplatz el 24 de noviembre de 2025 en Berl\u00edn, Alemania. Hoy se abren mercados navide\u00f1os en toda la ciudad y en muchas otras ciudades de Alemania. (Foto de Maryam Majd\/Getty Images)<\/span> <span>(Maryam Majd\/Getty Images)<\/span><\/p>\n<\/div>\n<\/div>\n<\/div>\n<p>En Praga, se han colocado grandes bloques de concreto a lo largo de terraplenes populares y alrededor de \u00e1reas clave de tr\u00e1nsito peatonal, mientras la polic\u00eda ha aumentado las patrullas para monitorear objetivos potenciales. En Budapest, m\u00e1s agentes vestidos de civil circulan entre la multitud para identificar comportamientos sospechosos y mejorar la velocidad de respuesta.<\/p>\n<p>Ben Cohen, analista senior de la Fundaci\u00f3n para la Defensa de las Democracias, dijo a Fox News Digital que las autoridades est\u00e1n tratando la temporada navide\u00f1a con mayor seriedad. \u00abEl nivel de amenaza es ciertamente el mismo que el a\u00f1o pasado. Podr\u00eda decirse que ahora es m\u00e1s grave, por lo que las autoridades de Alemania y Francia est\u00e1n aumentando las medidas de seguridad en los mercados y ferias navide\u00f1as este a\u00f1o. Durante el \u00faltimo a\u00f1o, ambos pa\u00edses han tomado medidas en\u00e9rgicas contra la actividad islamista, por lo que estar\u00e1n especialmente en guardia en esta \u00e9poca del a\u00f1o\u00bb.<\/p>\n<p>\u00abEn t\u00e9rminos m\u00e1s generales\u00bb, a\u00f1adi\u00f3, \u00abtanto las fiestas cristianas como las jud\u00edas son vistas como objetivos f\u00e1ciles para los yihadistas, como lo demuestra el ataque a una sinagoga en Manchester en Yom Kippur en octubre. La Navidad y la Semana Santa conllevan los mismos riesgos y, por lo tanto, definitivamente se justifica una vigilancia adicional y una presencia policial armada fuerte pero discreta\u00bb.<\/p>\n<div class=\"image-ct inline\">\n<div class=\"m\"><picture><source media=\"(max-width: 767px)\" srcset=\"https:\/\/a57.foxnews.com\/static.foxnews.com\/foxnews.com\/content\/uploads\/2025\/12\/343\/192\/germany-christmas.jpg?ve=1&amp;tl=1, https:\/\/a57.foxnews.com\/static.foxnews.com\/foxnews.com\/content\/uploads\/2025\/12\/686\/384\/germany-christmas.jpg?ve=1&amp;tl=1 2x\" height=\"192\" width=\"343\"><source media=\"(min-width: 768px) and (max-width: 1023px)\" srcset=\"https:\/\/a57.foxnews.com\/static.foxnews.com\/foxnews.com\/content\/uploads\/2025\/12\/672\/378\/germany-christmas.jpg?ve=1&amp;tl=1, https:\/\/a57.foxnews.com\/static.foxnews.com\/foxnews.com\/content\/uploads\/2025\/12\/1344\/756\/germany-christmas.jpg?ve=1&amp;tl=1 2x\" height=\"378\" width=\"672\"><source media=\"(min-width: 1024px) and (max-width: 1279px)\" srcset=\"https:\/\/a57.foxnews.com\/static.foxnews.com\/foxnews.com\/content\/uploads\/2025\/12\/931\/523\/germany-christmas.jpg?ve=1&amp;tl=1, https:\/\/a57.foxnews.com\/static.foxnews.com\/foxnews.com\/content\/uploads\/2025\/12\/1862\/1046\/germany-christmas.jpg?ve=1&amp;tl=1 2x\" height=\"523\" width=\"931\"><source media=\"(min-width: 1280px)\" srcset=\"https:\/\/a57.foxnews.com\/static.foxnews.com\/foxnews.com\/content\/uploads\/2025\/12\/720\/405\/germany-christmas.jpg?ve=1&amp;tl=1, https:\/\/a57.foxnews.com\/static.foxnews.com\/foxnews.com\/content\/uploads\/2025\/12\/1440\/810\/germany-christmas.jpg?ve=1&amp;tl=1 2x\" height=\"405\" width=\"720\"><img loading=\"lazy\" decoding=\"async\" src=\"https:\/\/a57.foxnews.com\/static.foxnews.com\/foxnews.com\/content\/uploads\/2025\/12\/1200\/675\/germany-christmas.jpg?ve=1&amp;tl=1\" alt=\"\u00c1rbol de Navidad de Dortmund, uno de los m\u00e1s grandes del mundo, en el mercado navide\u00f1o de Dortmund, Alemania occidental \" width=\"1200\" height=\"675\"\/><\/source><\/source><\/source><\/source><\/picture><\/div>\n<div class=\"info\">\n<div class=\"caption\">\n<p><span>Una vista a\u00e9rea muestra el tradicional \u00e1rbol de Navidad de Dortmund de 45 metros de altura, uno de los m\u00e1s grandes del mundo, en el mercado navide\u00f1o de Dortmund el 5 de diciembre de 2025.<\/span> <span>(Foto de Ina Fassebender \/ AFP v\u00eda Getty Images))<\/span><\/p>\n<\/div>\n<\/div>\n<\/div>\n<p><strong>HAGA CLIC AQU\u00cd PARA DESCARGAR LA APLICACI\u00d3N FOX NEWS<\/strong><\/p>\n<p>A pesar de los ajustes, muchos mercados en Europa permanecen abiertos y siguen atrayendo una asistencia significativa, aunque bajo condiciones de seguridad notablemente m\u00e1s estrictas. Los funcionarios de varios pa\u00edses dicen que es probable que las medidas se mantengan vigentes mientras los niveles de amenaza se mantengan elevados.<\/p>\n<p><i>Reuters contribuy\u00f3 a esta historia.<\/i><\/p>\n<p> <!----> <\/p>\n<div class=\"article-meta\">\n<div class=\"author-bio\">\n<p>Efrat Lachter es periodista de investigaci\u00f3n y corresponsal de guerra. Su trabajo la ha llevado a 40 pa\u00edses, entre ellos Ucrania, Rusia, Irak, Siria, Sud\u00e1n y Afganist\u00e1n. Recibi\u00f3 la Beca de Periodismo Knight-Wallace 2024. Se puede seguir a Lachter en X @efratlachter.<\/p>\n<\/div>\n<\/div>\n<\/div>\n\n","protected":false},"excerpt":{"rendered":"<p>NUEVO\u00a1Ahora puedes escuchar los art\u00edculos de Fox News! Los mercados navide\u00f1os europeos se est\u00e1n abriendo este a\u00f1o bajo medidas de seguridad m\u00e1s estrictas y costos operativos crecientes, mientras funcionarios de Alemania, Francia y otras partes de Europa responden a lo que las autoridades describen como amenazas elevadas a la seguridad p\u00fablica. En Alemania, el gasto &hellip;<\/p>\n","protected":false},"author":1,"featured_media":52776,"comment_status":"open","ping_status":"open","sticky":false,"template":"","format":"standard","meta":{"fifu_image_url":"https:\/\/static.foxnews.com\/foxnews.com\/content\/uploads\/2025\/12\/christmas-market-germany.jpg","fifu_image_alt":"","footnotes":""},"categories":[13],"tags":[],"class_list":["post-52774","post","type-post","status-publish","format-standard","has-post-thumbnail","","category-mundo"],"_links":{"self":[{"href":"https:\/\/noticiasveraces.com\/index.php?rest_route=\/wp\/v2\/posts\/52774","targetHints":{"allow":["GET"]}}],"collection":[{"href":"https:\/\/noticiasveraces.com\/index.php?rest_route=\/wp\/v2\/posts"}],"about":[{"href":"https:\/\/noticiasveraces.com\/index.php?rest_route=\/wp\/v2\/types\/post"}],"author":[{"embeddable":true,"href":"https:\/\/noticiasveraces.com\/index.php?rest_route=\/wp\/v2\/users\/1"}],"replies":[{"embeddable":true,"href":"https:\/\/noticiasveraces.com\/index.php?rest_route=%2Fwp%2Fv2%2Fcomments&post=52774"}],"version-history":[{"count":0,"href":"https:\/\/noticiasveraces.com\/index.php?rest_route=\/wp\/v2\/posts\/52774\/revisions"}],"wp:featuredmedia":[{"embeddable":true,"href":"https:\/\/noticiasveraces.com\/index.php?rest_route=\/wp\/v2\/media\/52776"}],"wp:attachment":[{"href":"https:\/\/noticiasveraces.com\/index.php?rest_route=%2Fwp%2Fv2%2Fmedia&parent=52774"}],"wp:term":[{"taxonomy":"category","embeddable":true,"href":"https:\/\/noticiasveraces.com\/index.php?rest_route=%2Fwp%2Fv2%2Fcategories&post=52774"},{"taxonomy":"post_tag","embeddable":true,"href":"https:\/\/noticiasveraces.com\/index.php?rest_route=%2Fwp%2Fv2%2Ftags&post=52774"}],"curies":[{"name":"wp","href":"https:\/\/api.w.org\/{rel}","templated":true}]}}