{"id":52757,"date":"2025-12-06T09:12:40","date_gmt":"2025-12-06T13:12:40","guid":{"rendered":"https:\/\/noticiasveraces.com\/?p=52757"},"modified":"2025-12-06T09:12:40","modified_gmt":"2025-12-06T13:12:40","slug":"ayuso-rompe-dos-dias-de-silencio-sobre-el-escandalo-del-hospital-de-torrejon-cualquier-mala-practica-sera-erradicada-con-contundencia-noticias-de-madrid","status":"publish","type":"post","link":"https:\/\/noticiasveraces.com\/?p=52757","title":{"rendered":"Ayuso rompe dos d\u00edas de silencio sobre el esc\u00e1ndalo del hospital de Torrej\u00f3n: \u201cCualquier mala pr\u00e1ctica ser\u00e1 erradicada con contundencia\u201d | Noticias de Madrid"},"content":{"rendered":"<p> \n<\/p>\n<div data-dtm-region=\"articulo_cuerpo\">\n<p class=\"\">La indignaci\u00f3n y el rechazo que ha provocado el esc\u00e1ndalo del hospital de Torrej\u00f3n ha obligado a pronunciarse este viernes a Isabel D\u00edaz Ayuso, que hab\u00eda pasado 48 horas sin hablar de un asunto que le compete en primera persona. La presidenta de Madrid se mantuvo en silencio sobre un tema del que habl\u00f3 con contundencia hasta el l\u00edder de su partido, Alberto N\u00fa\u00f1ez Feij\u00f3o.<\/p>\n<p class=\"\">\u201cCualquier mala pr\u00e1ctica ser\u00e1 erradicada con contundencia, con la informaci\u00f3n necesaria en la mano, sin contemplaciones, pero con responsabilidad\u201d, ha dicho Ayuso sobre los audios, revelados por EL PA\u00cdS, en los que Pablo Gallart \u2014el CEO de la empresa Ribera Salud, la gestora del hospital\u2014 orden\u00f3 a los directivos del hospital p\u00fablico subir las listas de espera a costa de realizar menos intervenciones y rechazar pacientes o procesos no rentables para aumentar el beneficio econ\u00f3mico.<\/p>\n<figure class=\"a_m\"><span class=\"_db a_m_c _rt _rt-16x9 a_m_c-v\"\/><\/figure>\n<p class=\"\">Ayuso, no obstante, ha querido defender el modelo sanitario de su Gobierno en Madrid, a menudo blanco de las cr\u00edticas de los profesionales, los usuarios y la oposici\u00f3n por su planteamiento de que sean actores privados los que gestionen centros p\u00fablicos. \u201cTenemos unos grandes profesionales como en el hospital de Torrej\u00f3n para quienes pido la m\u00e1xima confianza y ni ellos ni ning\u00fan paciente ser\u00e1 tratado por negocio ni por ning\u00fan otro inter\u00e9s. No dudaremos, llegado el caso, en actuar con esa contundencia desde la Comunidad de Madrid\u201d, ha afirmado.<\/p>\n<p class=\"\">Cuatro directivos que denunciaron en el canal \u00e9tico del hospital de Torrej\u00f3n, sin embargo, enumeraron las instrucciones que Gallart dio y otras que, aseguran en esos escritos, se recibieron con posterioridad, como dar prioridad a pacientes \u201c<i>No<\/i> <i>c\u00e1pita<\/i>\u201d \u2015aquellos que no tienen asignado por defecto el hospital, pero que piden ser atendidos en \u00e9l\u2015 rentables, relegando la atenci\u00f3n a los no rentables.<\/p>\n<p class=\"\">La Comunidad de Madrid ha inyectado 88 millones de euros adicionales en los \u00faltimos cinco a\u00f1os a Ribera Salud para la gesti\u00f3n del hospital, a los que se suman un rescate de otros 32,7 millones en julio para que el grupo pudiera hacer frente a las deudas adquiridas en el hospital de Torrej\u00f3n, que en 2022 alcanzaba los 124 millones de euros. <\/p>\n<p class=\"\">Un portavoz auton\u00f3mico justific\u00f3 entonces que este abono extraordinario se deb\u00eda a la necesidad de un reequilibrio del contrato por gastos no contemplados al inicio, como el gran gasto farmac\u00e9utico. Es, precisamente, uno de los gastos que Gallart pidi\u00f3 a sus mandos revisar: \u201cLa actividad que lleva pareja temas de farmacia es posible que no nos interese. No s\u00e9, hay much\u00edsimas teclas que podemos tocar\u201d.<\/p>\n<p class=\"\">Alberto N\u00fa\u00f1ez Feij\u00f3o, l\u00edder del PP, se pronunci\u00f3 antes que la presidenta madrile\u00f1a. Fue este jueves: \u201cMe alegro de que haya sido cesado\u201d, subray\u00f3 en un acto en Don Benito (Badajoz). \u201cEse tipo de manifestaciones y de conductas son contrarias a los principios b\u00e1sicos que debe regir a la sanidad de nuestro pa\u00eds\u201d, a\u00f1adi\u00f3. <\/p>\n<p class=\"\">Isa Serra, coordinadora auton\u00f3mica de Podemos en Madrid, ha acudido este viernes a una concentraci\u00f3n convocada en Madrid para protestar contra las pr\u00e1cticas de Ribera Salud reveladas por este peri\u00f3dico. All\u00ed, ha asegurado que esta misma ma\u00f1ana su grupo ha presentado una querella en el Juzgado de Instrucci\u00f3n de Torrej\u00f3n contra el gerente del hospital y contra la empresa. \u201cEntre otras cuestiones por la utilizaci\u00f3n desleal de fondos p\u00fablicos, prevaricaci\u00f3n, posibles lesiones, coacciones a los propios trabajadores y denegaci\u00f3n de las prestaciones sanitarias\u201d, ha explicado. Y ha a\u00f1adido: \u201cEsperemos que se haga justicia contra lo que es un atentado grave contra la salud p\u00fablica. La ciudadan\u00eda est\u00e1 cansada de ver c\u00f3mo nos est\u00e1n robando la sanidad p\u00fablica. Hay que movilizarse porque Ayuso y sus amigos de Ribera y Quir\u00f3n no van a parar\u201d. <\/p>\n<\/div>\n\n","protected":false},"excerpt":{"rendered":"<p>La indignaci\u00f3n y el rechazo que ha provocado el esc\u00e1ndalo del hospital de Torrej\u00f3n ha obligado a pronunciarse este viernes a Isabel D\u00edaz Ayuso, que hab\u00eda pasado 48 horas sin hablar de un asunto que le compete en primera persona. La presidenta de Madrid se mantuvo en silencio sobre un tema del que habl\u00f3 con &hellip;<\/p>\n","protected":false},"author":1,"featured_media":52758,"comment_status":"open","ping_status":"open","sticky":false,"template":"","format":"standard","meta":{"fifu_image_url":"https:\/\/imagenes.elpais.com\/resizer\/v2\/HXGIAOWYKVPYRCMY6PPAPE7S3A.jpg?auth=ed86f0b8f2224d97cc39c24cc58abf3c34134402175324cbc2e64b57b621063c&width=1200","fifu_image_alt":"","footnotes":""},"categories":[11],"tags":[],"class_list":["post-52757","post","type-post","status-publish","format-standard","has-post-thumbnail","","category-viaje"],"_links":{"self":[{"href":"https:\/\/noticiasveraces.com\/index.php?rest_route=\/wp\/v2\/posts\/52757","targetHints":{"allow":["GET"]}}],"collection":[{"href":"https:\/\/noticiasveraces.com\/index.php?rest_route=\/wp\/v2\/posts"}],"about":[{"href":"https:\/\/noticiasveraces.com\/index.php?rest_route=\/wp\/v2\/types\/post"}],"author":[{"embeddable":true,"href":"https:\/\/noticiasveraces.com\/index.php?rest_route=\/wp\/v2\/users\/1"}],"replies":[{"embeddable":true,"href":"https:\/\/noticiasveraces.com\/index.php?rest_route=%2Fwp%2Fv2%2Fcomments&post=52757"}],"version-history":[{"count":0,"href":"https:\/\/noticiasveraces.com\/index.php?rest_route=\/wp\/v2\/posts\/52757\/revisions"}],"wp:featuredmedia":[{"embeddable":true,"href":"https:\/\/noticiasveraces.com\/index.php?rest_route=\/wp\/v2\/media\/52758"}],"wp:attachment":[{"href":"https:\/\/noticiasveraces.com\/index.php?rest_route=%2Fwp%2Fv2%2Fmedia&parent=52757"}],"wp:term":[{"taxonomy":"category","embeddable":true,"href":"https:\/\/noticiasveraces.com\/index.php?rest_route=%2Fwp%2Fv2%2Fcategories&post=52757"},{"taxonomy":"post_tag","embeddable":true,"href":"https:\/\/noticiasveraces.com\/index.php?rest_route=%2Fwp%2Fv2%2Ftags&post=52757"}],"curies":[{"name":"wp","href":"https:\/\/api.w.org\/{rel}","templated":true}]}}