{"id":52728,"date":"2025-12-06T04:26:29","date_gmt":"2025-12-06T08:26:29","guid":{"rendered":"https:\/\/noticiasveraces.com\/?p=52728"},"modified":"2025-12-06T04:26:29","modified_gmt":"2025-12-06T08:26:29","slug":"la-obesidad-esta-relacionada-con-un-fuerte-aumento-en-el-tipo-de-demencia-comun-encuentra-un-nuevo-estudio","status":"publish","type":"post","link":"https:\/\/noticiasveraces.com\/?p=52728","title":{"rendered":"La obesidad est\u00e1 relacionada con un fuerte aumento en el tipo de demencia com\u00fan, encuentra un nuevo estudio"},"content":{"rendered":"<p> \n<\/p>\n<div>\n<div id=\"beyondwords-wrapper\" class=\"beyondwords-wrapper\">\n<p><span class=\"label-bg\">NUEVO<\/span>\u00a1Ahora puedes escuchar los art\u00edculos de Fox News!\n  <\/p>\n<\/div>\n<p class=\"speakable\">El primer estudio que evalu\u00f3 el v\u00ednculo entre la enfermedad de Alzheimer y el peso corporal encontr\u00f3 una asociaci\u00f3n significativa.<\/p>\n<p class=\"speakable\">Investigadores de la Universidad de Medicina de Washington en St. Louis, Missouri, descubrieron que los biomarcadores sangu\u00edneos del Alzheimer aumentaban un 95% m\u00e1s r\u00e1pido en personas con obesidad que en personas no obesas.<\/p>\n<p>El estudio, que fue presentado el martes en la reuni\u00f3n anual de la Sociedad Radiol\u00f3gica de Am\u00e9rica del Norte (RSNA) en Chicago, investig\u00f3 cinco a\u00f1os de datos de 407 participantes de la Iniciativa de Neuroimagen de la Enfermedad de Alzheimer, incluidas exploraciones PET (im\u00e1genes m\u00e9dicas) y muestras de sangre.<\/p>\n<p><strong>EL DECLIVE DEL ALZHEIMER PODR\u00cdA DESACELERAR DRAM\u00c1TICAMENTE CON UN SIMPLE H\u00c1BITO DIARIO, ENCUENTRA UN ESTUDIO<\/strong><\/p>\n<p>Los investigadores evaluaron la asociaci\u00f3n entre los biomarcadores del Alzheimer y el \u00edndice de masa corporal (IMC), seg\u00fan un comunicado de prensa.<\/p>\n<p>Cuando se midi\u00f3 a los participantes por primera vez, un IMC m\u00e1s alto se asoci\u00f3 con biomarcadores sangu\u00edneos m\u00e1s bajos de Alzheimer debido a la diluci\u00f3n de la sangre, ya que las personas con mayor peso corporal suelen tener un mayor volumen de sangre.<\/p>\n<div class=\"image-ct inline\">\n<div class=\"m\"><picture><source media=\"(max-width: 767px)\" srcset=\"https:\/\/a57.foxnews.com\/static.foxnews.com\/foxnews.com\/content\/uploads\/2025\/12\/343\/192\/obese-patient-doctor.jpg?ve=1&amp;tl=1, https:\/\/a57.foxnews.com\/static.foxnews.com\/foxnews.com\/content\/uploads\/2025\/12\/686\/384\/obese-patient-doctor.jpg?ve=1&amp;tl=1 2x\" height=\"192\" width=\"343\"><source media=\"(min-width: 768px) and (max-width: 1023px)\" srcset=\"https:\/\/a57.foxnews.com\/static.foxnews.com\/foxnews.com\/content\/uploads\/2025\/12\/672\/378\/obese-patient-doctor.jpg?ve=1&amp;tl=1, https:\/\/a57.foxnews.com\/static.foxnews.com\/foxnews.com\/content\/uploads\/2025\/12\/1344\/756\/obese-patient-doctor.jpg?ve=1&amp;tl=1 2x\" height=\"378\" width=\"672\"><source media=\"(min-width: 1024px) and (max-width: 1279px)\" srcset=\"https:\/\/a57.foxnews.com\/static.foxnews.com\/foxnews.com\/content\/uploads\/2025\/12\/931\/523\/obese-patient-doctor.jpg?ve=1&amp;tl=1, https:\/\/a57.foxnews.com\/static.foxnews.com\/foxnews.com\/content\/uploads\/2025\/12\/1862\/1046\/obese-patient-doctor.jpg?ve=1&amp;tl=1 2x\" height=\"523\" width=\"931\"><source media=\"(min-width: 1280px)\" srcset=\"https:\/\/a57.foxnews.com\/static.foxnews.com\/foxnews.com\/content\/uploads\/2025\/12\/720\/405\/obese-patient-doctor.jpg?ve=1&amp;tl=1, https:\/\/a57.foxnews.com\/static.foxnews.com\/foxnews.com\/content\/uploads\/2025\/12\/1440\/810\/obese-patient-doctor.jpg?ve=1&amp;tl=1 2x\" height=\"405\" width=\"720\"><img loading=\"lazy\" decoding=\"async\" src=\"https:\/\/a57.foxnews.com\/static.foxnews.com\/foxnews.com\/content\/uploads\/2025\/12\/1200\/675\/obese-patient-doctor.jpg?ve=1&amp;tl=1\" alt=\"El doctor mide el vientre de un hombre obeso.\" width=\"1200\" height=\"675\"\/><\/source><\/source><\/source><\/source><\/picture><\/div>\n<div class=\"info\">\n<div class=\"caption\">\n<p><span>Los biomarcadores sangu\u00edneos del Alzheimer aumentaron un 95% m\u00e1s r\u00e1pido en personas con obesidad, encontr\u00f3 el estudio.<\/span> <span>(iStock)<\/span><\/p>\n<\/div>\n<\/div>\n<\/div>\n<p>Pero cuando los investigadores siguieron a los mismos participantes durante un per\u00edodo m\u00e1s largo, encontraron que aquellos con obesidad desarrollaron una mayor carga de enfermedad de Alzheimer que aquellos sin obesidad.<\/p>\n<p><strong>UN NUEVO COMPUESTO DE VITAMINA ES PROMETEDOR PARA REVERTIR EL DA\u00d1O CEREBRAL DEL ALZHEIMER<\/strong><\/p>\n<p>Al analizar c\u00f3mo los biomarcadores del Alzheimer coincid\u00edan con los resultados de la exploraci\u00f3n PET, observaron una acumulaci\u00f3n de placas amiloides en el cerebro, una caracter\u00edstica central del tipo m\u00e1s com\u00fan de demencia.<\/p>\n<div class=\"image-ct inline\">\n<div class=\"m\"><picture><source media=\"(max-width: 767px)\" srcset=\"https:\/\/a57.foxnews.com\/static.foxnews.com\/foxnews.com\/content\/uploads\/2025\/12\/343\/192\/doctors-brain-scans.jpg?ve=1&amp;tl=1, https:\/\/a57.foxnews.com\/static.foxnews.com\/foxnews.com\/content\/uploads\/2025\/12\/686\/384\/doctors-brain-scans.jpg?ve=1&amp;tl=1 2x\" height=\"192\" width=\"343\"><source media=\"(min-width: 768px) and (max-width: 1023px)\" srcset=\"https:\/\/a57.foxnews.com\/static.foxnews.com\/foxnews.com\/content\/uploads\/2025\/12\/672\/378\/doctors-brain-scans.jpg?ve=1&amp;tl=1, https:\/\/a57.foxnews.com\/static.foxnews.com\/foxnews.com\/content\/uploads\/2025\/12\/1344\/756\/doctors-brain-scans.jpg?ve=1&amp;tl=1 2x\" height=\"378\" width=\"672\"><source media=\"(min-width: 1024px) and (max-width: 1279px)\" srcset=\"https:\/\/a57.foxnews.com\/static.foxnews.com\/foxnews.com\/content\/uploads\/2025\/12\/931\/523\/doctors-brain-scans.jpg?ve=1&amp;tl=1, https:\/\/a57.foxnews.com\/static.foxnews.com\/foxnews.com\/content\/uploads\/2025\/12\/1862\/1046\/doctors-brain-scans.jpg?ve=1&amp;tl=1 2x\" height=\"523\" width=\"931\"><source media=\"(min-width: 1280px)\" srcset=\"https:\/\/a57.foxnews.com\/static.foxnews.com\/foxnews.com\/content\/uploads\/2025\/12\/720\/405\/doctors-brain-scans.jpg?ve=1&amp;tl=1, https:\/\/a57.foxnews.com\/static.foxnews.com\/foxnews.com\/content\/uploads\/2025\/12\/1440\/810\/doctors-brain-scans.jpg?ve=1&amp;tl=1 2x\" height=\"405\" width=\"720\"><img loading=\"lazy\" decoding=\"async\" src=\"https:\/\/a57.foxnews.com\/static.foxnews.com\/foxnews.com\/content\/uploads\/2025\/12\/1200\/675\/doctors-brain-scans.jpg?ve=1&amp;tl=1\" alt=\"M\u00e9dicos femeninos y masculinos examinan un esc\u00e1ner cerebral\" width=\"1200\" height=\"675\"\/><\/source><\/source><\/source><\/source><\/picture><\/div>\n<div class=\"info\">\n<div class=\"caption\">\n<p><span>Las exploraciones PET revelan una acumulaci\u00f3n de placas amiloides en el cerebro, una \u00abse\u00f1al central\u00bb del Alzheimer.<\/span> <span>(iStock)<\/span><\/p>\n<\/div>\n<\/div>\n<\/div>\n<p>En una entrevista con Fox News Digital, los autores del estudio discutieron el impacto de estos hallazgos.<\/p>\n<p><strong>HAGA CLIC AQU\u00cd PARA M\u00c1S HISTORIAS DE SALUD<\/strong><\/p>\n<p>\u00abNuestro estudio muestra que durante un per\u00edodo de cinco a\u00f1os, la obesidad se asocia con un aumento constante de la patolog\u00eda relacionada con el Alzheimer\u00bb, afirm\u00f3 el autor principal, el Dr. Soheil Mohammadi, investigador postdoctoral asociado en el Instituto Mallinckrodt de Radiolog\u00eda, parte de WashU Medicine.<\/p>\n<p>\u00abLo que me sorprendi\u00f3 fue la sensibilidad de los biomarcadores sangu\u00edneos para detectar esta relaci\u00f3n. Captaron cambios sutiles incluso mejor que las im\u00e1genes cerebrales\u00bb.<\/p>\n<p><strong>HAGA CLIC AQU\u00cd PARA SUSCRIBIRSE A NUESTRO BOLET\u00cdN DE SALUD<\/strong><\/p>\n<p>El autor principal del estudio, el Dr. Cyrus Raji, profesor asociado de radiolog\u00eda y neurolog\u00eda en la Universidad de Washington, se\u00f1al\u00f3 que la progresi\u00f3n del Alzheimer est\u00e1 \u00abinfluenciada por patolog\u00edas que ocurren en general en el cuerpo, como la obesidad\u00bb.<\/p>\n<p>\u00abEs fundamental preservar la salud del cerebro optimizando tambi\u00e9n la salud del cuerpo\u00bb, afirm\u00f3.<\/p>\n<div class=\"image-ct inline\">\n<div class=\"m\"><picture><source media=\"(max-width: 767px)\" srcset=\"https:\/\/a57.foxnews.com\/static.foxnews.com\/foxnews.com\/content\/uploads\/2023\/06\/343\/192\/doctor-with-patient.jpg?ve=1&amp;tl=1, https:\/\/a57.foxnews.com\/static.foxnews.com\/foxnews.com\/content\/uploads\/2023\/06\/686\/384\/doctor-with-patient.jpg?ve=1&amp;tl=1 2x\" height=\"192\" width=\"343\"><source media=\"(min-width: 768px) and (max-width: 1023px)\" srcset=\"https:\/\/a57.foxnews.com\/static.foxnews.com\/foxnews.com\/content\/uploads\/2023\/06\/672\/378\/doctor-with-patient.jpg?ve=1&amp;tl=1, https:\/\/a57.foxnews.com\/static.foxnews.com\/foxnews.com\/content\/uploads\/2023\/06\/1344\/756\/doctor-with-patient.jpg?ve=1&amp;tl=1 2x\" height=\"378\" width=\"672\"><source media=\"(min-width: 1024px) and (max-width: 1279px)\" srcset=\"https:\/\/a57.foxnews.com\/static.foxnews.com\/foxnews.com\/content\/uploads\/2023\/06\/931\/523\/doctor-with-patient.jpg?ve=1&amp;tl=1, https:\/\/a57.foxnews.com\/static.foxnews.com\/foxnews.com\/content\/uploads\/2023\/06\/1862\/1046\/doctor-with-patient.jpg?ve=1&amp;tl=1 2x\" height=\"523\" width=\"931\"><source media=\"(min-width: 1280px)\" srcset=\"https:\/\/a57.foxnews.com\/static.foxnews.com\/foxnews.com\/content\/uploads\/2023\/06\/720\/405\/doctor-with-patient.jpg?ve=1&amp;tl=1, https:\/\/a57.foxnews.com\/static.foxnews.com\/foxnews.com\/content\/uploads\/2023\/06\/1440\/810\/doctor-with-patient.jpg?ve=1&amp;tl=1 2x\" height=\"405\" width=\"720\"><img loading=\"lazy\" decoding=\"async\" src=\"https:\/\/a57.foxnews.com\/static.foxnews.com\/foxnews.com\/content\/uploads\/2023\/06\/1200\/675\/doctor-with-patient.jpg?ve=1&amp;tl=1\" alt=\"M\u00e9dico con paciente\" width=\"1200\" height=\"675\"\/><\/source><\/source><\/source><\/source><\/picture><\/div>\n<div class=\"info\">\n<div class=\"caption\">\n<p><span>\u00abEs fundamental preservar la salud del cerebro optimizando tambi\u00e9n la salud del cuerpo\u00bb, afirm\u00f3 el investigador principal.<\/span> <span>(iStock)<\/span><\/p>\n<\/div>\n<\/div>\n<\/div>\n<p>Ensayos cl\u00ednicos recientes (EVOKE y EVOKE+) han explorado si los f\u00e1rmacos GLP-1 como la semaglutida (Ozempic) podr\u00edan retardar el deterioro cognitivo en personas a las que ya se les ha diagnosticado enfermedad de Alzheimer temprana. <\/p>\n<p>\u00abAunque los recientes ensayos de Evoke no lograron mostrar un efecto de Ozempic para el tratamiento de la demencia de Alzheimer, nuestro trabajo deber\u00eda motivar ensayos futuros para determinar si esta clase de medicamentos puede ayudar a prevenir el Alzheimer al tratar la obesidad en una etapa m\u00e1s temprana de la vida\u00bb, afirm\u00f3 Raji. \u00abLos cuidadores y los m\u00e9dicos son socios clave para que estos ensayos se realicen\u00bb.<\/p>\n<p><strong>HAGA CLIC AQU\u00cd PARA DESCARGAR LA APLICACI\u00d3N FOX NEWS<\/strong><\/p>\n<p>Una limitaci\u00f3n de esta investigaci\u00f3n, seg\u00fan Mohammadi, es el hecho de que no toda la grasa corporal conlleva riesgo de enfermedad de Alzheimer.<\/p>\n<p>\u00abNuestro trabajo anterior muestra que la grasa abdominal, m\u00e1s que la grasa debajo de la piel, impulsa gran parte del impacto de la obesidad en el cerebro\u00bb, afirm\u00f3. \u00abLos estudios futuros deber\u00edan distinguir entre estos tipos de grasa en lugar de tratar la obesidad como una categor\u00eda \u00fanica\u00bb.<\/p>\n<blockquote class=\"pull-quote\">\n<p class=\"quote-text\">\u00abNuestro trabajo anterior muestra que la grasa abdominal, m\u00e1s que la grasa debajo de la piel, impulsa gran parte del impacto de la obesidad en el cerebro\u00bb.<\/p>\n<p> <!----><\/p><\/blockquote>\n<p>El Dr. Marc Siegel, analista m\u00e9dico senior de Fox News, que no particip\u00f3 en la investigaci\u00f3n, dijo que considera que se trata de un \u00abestudio muy importante\u00bb.<\/p>\n<p>\u00abCreo que este hallazgo tiene mucho sentido, porque la obesidad conduce directamente a la inflamaci\u00f3n y a la resistencia a la insulina, lo que provoca neuroinflamaci\u00f3n, uno de los pilares del desarrollo del Alzheimer\u00bb, dijo a Fox News Digital.<\/p>\n<div class=\"image-ct inline\">\n<div class=\"m\"><picture><source media=\"(max-width: 767px)\" srcset=\"https:\/\/a57.foxnews.com\/static.foxnews.com\/foxnews.com\/content\/uploads\/2025\/07\/343\/192\/diabetes-2-finger-pricking.jpg?ve=1&amp;tl=1, https:\/\/a57.foxnews.com\/static.foxnews.com\/foxnews.com\/content\/uploads\/2025\/07\/686\/384\/diabetes-2-finger-pricking.jpg?ve=1&amp;tl=1 2x\" height=\"192\" width=\"343\"><source media=\"(min-width: 768px) and (max-width: 1023px)\" srcset=\"https:\/\/a57.foxnews.com\/static.foxnews.com\/foxnews.com\/content\/uploads\/2025\/07\/672\/378\/diabetes-2-finger-pricking.jpg?ve=1&amp;tl=1, https:\/\/a57.foxnews.com\/static.foxnews.com\/foxnews.com\/content\/uploads\/2025\/07\/1344\/756\/diabetes-2-finger-pricking.jpg?ve=1&amp;tl=1 2x\" height=\"378\" width=\"672\"><source media=\"(min-width: 1024px) and (max-width: 1279px)\" srcset=\"https:\/\/a57.foxnews.com\/static.foxnews.com\/foxnews.com\/content\/uploads\/2025\/07\/931\/523\/diabetes-2-finger-pricking.jpg?ve=1&amp;tl=1, https:\/\/a57.foxnews.com\/static.foxnews.com\/foxnews.com\/content\/uploads\/2025\/07\/1862\/1046\/diabetes-2-finger-pricking.jpg?ve=1&amp;tl=1 2x\" height=\"523\" width=\"931\"><source media=\"(min-width: 1280px)\" srcset=\"https:\/\/a57.foxnews.com\/static.foxnews.com\/foxnews.com\/content\/uploads\/2025\/07\/720\/405\/diabetes-2-finger-pricking.jpg?ve=1&amp;tl=1, https:\/\/a57.foxnews.com\/static.foxnews.com\/foxnews.com\/content\/uploads\/2025\/07\/1440\/810\/diabetes-2-finger-pricking.jpg?ve=1&amp;tl=1 2x\" height=\"405\" width=\"720\"><img loading=\"lazy\" decoding=\"async\" src=\"https:\/\/a57.foxnews.com\/static.foxnews.com\/foxnews.com\/content\/uploads\/2025\/07\/1200\/675\/diabetes-2-finger-pricking.jpg?ve=1&amp;tl=1\" alt=\"Diabetes tipo 2, mujer pinch\u00e1ndose el dedo\" width=\"1200\" height=\"675\"\/><\/source><\/source><\/source><\/source><\/picture><\/div>\n<div class=\"info\">\n<div class=\"caption\">\n<p><span>Otros factores de riesgo que a menudo coinciden con la obesidad, como la diabetes, la hipertensi\u00f3n y la inflamaci\u00f3n, tambi\u00e9n pueden contribuir a los cambios en los biomarcadores del Alzheimer.<\/span> <span>(iStock)<\/span><\/p>\n<\/div>\n<\/div>\n<\/div>\n<p>El estudio tuvo algunas limitaciones, anotaron los investigadores.<\/p>\n<p>La muestra del estudio fue relativamente peque\u00f1a y espec\u00edfica, y es posible que no represente a la poblaci\u00f3n general. Adem\u00e1s, la medici\u00f3n del IMC no puede distinguir entre grasa y masa muscular ni reflejar diferencias en la distribuci\u00f3n de la grasa que puedan influir en el riesgo de Alzheimer.<\/p>\n<p>El estudio tambi\u00e9n se basa en datos de observaci\u00f3n, que pueden revelar asociaciones, pero no pueden probar que la obesidad provoque directamente una patolog\u00eda de Alzheimer m\u00e1s r\u00e1pida, anotaron los investigadores.<\/p>\n<p><strong>PRUEBA CON NUESTRO \u00daLTIMO QUIZ DE ESTILO DE VIDA<\/strong><\/p>\n<p>Otros factores de riesgo que a menudo coinciden con la obesidad, como la diabetes, la hipertensi\u00f3n y la inflamaci\u00f3n, tambi\u00e9n pueden contribuir a los cambios en los biomarcadores del Alzheimer. <\/p>\n<p>Esta investigaci\u00f3n inicial despierta la necesidad de realizar estudios m\u00e1s amplios en poblaciones m\u00e1s diversas con seguimientos m\u00e1s prolongados.<\/p>\n<p> <!----> <\/p>\n<div class=\"article-meta\">\n<div class=\"author-bio\">\n<p>Angelica Stabile es reportera de estilo de vida de Fox News Digital.<\/p>\n<\/div>\n<\/div>\n<\/div>\n\n","protected":false},"excerpt":{"rendered":"<p>NUEVO\u00a1Ahora puedes escuchar los art\u00edculos de Fox News! El primer estudio que evalu\u00f3 el v\u00ednculo entre la enfermedad de Alzheimer y el peso corporal encontr\u00f3 una asociaci\u00f3n significativa. Investigadores de la Universidad de Medicina de Washington en St. Louis, Missouri, descubrieron que los biomarcadores sangu\u00edneos del Alzheimer aumentaban un 95% m\u00e1s r\u00e1pido en personas con &hellip;<\/p>\n","protected":false},"author":1,"featured_media":52730,"comment_status":"open","ping_status":"open","sticky":false,"template":"","format":"standard","meta":{"fifu_image_url":"https:\/\/a57.foxnews.com\/static.foxnews.com\/foxnews.com\/content\/uploads\/2025\/12\/1200\/675\/obese-patient-doctor.jpg?ve=1&tl=1","fifu_image_alt":"","footnotes":""},"categories":[8],"tags":[],"class_list":["post-52728","post","type-post","status-publish","format-standard","has-post-thumbnail","","category-salud"],"_links":{"self":[{"href":"https:\/\/noticiasveraces.com\/index.php?rest_route=\/wp\/v2\/posts\/52728","targetHints":{"allow":["GET"]}}],"collection":[{"href":"https:\/\/noticiasveraces.com\/index.php?rest_route=\/wp\/v2\/posts"}],"about":[{"href":"https:\/\/noticiasveraces.com\/index.php?rest_route=\/wp\/v2\/types\/post"}],"author":[{"embeddable":true,"href":"https:\/\/noticiasveraces.com\/index.php?rest_route=\/wp\/v2\/users\/1"}],"replies":[{"embeddable":true,"href":"https:\/\/noticiasveraces.com\/index.php?rest_route=%2Fwp%2Fv2%2Fcomments&post=52728"}],"version-history":[{"count":0,"href":"https:\/\/noticiasveraces.com\/index.php?rest_route=\/wp\/v2\/posts\/52728\/revisions"}],"wp:featuredmedia":[{"embeddable":true,"href":"https:\/\/noticiasveraces.com\/index.php?rest_route=\/wp\/v2\/media\/52730"}],"wp:attachment":[{"href":"https:\/\/noticiasveraces.com\/index.php?rest_route=%2Fwp%2Fv2%2Fmedia&parent=52728"}],"wp:term":[{"taxonomy":"category","embeddable":true,"href":"https:\/\/noticiasveraces.com\/index.php?rest_route=%2Fwp%2Fv2%2Fcategories&post=52728"},{"taxonomy":"post_tag","embeddable":true,"href":"https:\/\/noticiasveraces.com\/index.php?rest_route=%2Fwp%2Fv2%2Ftags&post=52728"}],"curies":[{"name":"wp","href":"https:\/\/api.w.org\/{rel}","templated":true}]}}