{"id":52715,"date":"2025-12-06T02:00:02","date_gmt":"2025-12-06T06:00:02","guid":{"rendered":"https:\/\/noticiasveraces.com\/?p=52715"},"modified":"2025-12-06T02:00:02","modified_gmt":"2025-12-06T06:00:02","slug":"un-error-comun-en-el-color-del-cabello-podria-hacerte-envejecer-decadas","status":"publish","type":"post","link":"https:\/\/noticiasveraces.com\/?p=52715","title":{"rendered":"Un error com\u00fan en el color del cabello podr\u00eda hacerte &#8216;envejecer d\u00e9cadas&#8217;"},"content":{"rendered":"<p> \n<\/p>\n<div>\n<p>Es muy com\u00fan que el cabello se vuelva m\u00e1s fino a medida que envejecemos. Sin embargo, hay un error com\u00fan en el cabello que cometen muchas personas con cabello fino y que podr\u00eda empeorarlo.<\/p>\n<p>Cuando notas que tu cabello se est\u00e1 debilitando, es tentador intentar esconderlo detr\u00e1s de colores oscuros o de alto contraste. Aunque creas que te est\u00e1s escondiendo, podr\u00edas estar empeorando el problema 10 veces. El experto en p\u00e9rdida de cabello, Melik Ya\u011fmur, de la cl\u00ednica de trasplante de cabello Now Hair Time, dice que los colores m\u00e1s oscuros har\u00e1n que las partes del cabello se vean m\u00e1s anchas y el cuero cabelludo m\u00e1s visible. La gente suele optar por estos tonos m\u00e1s oscuros con la esperanza de crear una ilusi\u00f3n de profundidad en su cabello, pero en realidad puede tener el efecto contrario. <\/p>\n<\/div>\n<div>\n<p>Dijo: \u201cUn fuerte contraste entre el cabello y el cuero cabelludo puede hacer que las \u00e1reas finas parezcan a\u00fan m\u00e1s escasas, especialmente alrededor de la raya, envejeciendo d\u00e9cadas.<\/p>\n<p>\u201cOptar por tonos ligeramente m\u00e1s claros o m\u00e1s c\u00e1lidos suaviza ese contraste y crea la ilusi\u00f3n de un cabello m\u00e1s abundante y saludable.<\/p>\n<p>\u00abLos colores multitonales, las luces bajas y los reflejos suaves pueden marcar una enorme diferencia sin cambiar dr\u00e1sticamente el aspecto general\u00bb.<\/p>\n<\/div>\n<div>\n<p>Si te encuentras con cabello ralo, una de las mejores cosas que puedes hacer es pedirle a tu peluquero que aclare el color natural de tu cabello a la mitad o a un solo tono. Esto ayudar\u00e1 a suavizar las l\u00edneas marcadas en el cuero cabelludo. <\/p>\n<p>Los tonos c\u00e1lidos y mezclados reflejar\u00e1n la luz, creando la impresi\u00f3n de un cabello m\u00e1s abundante. En general, Melik dijo que es mejor utilizar un color multidimensional en lugar de un color plano.<\/p>\n<p>Debes evitar los tintes densos y opacos, ya que pueden hacer que tu cabello luzca plano y fibroso, y el tinte en caja es especialmente malo para esto. <\/p>\n<p>En lugar de optar por un tono, p\u00eddele a tu peluquero que coloque mechas estrat\u00e9gicamente alrededor de tu rostro. Esto funcionar\u00e1 para llamar la atenci\u00f3n hacia tu rostro y alejarla de las \u00e1reas m\u00e1s escasas de cabello hacia la parte superior de tu cabeza. <\/p>\n<\/div>\n\n","protected":false},"excerpt":{"rendered":"<p>Es muy com\u00fan que el cabello se vuelva m\u00e1s fino a medida que envejecemos. Sin embargo, hay un error com\u00fan en el cabello que cometen muchas personas con cabello fino y que podr\u00eda empeorarlo. Cuando notas que tu cabello se est\u00e1 debilitando, es tentador intentar esconderlo detr\u00e1s de colores oscuros o de alto contraste. Aunque &hellip;<\/p>\n","protected":false},"author":1,"featured_media":52716,"comment_status":"open","ping_status":"open","sticky":false,"template":"","format":"standard","meta":{"fifu_image_url":"https:\/\/cdn.images.express.co.uk\/img\/dynamic\/12\/1200x630\/6593297.jpg","fifu_image_alt":"","footnotes":""},"categories":[10],"tags":[],"class_list":["post-52715","post","type-post","status-publish","format-standard","has-post-thumbnail","","category-moda"],"_links":{"self":[{"href":"https:\/\/noticiasveraces.com\/index.php?rest_route=\/wp\/v2\/posts\/52715","targetHints":{"allow":["GET"]}}],"collection":[{"href":"https:\/\/noticiasveraces.com\/index.php?rest_route=\/wp\/v2\/posts"}],"about":[{"href":"https:\/\/noticiasveraces.com\/index.php?rest_route=\/wp\/v2\/types\/post"}],"author":[{"embeddable":true,"href":"https:\/\/noticiasveraces.com\/index.php?rest_route=\/wp\/v2\/users\/1"}],"replies":[{"embeddable":true,"href":"https:\/\/noticiasveraces.com\/index.php?rest_route=%2Fwp%2Fv2%2Fcomments&post=52715"}],"version-history":[{"count":0,"href":"https:\/\/noticiasveraces.com\/index.php?rest_route=\/wp\/v2\/posts\/52715\/revisions"}],"wp:featuredmedia":[{"embeddable":true,"href":"https:\/\/noticiasveraces.com\/index.php?rest_route=\/wp\/v2\/media\/52716"}],"wp:attachment":[{"href":"https:\/\/noticiasveraces.com\/index.php?rest_route=%2Fwp%2Fv2%2Fmedia&parent=52715"}],"wp:term":[{"taxonomy":"category","embeddable":true,"href":"https:\/\/noticiasveraces.com\/index.php?rest_route=%2Fwp%2Fv2%2Fcategories&post=52715"},{"taxonomy":"post_tag","embeddable":true,"href":"https:\/\/noticiasveraces.com\/index.php?rest_route=%2Fwp%2Fv2%2Ftags&post=52715"}],"curies":[{"name":"wp","href":"https:\/\/api.w.org\/{rel}","templated":true}]}}