{"id":52693,"date":"2025-12-05T21:11:15","date_gmt":"2025-12-06T01:11:15","guid":{"rendered":"https:\/\/noticiasveraces.com\/?p=52693"},"modified":"2025-12-05T21:11:15","modified_gmt":"2025-12-06T01:11:15","slug":"la-comunidad-de-madrid-niega-malas-practicas-en-el-hospital-de-torrejon-y-atribuye-el-escandalo-a-rencillas-internas-sociedad","status":"publish","type":"post","link":"https:\/\/noticiasveraces.com\/?p=52693","title":{"rendered":"La Comunidad de Madrid niega malas pr\u00e1cticas en el hospital de Torrej\u00f3n y atribuye el esc\u00e1ndalo a \u201crencillas internas\u201d | Sociedad"},"content":{"rendered":"<p> \n<\/p>\n<div data-dtm-region=\"articulo_cuerpo\">\n<p class=\"\">La Consejer\u00eda de Sanidad de la Comunidad de Madrid afirma que el resultado de la inspecci\u00f3n abierta en el hospital de Torrej\u00f3n es que todo funciona perfectamente. \u201cPor los datos que constan en la Consejer\u00eda nunca hubo sospecha de malas pr\u00e1cticas\u201d, asegura.<\/p>\n<p class=\"\">Tras las malas pr\u00e1cticas reveladas por EL PA\u00cdS con los audios del consejero delegado de Ribera Salud, la Sanidad madrile\u00f1a hab\u00eda enviado un equipo multidisciplinar al centro para realizar unas pesquisas, que han determinado que \u201cnunca se ha recibido queja\u201d y que \u201clos datos de listas de espera son inmejorables, muy por debajo de la espera en la Comunidad de Madrid\u201d. <\/p>\n<p class=\"\">Para la Consejer\u00eda, hay una explicaci\u00f3n clara de lo sucedido: \u201cRencillas internas no pueden poner en duda la calidad de la Sanidad de la Comunidad de Madrid\u201d.<\/p>\n<p class=\"\">Adem\u00e1s, se asegura que en el hospital \u201chan ampliado plantilla\u201d y actividad. \u201cNo obstante, sigue la inspecci\u00f3n\u201d, asegura Sanidad en una nota enviada a los medios. \u201cCon respecto a la reutilizaci\u00f3n de material\u201d, en referencia a la informaci\u00f3n adelantada este viernes por este peri\u00f3dico, la Comunidad ha enviado un comunicado a \u00faltima hora de la tarde de este viernes para asegurar que \u201cno existe evidencia que indique reutilizaci\u00f3n de productos sanitarios de un solo uso\u201d.<\/p>\n<p class=\"\">La conclusi\u00f3n llega, explican, tras la inspecci\u00f3n de un equipo de t\u00e9cnicos de la Direcci\u00f3n, que se han desplazado al centro \u201cpara con el fin de verificar de manera objetiva los registros de la central de esterilizaci\u00f3n, el material almacenado en la unidad de cardiolog\u00eda-hemodin\u00e1mica, y los residuos y zonas de almacenamiento\u201d, adem\u00e1s de reunirse \u201ccon los responsables de Medicina Preventiva, Cardiolog\u00eda-Hemodin\u00e1mica y Esterilizaci\u00f3n\u201d.<\/p>\n<p class=\"\">La Consejer\u00eda de Sanidad de la Comunidad de Madrid convoc\u00f3 de urgencia el mi\u00e9rcoles a la c\u00fapula directiva del hospital de Torrej\u00f3n y se comprometi\u00f3 a adoptar \u201ctodas las actuaciones y controles que pudieran corresponder\u201d.<\/p>\n<p class=\"\">El departamento que dirige F\u00e1tima Matute traslad\u00f3 esta informaci\u00f3n tras publicar el diario EL PA\u00cdS un audio de la intervenci\u00f3n del CEO del grupo sanitario Ribera, Pablo Gallart, en una reuni\u00f3n con una veintena de mandos del grupo y del hospital celebrada el 25 de septiembre en la que pidi\u00f3 alargar las listas de espera para aumentar los beneficios de la compa\u00f1\u00eda. A pesar de ello, desde la consejer\u00eda dicen no haber detectado \u201cning\u00fan incumplimiento\u201d de las obligaciones de la empresa que gestiona ese centro hospitalario.<\/p>\n<\/div>\n\n","protected":false},"excerpt":{"rendered":"<p>La Consejer\u00eda de Sanidad de la Comunidad de Madrid afirma que el resultado de la inspecci\u00f3n abierta en el hospital de Torrej\u00f3n es que todo funciona perfectamente. \u201cPor los datos que constan en la Consejer\u00eda nunca hubo sospecha de malas pr\u00e1cticas\u201d, asegura. Tras las malas pr\u00e1cticas reveladas por EL PA\u00cdS con los audios del consejero &hellip;<\/p>\n","protected":false},"author":1,"featured_media":52694,"comment_status":"open","ping_status":"open","sticky":false,"template":"","format":"standard","meta":{"fifu_image_url":"https:\/\/imagenes.elpais.com\/resizer\/v2\/WKMHYUSKPBDUXIIQV446KTWVKA.jpg?auth=fba7340c34f61aa07add37c74c050234e7af5d8794bdb029eb4c5128887e30c6&width=1200","fifu_image_alt":"","footnotes":""},"categories":[11],"tags":[],"class_list":["post-52693","post","type-post","status-publish","format-standard","has-post-thumbnail","","category-viaje"],"_links":{"self":[{"href":"https:\/\/noticiasveraces.com\/index.php?rest_route=\/wp\/v2\/posts\/52693","targetHints":{"allow":["GET"]}}],"collection":[{"href":"https:\/\/noticiasveraces.com\/index.php?rest_route=\/wp\/v2\/posts"}],"about":[{"href":"https:\/\/noticiasveraces.com\/index.php?rest_route=\/wp\/v2\/types\/post"}],"author":[{"embeddable":true,"href":"https:\/\/noticiasveraces.com\/index.php?rest_route=\/wp\/v2\/users\/1"}],"replies":[{"embeddable":true,"href":"https:\/\/noticiasveraces.com\/index.php?rest_route=%2Fwp%2Fv2%2Fcomments&post=52693"}],"version-history":[{"count":0,"href":"https:\/\/noticiasveraces.com\/index.php?rest_route=\/wp\/v2\/posts\/52693\/revisions"}],"wp:featuredmedia":[{"embeddable":true,"href":"https:\/\/noticiasveraces.com\/index.php?rest_route=\/wp\/v2\/media\/52694"}],"wp:attachment":[{"href":"https:\/\/noticiasveraces.com\/index.php?rest_route=%2Fwp%2Fv2%2Fmedia&parent=52693"}],"wp:term":[{"taxonomy":"category","embeddable":true,"href":"https:\/\/noticiasveraces.com\/index.php?rest_route=%2Fwp%2Fv2%2Fcategories&post=52693"},{"taxonomy":"post_tag","embeddable":true,"href":"https:\/\/noticiasveraces.com\/index.php?rest_route=%2Fwp%2Fv2%2Ftags&post=52693"}],"curies":[{"name":"wp","href":"https:\/\/api.w.org\/{rel}","templated":true}]}}