{"id":52673,"date":"2025-12-05T18:38:23","date_gmt":"2025-12-05T22:38:23","guid":{"rendered":"https:\/\/noticiasveraces.com\/?p=52673"},"modified":"2025-12-05T18:38:23","modified_gmt":"2025-12-05T22:38:23","slug":"laser-anuncio-una-nueva-ruta-entre-venezuela-y-espana-con-escala-en-colombia","status":"publish","type":"post","link":"https:\/\/noticiasveraces.com\/?p=52673","title":{"rendered":"Laser anunci\u00f3 una nueva ruta entre Venezuela y Espa\u00f1a con escala en Colombia"},"content":{"rendered":"<p> \n<\/p>\n<div>\n<p><strong>La aerol\u00ednea Laser<\/strong> anunci\u00f3 el viernes 5 de diciembre una nueva ruta entre Venezuela y Espa\u00f1a, con escala en la ciudad\u00a0 de Cartagena de Indias (Colombia). <\/p>\n<div class=\"ruby-table-contents rbtoc table-fw\">\n<ul class=\"toc-content h5\">\n<li>Cancelaci\u00f3n de vuelos de Laser<\/li>\n<li> Alternativas de agencias de viajes <\/li>\n<\/ul>\n<\/div>\n<p>Los vuelos empezar\u00e1n a operar desde el 10 de diciembre, como una alternativa tras las cancelaciones de vuelos internacionales en Venezuela.<\/p>\n<p>\u201cDebido a la imposibilidad operativa de mantener los vuelos directos entre Espa\u00f1a y Venezuela, hemos dise\u00f1ado una alternativa de conexi\u00f3n a trav\u00e9s del aeropuerto de Cartagena a partir del pr\u00f3ximo mi\u00e9rcoles 10 de diciembre\u201d, indic\u00f3 la aerol\u00ednea en un comunicado publicado en su cuenta de Instagram. <\/p>\n<p>La aerol\u00ednea detall\u00f3 que se llevar\u00e1 a cabo con una <strong>\u201calianza interlineal\u201d<\/strong> con la compa\u00f1\u00eda <strong>M\u00e1s Ultra<\/strong>. Explic\u00f3 que los pasajeros con reservas a partir del 10 de diciembre ser\u00e1n contactados por la empresa de viajes para ofrecerles mayor informaci\u00f3n. <\/p>\n<figure class=\"wp-block-image size-large\"><img fetchpriority=\"high\" width=\"1200\" height=\"800\" alt=\"Laser anunci\u00f3 una nueva ruta entre Venezuela y Espa\u00f1a con escala en Colombia\" sizes=\"(max-width: 1200px) 100vw, 1200px\" srcset=\"https:\/\/eldiario.com\/nitropack_static\/DWpklAePbJBFiBKvuTtiGMLbtJlHUqWt\/assets\/images\/optimized\/rev-a8dec8a\/eldiario.com\/wp-content\/uploads\/2025\/12\/Diseno-sin-titulo-2025-12-05T190147.159-1200x800.jpg 1200w, https:\/\/eldiario.com\/nitropack_static\/DWpklAePbJBFiBKvuTtiGMLbtJlHUqWt\/assets\/images\/optimized\/rev-a8dec8a\/eldiario.com\/wp-content\/uploads\/2025\/12\/Diseno-sin-titulo-2025-12-05T190147.159-300x200.jpg 300w, https:\/\/eldiario.com\/nitropack_static\/DWpklAePbJBFiBKvuTtiGMLbtJlHUqWt\/assets\/images\/optimized\/rev-a8dec8a\/eldiario.com\/wp-content\/uploads\/2025\/12\/Diseno-sin-titulo-2025-12-05T190147.159-768x512.jpg 768w, https:\/\/eldiario.com\/nitropack_static\/DWpklAePbJBFiBKvuTtiGMLbtJlHUqWt\/assets\/images\/optimized\/rev-a8dec8a\/eldiario.com\/wp-content\/uploads\/2025\/12\/Diseno-sin-titulo-2025-12-05T190147.159-1536x1024.jpg 1536w, https:\/\/eldiario.com\/nitropack_static\/DWpklAePbJBFiBKvuTtiGMLbtJlHUqWt\/assets\/images\/optimized\/rev-a8dec8a\/eldiario.com\/wp-content\/uploads\/2025\/12\/Diseno-sin-titulo-2025-12-05T190147.159-330x220.jpg 330w, https:\/\/eldiario.com\/nitropack_static\/DWpklAePbJBFiBKvuTtiGMLbtJlHUqWt\/assets\/images\/optimized\/rev-a8dec8a\/eldiario.com\/wp-content\/uploads\/2025\/12\/Diseno-sin-titulo-2025-12-05T190147.159-420x280.jpg 420w, https:\/\/eldiario.com\/nitropack_static\/DWpklAePbJBFiBKvuTtiGMLbtJlHUqWt\/assets\/images\/optimized\/rev-a8dec8a\/eldiario.com\/wp-content\/uploads\/2025\/12\/Diseno-sin-titulo-2025-12-05T190147.159-615x410.jpg 615w, https:\/\/eldiario.com\/nitropack_static\/DWpklAePbJBFiBKvuTtiGMLbtJlHUqWt\/assets\/images\/optimized\/rev-a8dec8a\/eldiario.com\/wp-content\/uploads\/2025\/12\/Diseno-sin-titulo-2025-12-05T190147.159-860x574.jpg 860w, https:\/\/eldiario.com\/nitropack_static\/DWpklAePbJBFiBKvuTtiGMLbtJlHUqWt\/assets\/images\/optimized\/rev-a8dec8a\/eldiario.com\/wp-content\/uploads\/2025\/12\/Diseno-sin-titulo-2025-12-05T190147.159-150x100.jpg 150w, https:\/\/eldiario.com\/nitropack_static\/DWpklAePbJBFiBKvuTtiGMLbtJlHUqWt\/assets\/images\/optimized\/rev-a8dec8a\/eldiario.com\/wp-content\/uploads\/2025\/12\/Diseno-sin-titulo-2025-12-05T190147.159.jpg 1600w\" src=\"https:\/\/eldiario.com\/nitropack_static\/DWpklAePbJBFiBKvuTtiGMLbtJlHUqWt\/assets\/images\/optimized\/rev-a8dec8a\/eldiario.com\/wp-content\/uploads\/2025\/12\/Diseno-sin-titulo-2025-12-05T190147.159-1200x800.jpg\" class=\"wp-image-831419 nitro-lazy\" decoding=\"async\" nitro-lazy-empty=\"\" id=\"ODEwOjE0NTY=-1\"\/><\/figure>\n<h2 id=\"cancelacion-de-vuelos-de-laser\" class=\"rb-heading-index-0-831404 wp-block-heading\"><strong>Cancelaci\u00f3n de vuelos de Laser<\/strong><\/h2>\n<p>La nueva medida de Laser se da un d\u00eda despu\u00e9s de anunciar la suspensi\u00f3n de vuelos entre <strong>Venezuela y Espa\u00f1a<\/strong>en cumplimiento a los NOTAM B9272\/25 y B9273\/25, emitidos\u00a0 por la Autoridad Espa\u00f1ola de Seguridad A\u00e9rea (AESA), el 4 de diciembre. <\/p>\n<p>Los vuelos afectados fueron el QL2920 y el QL2921 en la ruta<strong> Caracas-Madrid-Caracas<\/strong>programados para el 5 y 8 de diciembre de 2025.<\/p>\n<p>En un comunicado, la compa\u00f1\u00eda indic\u00f3 que quienes ten\u00edan pasaje para esas fechas pod\u00edan reprogramar el viaje, cambiar la ruta, vigencia del boleto o generar una nota de cr\u00e9dito v\u00e1lida por 1 a\u00f1o.  <\/p>\n<p>Esta suspensi\u00f3n se sum\u00f3 a la de las empresas <strong>Copa Airlines, Wingo y Satena, <\/strong>quienes el 4 de diciembre informaron que la cancelaci\u00f3n temporal de sus vuelos en Venezuela se deb\u00eda a reportes de intermitencia en el sistema de navegaci\u00f3n satelital.<\/p>\n<h2 id=\"nbspalternativas-de-agencias-de-viajesnbsp\" class=\"rb-heading-index-1-831404 wp-block-heading\"> <strong>Alternativas de agencias de viajes <\/strong><\/h2>\n<p>En medio de la crisis de vuelos, varias agencias de viajes como Turaser y Viajes Humboldt Plus, han anunciado en sus redes sociales la alternativa de <strong>paquetes de traslados<\/strong> hasta la frontera con Colombia. <\/p>\n<figure class=\"wp-block-image size-large\"><picture loading=\"lazy\" decoding=\"async\" class=\"wp-image-808160\"><source type=\"image\/webp\" sizes=\"(max-width: 1200px) 100vw, 1200px\" nitro-lazy-srcset=\"https:\/\/eldiario.com\/nitropack_static\/DWpklAePbJBFiBKvuTtiGMLbtJlHUqWt\/assets\/images\/optimized\/rev-a8dec8a\/eldiario.com\/wp-content\/uploads\/2025\/08\/WhatsApp-Image-2025-08-05-at-10.31.20-AM-1200x729.jpeg.webp 1200w, https:\/\/eldiario.com\/nitropack_static\/DWpklAePbJBFiBKvuTtiGMLbtJlHUqWt\/assets\/images\/optimized\/rev-a8dec8a\/eldiario.com\/wp-content\/uploads\/2025\/08\/WhatsApp-Image-2025-08-05-at-10.31.20-AM-300x182.jpeg.webp 300w, https:\/\/eldiario.com\/nitropack_static\/DWpklAePbJBFiBKvuTtiGMLbtJlHUqWt\/assets\/images\/optimized\/rev-a8dec8a\/eldiario.com\/wp-content\/uploads\/2025\/08\/WhatsApp-Image-2025-08-05-at-10.31.20-AM-768x467.jpeg.webp 768w, https:\/\/eldiario.com\/nitropack_static\/DWpklAePbJBFiBKvuTtiGMLbtJlHUqWt\/assets\/images\/optimized\/rev-a8dec8a\/eldiario.com\/wp-content\/uploads\/2025\/08\/WhatsApp-Image-2025-08-05-at-10.31.20-AM-1536x933.jpeg.webp 1536w, https:\/\/eldiario.com\/nitropack_static\/DWpklAePbJBFiBKvuTtiGMLbtJlHUqWt\/assets\/images\/optimized\/rev-a8dec8a\/eldiario.com\/wp-content\/uploads\/2025\/08\/WhatsApp-Image-2025-08-05-at-10.31.20-AM-860x522.jpeg.webp 860w, https:\/\/eldiario.com\/nitropack_static\/DWpklAePbJBFiBKvuTtiGMLbtJlHUqWt\/assets\/images\/optimized\/rev-a8dec8a\/eldiario.com\/wp-content\/uploads\/2025\/08\/WhatsApp-Image-2025-08-05-at-10.31.20-AM-150x91.jpeg.webp 150w, https:\/\/eldiario.com\/nitropack_static\/DWpklAePbJBFiBKvuTtiGMLbtJlHUqWt\/assets\/images\/optimized\/rev-a8dec8a\/eldiario.com\/wp-content\/uploads\/2025\/08\/WhatsApp-Image-2025-08-05-at-10.31.20-AM.jpeg.webp 1600w\" nitro-lazy-empty=\"\" id=\"ODQzOjg2NA==-1\" srcset=\"data:image\/svg+xml;nitro-empty-id=ODQzOjg2NA==-1;base64,PHN2ZyB2aWV3Qm94PSIwIDAgMTIwMCA3MjkiIHdpZHRoPSIxMjAwIiBoZWlnaHQ9IjcyOSIgeG1sbnM9Imh0dHA6Ly93d3cudzMub3JnLzIwMDAvc3ZnIj48L3N2Zz4=\"\/><img loading=\"lazy\" width=\"1200\" height=\"729\" alt=\"Aeropuerto de Coro reactiv\u00f3 sus vuelos comerciales con una ruta hacia Caracas \" sizes=\"auto, (max-width: 1200px) 100vw, 1200px\" srcset=\"https:\/\/eldiario.com\/nitropack_static\/DWpklAePbJBFiBKvuTtiGMLbtJlHUqWt\/assets\/images\/optimized\/rev-a8dec8a\/eldiario.com\/wp-content\/uploads\/2025\/08\/WhatsApp-Image-2025-08-05-at-10.31.20-AM-1200x729.jpeg 1200w, https:\/\/eldiario.com\/nitropack_static\/DWpklAePbJBFiBKvuTtiGMLbtJlHUqWt\/assets\/images\/optimized\/rev-a8dec8a\/eldiario.com\/wp-content\/uploads\/2025\/08\/WhatsApp-Image-2025-08-05-at-10.31.20-AM-300x182.jpeg 300w, https:\/\/eldiario.com\/nitropack_static\/DWpklAePbJBFiBKvuTtiGMLbtJlHUqWt\/assets\/images\/optimized\/rev-a8dec8a\/eldiario.com\/wp-content\/uploads\/2025\/08\/WhatsApp-Image-2025-08-05-at-10.31.20-AM-768x467.jpeg 768w, https:\/\/eldiario.com\/nitropack_static\/DWpklAePbJBFiBKvuTtiGMLbtJlHUqWt\/assets\/images\/optimized\/rev-a8dec8a\/eldiario.com\/wp-content\/uploads\/2025\/08\/WhatsApp-Image-2025-08-05-at-10.31.20-AM-1536x933.jpeg 1536w, https:\/\/eldiario.com\/nitropack_static\/DWpklAePbJBFiBKvuTtiGMLbtJlHUqWt\/assets\/images\/optimized\/rev-a8dec8a\/eldiario.com\/wp-content\/uploads\/2025\/08\/WhatsApp-Image-2025-08-05-at-10.31.20-AM-860x522.jpeg 860w, https:\/\/eldiario.com\/nitropack_static\/DWpklAePbJBFiBKvuTtiGMLbtJlHUqWt\/assets\/images\/optimized\/rev-a8dec8a\/eldiario.com\/wp-content\/uploads\/2025\/08\/WhatsApp-Image-2025-08-05-at-10.31.20-AM-150x91.jpeg 150w, https:\/\/eldiario.com\/nitropack_static\/DWpklAePbJBFiBKvuTtiGMLbtJlHUqWt\/assets\/images\/optimized\/rev-a8dec8a\/eldiario.com\/wp-content\/uploads\/2025\/08\/WhatsApp-Image-2025-08-05-at-10.31.20-AM.jpeg 1600w\" src=\"https:\/\/eldiario.com\/nitropack_static\/DWpklAePbJBFiBKvuTtiGMLbtJlHUqWt\/assets\/images\/optimized\/rev-a8dec8a\/eldiario.com\/wp-content\/uploads\/2025\/08\/WhatsApp-Image-2025-08-05-at-10.31.20-AM-1200x729.jpeg\" class=\"nitro-lazy\" decoding=\"async\" nitro-lazy-empty=\"\" id=\"ODQ0OjEwNjI=-1\"\/> <\/picture><figcaption class=\"wp-element-caption\">Aviones de Estelar y Rutaca en Maiquet\u00eda | Foto: El Diario<\/figcaption><\/figure>\n<p>Este servicio ser\u00eda desde y hacia los aeropuertos de<strong> San Antonio o San Cristoba (T\u00e1chira)<\/strong>dependiendo de la compa\u00f1\u00eda en el que se adquiera el servicio, desde y hasta el aeropuerto de C\u00facuta. <\/p>\n<p>Las empresas ofrecen traslado en veh\u00edculos ejecutivos, acompa\u00f1amiento para cruzar la frontera, asesor\u00eda para el sellado del pasaporte en <strong>Migraci\u00f3n Colombia <\/strong>y gu\u00eda para el cambio de divisas.<\/p>\n<\/p><\/div>\n<p><script async src=\"\/\/www.instagram.com\/embed.js\"><\/script><br \/>\n<br \/>\n","protected":false},"excerpt":{"rendered":"<p>La aerol\u00ednea Laser anunci\u00f3 el viernes 5 de diciembre una nueva ruta entre Venezuela y Espa\u00f1a, con escala en la ciudad\u00a0 de Cartagena de Indias (Colombia). Cancelaci\u00f3n de vuelos de Laser Alternativas de agencias de viajes Los vuelos empezar\u00e1n a operar desde el 10 de diciembre, como una alternativa tras las cancelaciones de vuelos internacionales &hellip;<\/p>\n","protected":false},"author":1,"featured_media":52675,"comment_status":"open","ping_status":"open","sticky":false,"template":"","format":"standard","meta":{"fifu_image_url":"https:\/\/eldiario.com\/wp-content\/uploads\/2020\/12\/Laser-Airlines.jpg","fifu_image_alt":"","footnotes":""},"categories":[13],"tags":[],"class_list":["post-52673","post","type-post","status-publish","format-standard","has-post-thumbnail","","category-mundo"],"_links":{"self":[{"href":"https:\/\/noticiasveraces.com\/index.php?rest_route=\/wp\/v2\/posts\/52673","targetHints":{"allow":["GET"]}}],"collection":[{"href":"https:\/\/noticiasveraces.com\/index.php?rest_route=\/wp\/v2\/posts"}],"about":[{"href":"https:\/\/noticiasveraces.com\/index.php?rest_route=\/wp\/v2\/types\/post"}],"author":[{"embeddable":true,"href":"https:\/\/noticiasveraces.com\/index.php?rest_route=\/wp\/v2\/users\/1"}],"replies":[{"embeddable":true,"href":"https:\/\/noticiasveraces.com\/index.php?rest_route=%2Fwp%2Fv2%2Fcomments&post=52673"}],"version-history":[{"count":0,"href":"https:\/\/noticiasveraces.com\/index.php?rest_route=\/wp\/v2\/posts\/52673\/revisions"}],"wp:featuredmedia":[{"embeddable":true,"href":"https:\/\/noticiasveraces.com\/index.php?rest_route=\/wp\/v2\/media\/52675"}],"wp:attachment":[{"href":"https:\/\/noticiasveraces.com\/index.php?rest_route=%2Fwp%2Fv2%2Fmedia&parent=52673"}],"wp:term":[{"taxonomy":"category","embeddable":true,"href":"https:\/\/noticiasveraces.com\/index.php?rest_route=%2Fwp%2Fv2%2Fcategories&post=52673"},{"taxonomy":"post_tag","embeddable":true,"href":"https:\/\/noticiasveraces.com\/index.php?rest_route=%2Fwp%2Fv2%2Ftags&post=52673"}],"curies":[{"name":"wp","href":"https:\/\/api.w.org\/{rel}","templated":true}]}}