{"id":52671,"date":"2025-12-05T17:59:27","date_gmt":"2025-12-05T21:59:27","guid":{"rendered":"https:\/\/noticiasveraces.com\/?p=52671"},"modified":"2025-12-05T17:59:27","modified_gmt":"2025-12-05T21:59:27","slug":"carole-middleton-llama-la-atencion-mientras-asiste-al-concierto-de-villancicos-de-la-princesa-kate-real-noticias","status":"publish","type":"post","link":"https:\/\/noticiasveraces.com\/?p=52671","title":{"rendered":"Carole Middleton llama la atenci\u00f3n mientras asiste al concierto de villancicos de la princesa Kate | Real | Noticias"},"content":{"rendered":"<p> \n<\/p>\n<div>\n<p>Carole Middleton fue fotografiada saliendo de la Abad\u00eda de Westminster con un conjunto glamoroso mientras disfrutaba de una noche de celebraci\u00f3n festiva en apoyo de su hija, la Princesa de Gales, en su servicio anual de villancicos. Ahora en su quinto a\u00f1o, el evento se ha convertido en uno de los momentos m\u00e1s esperados del calendario festivo real. <\/p>\n<p>La presencia de la mujer de 70 a\u00f1os tiene un significado particular dado su papel de larga data en la vida de Catalina, especialmente ahora que la princesa ha asumido m\u00e1s responsabilidades reales. Vestida con un elegante traje de invierno, Carole se mezcl\u00f3 sin esfuerzo con la lista de invitados de alto perfil cuando se la vio salir por las puertas de la Abad\u00eda. Su hijo, James Middleton, tambi\u00e9n fue visto en el evento, junto a su esposa, Aliz\u00e9e.<\/p>\n<p>La iglesia fue transformada para la ocasi\u00f3n, con \u00e1rboles del bosque flanqueando la entrada y coronas de flores expuestas a lo largo de la nave. <\/p>\n<\/div>\n<div>\n<p>Cientos de invitados, entre ellos voluntarios comunitarios, trabajadores ben\u00e9ficos y j\u00f3venes triunfadores, llegaron para tomar asiento antes de la grabaci\u00f3n televisada.<\/p>\n<p data-mce-linkchecker-status=\"valid\">Las actuaciones de Katie Melua, Fisherman&#8217;s Friends y Griff formaron parte del programa de la velada, junto con lecturas de Kate Winslet, Chiwetel Ejiofor y Joe Locke.<\/p>\n<p>El Pr\u00edncipe William tambi\u00e9n estuvo presente y fue fotografiado junto a los tres hijos de la pareja: el Pr\u00edncipe George, la Princesa Charlotte y el Pr\u00edncipe Louis.<\/p>\n<p>El servicio, grabado para el programa de Nochebuena de ITV, celebra el esp\u00edritu comunitario y las contribuciones de personas de todo el pa\u00eds. La Abad\u00eda se llen\u00f3 de m\u00fasica, iluminaci\u00f3n c\u00e1lida y decoraci\u00f3n festiva mientras se realizaban ensayos a lo largo de la tarde.<\/p>\n<\/div>\n<div>\n<p>La aparici\u00f3n de Carole subray\u00f3 a\u00fan m\u00e1s la continua participaci\u00f3n de la familia Middleton en momentos clave de la vida p\u00fablica de Catherine.<\/p>\n<p>El servicio de este a\u00f1o tambi\u00e9n coincide con 15 eventos de villancicos adicionales que se llevar\u00e1n a cabo en todo el Reino Unido sobre el mismo tema de uni\u00f3n.<\/p>\n<p>El evento contin\u00faa creciendo en escala cada a\u00f1o, solidificando la reputaci\u00f3n de Catherine de defender el trabajo comunitario a trav\u00e9s de iniciativas accesibles y de alto perfil.<\/p>\n<p><strong><em>El servicio de la Abad\u00eda de Westminster se transmitir\u00e1 por ITV1 e ITVX en Nochebuena y nuevamente el d\u00eda de Navidad.<\/em><\/strong><\/p>\n<\/div>\n\n","protected":false},"excerpt":{"rendered":"<p>Carole Middleton fue fotografiada saliendo de la Abad\u00eda de Westminster con un conjunto glamoroso mientras disfrutaba de una noche de celebraci\u00f3n festiva en apoyo de su hija, la Princesa de Gales, en su servicio anual de villancicos. Ahora en su quinto a\u00f1o, el evento se ha convertido en uno de los momentos m\u00e1s esperados del &hellip;<\/p>\n","protected":false},"author":1,"featured_media":52672,"comment_status":"open","ping_status":"open","sticky":false,"template":"","format":"standard","meta":{"fifu_image_url":"https:\/\/cdn.images.express.co.uk\/img\/dynamic\/106\/1200x630\/6596717.jpg","fifu_image_alt":"","footnotes":""},"categories":[10],"tags":[],"class_list":["post-52671","post","type-post","status-publish","format-standard","has-post-thumbnail","","category-moda"],"_links":{"self":[{"href":"https:\/\/noticiasveraces.com\/index.php?rest_route=\/wp\/v2\/posts\/52671","targetHints":{"allow":["GET"]}}],"collection":[{"href":"https:\/\/noticiasveraces.com\/index.php?rest_route=\/wp\/v2\/posts"}],"about":[{"href":"https:\/\/noticiasveraces.com\/index.php?rest_route=\/wp\/v2\/types\/post"}],"author":[{"embeddable":true,"href":"https:\/\/noticiasveraces.com\/index.php?rest_route=\/wp\/v2\/users\/1"}],"replies":[{"embeddable":true,"href":"https:\/\/noticiasveraces.com\/index.php?rest_route=%2Fwp%2Fv2%2Fcomments&post=52671"}],"version-history":[{"count":0,"href":"https:\/\/noticiasveraces.com\/index.php?rest_route=\/wp\/v2\/posts\/52671\/revisions"}],"wp:featuredmedia":[{"embeddable":true,"href":"https:\/\/noticiasveraces.com\/index.php?rest_route=\/wp\/v2\/media\/52672"}],"wp:attachment":[{"href":"https:\/\/noticiasveraces.com\/index.php?rest_route=%2Fwp%2Fv2%2Fmedia&parent=52671"}],"wp:term":[{"taxonomy":"category","embeddable":true,"href":"https:\/\/noticiasveraces.com\/index.php?rest_route=%2Fwp%2Fv2%2Fcategories&post=52671"},{"taxonomy":"post_tag","embeddable":true,"href":"https:\/\/noticiasveraces.com\/index.php?rest_route=%2Fwp%2Fv2%2Ftags&post=52671"}],"curies":[{"name":"wp","href":"https:\/\/api.w.org\/{rel}","templated":true}]}}