{"id":52668,"date":"2025-12-05T17:37:04","date_gmt":"2025-12-05T21:37:04","guid":{"rendered":"https:\/\/noticiasveraces.com\/?p=52668"},"modified":"2025-12-05T17:37:04","modified_gmt":"2025-12-05T21:37:04","slug":"condenan-a-mas-de-3-anos-de-prision-a-aida-merlano","status":"publish","type":"post","link":"https:\/\/noticiasveraces.com\/?p=52668","title":{"rendered":"Condenan a m\u00e1s de 3 a\u00f1os de prisi\u00f3n a A\u00edda Merlano"},"content":{"rendered":"<p> \n<\/p>\n<div>\n<article>\n<div class=\"image-featured\">\n<img src=\"data:image\/png;base64,iVBORw0KGgoAAAANSUhEUgAABLAAAAMgAQAAAAAbm6avAAAAAnRSTlMAAHaTzTgAAACMSURBVHja7cExAQAAAMKg9U9tB2+gAAAAAAAAAAAAAAAAAAAAAAAAAAAAAAAAAAAAAAAAAAAAAAAAAAAAAAAAAAAAAAAAAAAAAAAAAAAAAAAAAAAAAAAAAAAAAAAAAAAAAAAAAAAAAAAAAAAAAAAAAAAAAAAAAAAAAAAAAAAAAAAAAAAAAAAAAAAAPgPX7wABGnGBnwAAAABJRU5ErkJggg==\" alt=\"VENEZUELA-COLOMBIA-POL\u00cdTICA-DIPLOMACIA-MERLANO\" data-src=\"https:\/\/elnacional-uploads.nyc3.digitaloceanspaces.com\/wp-content\/uploads\/2023\/03\/18010044\/AIDA-MERLANO-MARCELO-GARCIA-AFP-1.jpg\" decoding=\"async\" class=\"lazyload\" data-eio-rwidth=\"1200\" data-eio-rheight=\"800\"\/><img decoding=\"async\" src=\"https:\/\/elnacional-uploads.nyc3.digitaloceanspaces.com\/wp-content\/uploads\/2023\/03\/18010044\/AIDA-MERLANO-MARCELO-GARCIA-AFP-1.jpg\" alt=\"VENEZUELA-COLOMBIA-POL\u00cdTICA-DIPLOMACIA-MERLANO\" data-eio=\"l\"\/><figcaption>A\u00edda Merlano, oriunda de Barranquilla, fue representante a la C\u00e1mara entre 2014 y 2018.: Foto: Ministerio de Comunicaci\u00f3n e Informaci\u00f3n de Venezuela<\/figcaption><\/div>\n<p>La exparlamentaria colombiana A\u00edda Merlano fue condenada este viernes a 42 meses y un d\u00eda de prisi\u00f3n por el delito de fuga, tras haber escapado en octubre de 2019 de una c\u00e1rcel bogotana mientras asist\u00eda a una cita m\u00e9dica, inform\u00f3 la Fiscal\u00eda.<\/p>\n<p>La sentencia fue dictada por el juez luego de un preacuerdo entre la entidad acusadora y la defensa de Merlano.<\/p>\n<h2 class=\"wp-block-heading\" id=\"h-asi-fue-la-fuga-de-aida-merlano\">As\u00ed fue la fuga de A\u00edda Merlano<\/h2>\n<p>Los hechos se remontan al primero de octubre de 2019, cuando la exsenadora -que cumpl\u00eda condena de 15 a\u00f1os de prisi\u00f3n- fue trasladada por custodios del Instituto Nacional Penitenciario y Carcelario (Inpec) a un consultorio odontol\u00f3gico en el norte de Bogot\u00e1. Seg\u00fan registros f\u00edlmicos y pruebas recopiladas por la Fiscal\u00eda, una vez en el lugar, Merlano recibi\u00f3 una maleta de sus hijos, sac\u00f3 una cuerda, la asegur\u00f3 a un mueble y descendi\u00f3 por la ventana del segundo piso.<\/p>\n<p>En la calle, un motociclista la esperaba para trasladarla a un destino desconocido. Su paradero permaneci\u00f3 en la incertidumbre hasta el 27 de enero de 2020, cuando fue arrestada en Maracaibo, Venezuela, con documentaci\u00f3n falsa. Fue deportada a Colombia el 10 de marzo de 2023.<\/p>\n<figure class=\"wp-block-embed is-type-video is-provider-youtube wp-block-embed-youtube wp-embed-aspect-16-9 wp-has-aspect-ratio\"\/>\n<p>La Fiscal\u00eda sostiene que Merlano \u00abactu\u00f3 premeditadamente y sab\u00eda que recibir\u00eda apoyo para concretar la fuga\u00bb.<\/p>\n<p>La exparlamentaria cumple condena en una sede militar del departamento del Atl\u00e1ntico por otros delitos.<\/p>\n<p>Merlano, oriunda de Barranquilla, fue representante a la C\u00e1mara entre 2014 y 2018. Su investidura como senadora para el per\u00edodo 2018-2022 fue anulada en septiembre de 2018 por el Consejo de Estado, al haberse comprobado que super\u00f3 los gastos m\u00e1ximos permitidos para la financiaci\u00f3n de campa\u00f1as electorales.<\/p>\n<\/article>\n<\/div>\n\n","protected":false},"excerpt":{"rendered":"<p>A\u00edda Merlano, oriunda de Barranquilla, fue representante a la C\u00e1mara entre 2014 y 2018.: Foto: Ministerio de Comunicaci\u00f3n e Informaci\u00f3n de Venezuela La exparlamentaria colombiana A\u00edda Merlano fue condenada este viernes a 42 meses y un d\u00eda de prisi\u00f3n por el delito de fuga, tras haber escapado en octubre de 2019 de una c\u00e1rcel bogotana &hellip;<\/p>\n","protected":false},"author":1,"featured_media":52670,"comment_status":"open","ping_status":"open","sticky":false,"template":"","format":"standard","meta":{"fifu_image_url":"https:\/\/elnacional-uploads.nyc3.digitaloceanspaces.com\/wp-content\/uploads\/2023\/03\/18010044\/AIDA-MERLANO-MARCELO-GARCIA-AFP-1.jpg","fifu_image_alt":"","footnotes":""},"categories":[13],"tags":[],"class_list":["post-52668","post","type-post","status-publish","format-standard","has-post-thumbnail","","category-mundo"],"_links":{"self":[{"href":"https:\/\/noticiasveraces.com\/index.php?rest_route=\/wp\/v2\/posts\/52668","targetHints":{"allow":["GET"]}}],"collection":[{"href":"https:\/\/noticiasveraces.com\/index.php?rest_route=\/wp\/v2\/posts"}],"about":[{"href":"https:\/\/noticiasveraces.com\/index.php?rest_route=\/wp\/v2\/types\/post"}],"author":[{"embeddable":true,"href":"https:\/\/noticiasveraces.com\/index.php?rest_route=\/wp\/v2\/users\/1"}],"replies":[{"embeddable":true,"href":"https:\/\/noticiasveraces.com\/index.php?rest_route=%2Fwp%2Fv2%2Fcomments&post=52668"}],"version-history":[{"count":0,"href":"https:\/\/noticiasveraces.com\/index.php?rest_route=\/wp\/v2\/posts\/52668\/revisions"}],"wp:featuredmedia":[{"embeddable":true,"href":"https:\/\/noticiasveraces.com\/index.php?rest_route=\/wp\/v2\/media\/52670"}],"wp:attachment":[{"href":"https:\/\/noticiasveraces.com\/index.php?rest_route=%2Fwp%2Fv2%2Fmedia&parent=52668"}],"wp:term":[{"taxonomy":"category","embeddable":true,"href":"https:\/\/noticiasveraces.com\/index.php?rest_route=%2Fwp%2Fv2%2Fcategories&post=52668"},{"taxonomy":"post_tag","embeddable":true,"href":"https:\/\/noticiasveraces.com\/index.php?rest_route=%2Fwp%2Fv2%2Ftags&post=52668"}],"curies":[{"name":"wp","href":"https:\/\/api.w.org\/{rel}","templated":true}]}}