{"id":52628,"date":"2025-12-05T11:31:12","date_gmt":"2025-12-05T15:31:12","guid":{"rendered":"https:\/\/noticiasveraces.com\/?p=52628"},"modified":"2025-12-05T11:31:12","modified_gmt":"2025-12-05T15:31:12","slug":"el-nino-que-narro-la-final-de-la-copa-libertadores-cumple-el-sueno-de-cubrir-la-champions-league","status":"publish","type":"post","link":"https:\/\/noticiasveraces.com\/?p=52628","title":{"rendered":"El ni\u00f1o que narr\u00f3 la final de la Copa Libertadores cumple el sue\u00f1o de cubrir la Champions League"},"content":{"rendered":"<p> \n<\/p>\n<div>\n<p>Cliver Huam\u00e1n,\u00a0un creador de contenido deportivo peruano de apenas 15 a\u00f1os que es\u00a0conocido en redes sociales como Pol Deportes, recibi\u00f3 en vivo una noticia impactante: viajar\u00e1 a Espa\u00f1a para retransmitir en directo el partido de f\u00fatbol de la Champions League entre el Real Madrid y el Manchester City.<\/p>\n<p>El adolescente, que se\u00a0dio a conocer en las redes por su manera entusiasmada de narrar los partidos de f\u00fatbol,\u00a0se volvi\u00f3 viral hace tan solo unos d\u00edas. <\/p>\n<p>Entonces <strong>viaj\u00f3 durante 18 horas<\/strong> desde\u00a0su ciudad natal, Huampica, hasta Lima para retransmitir\u00a0la final de la Copa Libertadores entre el Palmeiras y el Flamengo, que se impuso por\u00a00-1, realizando la narraci\u00f3n desde lo alto de uno de los cerros colindantes con el Estadio Monumental.<\/p>\n<div class=\"EmbedBlock-root EmbedBlock-twitter\">\n<div class=\"TwitterEmbed\">\n<blockquote class=\"twitter-tweet lazyload\" data-twitter=\"twitter-tweet\" data-media-max-width=\"560\">\n<p lang=\"es\" dir=\"ltr\">EMOCIONANTE: as\u00ed se enter\u00f3 Pol Deportes que lo llevar\u00e1n a EUROPA para ver el Real Madrid vs Manchester City por la Champions League. \ud83c\uddf5\ud83c\uddea\u2764\ufe0f\ud83c\udf99\ufe0f\u00a1Qu\u00e9 grande, Cliver Huam\u00e1n! \ud83d\udc4f <a href=\"https:\/\/t.co\/ZRWgcF8CNI\">pic.twitter.com\/ZRWgcF8CNI<\/a><\/p>\n<p>\u2014 Pase Filtrado (@pasefiltradope) <a href=\"https:\/\/twitter.com\/pasefiltradope\/status\/1996293135606157593?ref_src=twsrc%5Etfw\">3 de diciembre de 2025<\/a><\/p><\/blockquote>\n<\/div>\n<\/div>\n<p>Su pasi\u00f3n se vio recompensada durante la transmisi\u00f3n del programa &#8216;Arriba Mi Gente&#8217;, conducido por Santiago Lesmes,\u00a0en el que Huam\u00e1n participaba como invitado.<\/p>\n<p>Mientras sonaba la m\u00fasica de la Champions, Lesmes le dijo: \u00abCliver, \u00bfqu\u00e9 te parece si t\u00fa, tu hermano y yo nos vamos a retransmitir, gracias a los compa\u00f1eros de Marca en Espa\u00f1a, el partido entre el Madrid y el Manchester City la semana que viene?\u00bb.<\/p>\n<div class=\"ReadMore-root Section-root Section-is1to3-xs_is1to1\" data-widgets=\"ReadMore\">\n<div class=\"Section-container Section-isRow-isTop-isWrap\">\n<article class=\"Card-root Card-is1to1 Card-default \">\n<div class=\"Card-imageWrap\">\n<div class=\"Card-picture\">\n<picture class=\"Picture-root Picture-default\"><!--[if IE 9]><video style=\"display: none;\"><![endif]--><source media=\"(-webkit-min-device-pixel-ratio: 2) and (min-resolution: 120dpi)\" data-srcset=\"&#10;                                            https:\/\/mfes.b37m.ru\/actualidad\/public_images\/2025.12\/thumbnail\/692db264e9ff711f77035371.jpg 850w,&#10;                                    https:\/\/mfes.b37m.ru\/actualidad\/public_images\/2025.12\/article\/692db264e9ff711f77035371.jpg 1960w,            \" srcset=\"&#10;                                    data:image\/png;base64,iVBORw0KGgoAAAANSUhEUgAAABAAAAAJCAQAAACRI2S5AAAAEElEQVR42mNkIAAYRxWAAQAG9gAKqv6+AwAAAABJRU5ErkJggg==&#10;                            \"><source data-srcset=\"&#10;                                            https:\/\/mfes.b37m.ru\/actualidad\/public_images\/2025.12\/thumbnail\/692db264e9ff711f77035371.jpg 460,&#10;                                  https:\/\/mfes.b37m.ru\/actualidad\/public_images\/2025.12\/article\/692db264e9ff711f77035371.jpg 980w,&#10;            \" srcset=\"&#10;                                    data:image\/png;base64,iVBORw0KGgoAAAANSUhEUgAAABAAAAAJCAQAAACRI2S5AAAAEElEQVR42mNkIAAYRxWAAQAG9gAKqv6+AwAAAABJRU5ErkJggg==&#10;                            \"><!--[if IE 9]><\/video><![endif]--><img decoding=\"async\" data-sizes=\"auto\" src=\"&#10;                                    data:image\/png;base64,iVBORw0KGgoAAAANSUhEUgAAABAAAAAJCAQAAACRI2S5AAAAEElEQVR42mNkIAAYRxWAAQAG9gAKqv6+AwAAAABJRU5ErkJggg==&#10;                            \" class=\"Picture-root Picture-default lazyload\" data-src=\"https:\/\/mfes.b37m.ru\/actualidad\/public_images\/2025.12\/thumbnail\/692db264e9ff711f77035371.jpg\" alt=\"VIDEO VIRAL: adolescente viaj\u00f3 18 horas y trep\u00f3 un cerro para narrar la final de la Copa Libertadores\"\/><\/source><\/source><\/picture><!-- noscript pattern --><img decoding=\"async\" src=\"https:\/\/mfes.b37m.ru\/actualidad\/public_images\/2025.12\/article\/692db264e9ff711f77035371.jpg\" alt=\"VIDEO VIRAL: adolescente viaj\u00f3 18 horas y trep\u00f3 un cerro para narrar la final de la Copa Libertadores\"\/>    <\/div>\n<\/p><\/div>\n<\/article><\/div>\n<\/p><\/div>\n<p>El joven, sorprendido, reaccion\u00f3 dando las gracias al conductor. <strong>\u00abEs una emoci\u00f3n tremenda\u00bb<\/strong>afirm\u00f3.<\/p>\n<p>Huam\u00e1n formar\u00e1 parte del equipo que realizar\u00e1 la cobertura para Marca, uno de los medios deportivos m\u00e1s influyentes de habla hispana, y narrar\u00e1 el encuentro desde Espa\u00f1a el pr\u00f3ximo 10 de diciembre.<\/p>\n<p>La buena noticia le lleg\u00f3\u00a0d\u00edas despu\u00e9s de que el adolescente narrara por primera vez en televisi\u00f3n un partido de la liga peruana, el Sporting Cristal contra Alianza Lima.<\/p>\n<\/div>\n<p><script async src=\"https:\/\/platform.twitter.com\/widgets.js\" charset=\"utf-8\"><\/script><br \/>\n<br \/>\n","protected":false},"excerpt":{"rendered":"<p>Cliver Huam\u00e1n,\u00a0un creador de contenido deportivo peruano de apenas 15 a\u00f1os que es\u00a0conocido en redes sociales como Pol Deportes, recibi\u00f3 en vivo una noticia impactante: viajar\u00e1 a Espa\u00f1a para retransmitir en directo el partido de f\u00fatbol de la Champions League entre el Real Madrid y el Manchester City. El adolescente, que se\u00a0dio a conocer en &hellip;<\/p>\n","protected":false},"author":1,"featured_media":52630,"comment_status":"open","ping_status":"open","sticky":false,"template":"","format":"standard","meta":{"fifu_image_url":"https:\/\/mfes.b37m.ru\/actualidad\/public_images\/2025.12\/article\/69329c0b59bf5b5be66e8051.jpg","fifu_image_alt":"","footnotes":""},"categories":[13],"tags":[],"class_list":["post-52628","post","type-post","status-publish","format-standard","has-post-thumbnail","","category-mundo"],"_links":{"self":[{"href":"https:\/\/noticiasveraces.com\/index.php?rest_route=\/wp\/v2\/posts\/52628","targetHints":{"allow":["GET"]}}],"collection":[{"href":"https:\/\/noticiasveraces.com\/index.php?rest_route=\/wp\/v2\/posts"}],"about":[{"href":"https:\/\/noticiasveraces.com\/index.php?rest_route=\/wp\/v2\/types\/post"}],"author":[{"embeddable":true,"href":"https:\/\/noticiasveraces.com\/index.php?rest_route=\/wp\/v2\/users\/1"}],"replies":[{"embeddable":true,"href":"https:\/\/noticiasveraces.com\/index.php?rest_route=%2Fwp%2Fv2%2Fcomments&post=52628"}],"version-history":[{"count":0,"href":"https:\/\/noticiasveraces.com\/index.php?rest_route=\/wp\/v2\/posts\/52628\/revisions"}],"wp:featuredmedia":[{"embeddable":true,"href":"https:\/\/noticiasveraces.com\/index.php?rest_route=\/wp\/v2\/media\/52630"}],"wp:attachment":[{"href":"https:\/\/noticiasveraces.com\/index.php?rest_route=%2Fwp%2Fv2%2Fmedia&parent=52628"}],"wp:term":[{"taxonomy":"category","embeddable":true,"href":"https:\/\/noticiasveraces.com\/index.php?rest_route=%2Fwp%2Fv2%2Fcategories&post=52628"},{"taxonomy":"post_tag","embeddable":true,"href":"https:\/\/noticiasveraces.com\/index.php?rest_route=%2Fwp%2Fv2%2Ftags&post=52628"}],"curies":[{"name":"wp","href":"https:\/\/api.w.org\/{rel}","templated":true}]}}