{"id":52618,"date":"2025-12-05T10:16:25","date_gmt":"2025-12-05T14:16:25","guid":{"rendered":"https:\/\/noticiasveraces.com\/?p=52618"},"modified":"2025-12-05T10:16:25","modified_gmt":"2025-12-05T14:16:25","slug":"foro-penal-reporto-887-presos-politicos-en-venezuela-el-diario-venezuela","status":"publish","type":"post","link":"https:\/\/noticiasveraces.com\/?p=52618","title":{"rendered":"Foro Penal report\u00f3 887 presos pol\u00edticos en Venezuela &#8211; El Diario Venezuela"},"content":{"rendered":"<p> \n<\/p>\n<div>\n<p>La organizaci\u00f3n no gubernamental (ONG) <strong>Foro Penal<\/strong> inform\u00f3 que, hasta el 1\u00b0 de diciembre, hab\u00eda <strong>887 presos pol\u00edticos<\/strong> en el pa\u00eds, de los cuales <strong>60 permanecen desaparecidos<\/strong>.<\/p>\n<p>En su balance publicado el 4 de diciembre, la ONG detall\u00f3 que del total de detenidos, <strong>770 son hombres y 117 mujeres<\/strong>mientras que <strong>713 son civiles y 174 militares<\/strong>.<\/p>\n<p>Adem\u00e1s, indic\u00f3 que entre los detenidos hay <strong>4 adolescentes<\/strong> con edades comprendidas entre los 14 y 17 a\u00f1os. Por otro lado, el Foro Penal se\u00f1al\u00f3 que la cifra tambi\u00e9n incluye a <strong>85 ciudadanos extranjeros<\/strong>.<\/p>\n<p>En este informe, la organizaci\u00f3n destac\u00f3 que esta semana no se reportaron nuevas excarcelaciones ni detenciones. Sin embargo, puntualiz\u00f3 que <strong>160 de los presos por razones pol\u00edticas tienen condena<\/strong>mientras que 727 no cuentan con alguna medida cautelar.<\/p>\n<figure class=\"wp-block-image size-large\"><img fetchpriority=\"high\" width=\"1200\" height=\"800\" alt=\"Foro Penal report\u00f3 887 presos pol\u00edticos en Venezuela\" sizes=\"(max-width: 1200px) 100vw, 1200px\" srcset=\"https:\/\/eldiario.com\/nitropack_static\/DWpklAePbJBFiBKvuTtiGMLbtJlHUqWt\/assets\/images\/optimized\/rev-a8dec8a\/eldiario.com\/wp-content\/uploads\/2025\/12\/Diseno-sin-titulo-2025-12-04T223810.240-1200x800.jpg 1200w, https:\/\/eldiario.com\/nitropack_static\/DWpklAePbJBFiBKvuTtiGMLbtJlHUqWt\/assets\/images\/optimized\/rev-a8dec8a\/eldiario.com\/wp-content\/uploads\/2025\/12\/Diseno-sin-titulo-2025-12-04T223810.240-300x200.jpg 300w, https:\/\/eldiario.com\/nitropack_static\/DWpklAePbJBFiBKvuTtiGMLbtJlHUqWt\/assets\/images\/optimized\/rev-a8dec8a\/eldiario.com\/wp-content\/uploads\/2025\/12\/Diseno-sin-titulo-2025-12-04T223810.240-768x512.jpg 768w, https:\/\/eldiario.com\/nitropack_static\/DWpklAePbJBFiBKvuTtiGMLbtJlHUqWt\/assets\/images\/optimized\/rev-a8dec8a\/eldiario.com\/wp-content\/uploads\/2025\/12\/Diseno-sin-titulo-2025-12-04T223810.240-1536x1024.jpg 1536w, https:\/\/eldiario.com\/nitropack_static\/DWpklAePbJBFiBKvuTtiGMLbtJlHUqWt\/assets\/images\/optimized\/rev-a8dec8a\/eldiario.com\/wp-content\/uploads\/2025\/12\/Diseno-sin-titulo-2025-12-04T223810.240-330x220.jpg 330w, https:\/\/eldiario.com\/nitropack_static\/DWpklAePbJBFiBKvuTtiGMLbtJlHUqWt\/assets\/images\/optimized\/rev-a8dec8a\/eldiario.com\/wp-content\/uploads\/2025\/12\/Diseno-sin-titulo-2025-12-04T223810.240-420x280.jpg 420w, https:\/\/eldiario.com\/nitropack_static\/DWpklAePbJBFiBKvuTtiGMLbtJlHUqWt\/assets\/images\/optimized\/rev-a8dec8a\/eldiario.com\/wp-content\/uploads\/2025\/12\/Diseno-sin-titulo-2025-12-04T223810.240-615x410.jpg 615w, https:\/\/eldiario.com\/nitropack_static\/DWpklAePbJBFiBKvuTtiGMLbtJlHUqWt\/assets\/images\/optimized\/rev-a8dec8a\/eldiario.com\/wp-content\/uploads\/2025\/12\/Diseno-sin-titulo-2025-12-04T223810.240-860x574.jpg 860w, https:\/\/eldiario.com\/nitropack_static\/DWpklAePbJBFiBKvuTtiGMLbtJlHUqWt\/assets\/images\/optimized\/rev-a8dec8a\/eldiario.com\/wp-content\/uploads\/2025\/12\/Diseno-sin-titulo-2025-12-04T223810.240-150x100.jpg 150w, https:\/\/eldiario.com\/nitropack_static\/DWpklAePbJBFiBKvuTtiGMLbtJlHUqWt\/assets\/images\/optimized\/rev-a8dec8a\/eldiario.com\/wp-content\/uploads\/2025\/12\/Diseno-sin-titulo-2025-12-04T223810.240.jpg 1600w\" src=\"https:\/\/eldiario.com\/nitropack_static\/DWpklAePbJBFiBKvuTtiGMLbtJlHUqWt\/assets\/images\/optimized\/rev-a8dec8a\/eldiario.com\/wp-content\/uploads\/2025\/12\/Diseno-sin-titulo-2025-12-04T223810.240-1200x800.jpg\" class=\"wp-image-831190 nitro-lazy\" decoding=\"async\" nitro-lazy-empty=\"\" id=\"ODA2OjE0MzQ=-1\"\/><\/figure>\n<h2 class=\"wp-block-heading\" id=\"h-otro-balance-sobre-presos-politicos-en-venezuela\"><strong>Otro balance sobre presos pol\u00edticos en Venezuela<\/strong><\/h2>\n<p>El 3 de diciembre, la ONG <strong>Justicia, Encuentro y Perd\u00f3n (JEP)<\/strong> registr\u00f3 un total de <strong>1.082 detenidos por motivos pol\u00edticos<\/strong> en Venezuela, de los cuales <strong>182 son mujeres y 900 hombres<\/strong>.<\/p>\n<p>\u201cLos reportes que recibimos de manera continua evidencian nuevas detenciones arbitrarias, allanamientos sin garant\u00edas y un incremento sostenido de acciones para reprimir y silenciar a la ciudadan\u00eda por razones pol\u00edticas\u201d, denunci\u00f3 JEP en su cuenta de X.<\/p>\n<p>La organizaci\u00f3n expres\u00f3 su preocupaci\u00f3n por el <strong>progresivo agravamiento de las vulneraciones a los derechos fundamentales<\/strong> en Venezuela y subray\u00f3 que las cifras de detenidos disponibles son <strong>solo aproximadas<\/strong>.<\/p>\n<figure class=\"wp-block-image size-large\"><img loading=\"lazy\" width=\"1200\" height=\"900\" alt=\"Familiares de presos pol\u00edticos se concentraron frente a la sede principal del Ministerio P\u00fablico\" sizes=\"auto, (max-width: 1200px) 100vw, 1200px\" srcset=\"https:\/\/eldiario.com\/nitropack_static\/DWpklAePbJBFiBKvuTtiGMLbtJlHUqWt\/assets\/images\/optimized\/rev-a8dec8a\/eldiario.com\/wp-content\/uploads\/2025\/11\/3-1200x900.jpg 1200w, https:\/\/eldiario.com\/nitropack_static\/DWpklAePbJBFiBKvuTtiGMLbtJlHUqWt\/assets\/images\/optimized\/rev-a8dec8a\/eldiario.com\/wp-content\/uploads\/2025\/11\/3-300x225.jpg 300w, https:\/\/eldiario.com\/nitropack_static\/DWpklAePbJBFiBKvuTtiGMLbtJlHUqWt\/assets\/images\/optimized\/rev-a8dec8a\/eldiario.com\/wp-content\/uploads\/2025\/11\/3-768x576.jpg 768w, https:\/\/eldiario.com\/nitropack_static\/DWpklAePbJBFiBKvuTtiGMLbtJlHUqWt\/assets\/images\/optimized\/rev-a8dec8a\/eldiario.com\/wp-content\/uploads\/2025\/11\/3-1536x1152.jpg 1536w, https:\/\/eldiario.com\/nitropack_static\/DWpklAePbJBFiBKvuTtiGMLbtJlHUqWt\/assets\/images\/optimized\/rev-a8dec8a\/eldiario.com\/wp-content\/uploads\/2025\/11\/3-860x645.jpg 860w, https:\/\/eldiario.com\/nitropack_static\/DWpklAePbJBFiBKvuTtiGMLbtJlHUqWt\/assets\/images\/optimized\/rev-a8dec8a\/eldiario.com\/wp-content\/uploads\/2025\/11\/3-150x113.jpg 150w, https:\/\/eldiario.com\/nitropack_static\/DWpklAePbJBFiBKvuTtiGMLbtJlHUqWt\/assets\/images\/optimized\/rev-a8dec8a\/eldiario.com\/wp-content\/uploads\/2025\/11\/3.jpg 1600w\" src=\"https:\/\/eldiario.com\/nitropack_static\/DWpklAePbJBFiBKvuTtiGMLbtJlHUqWt\/assets\/images\/optimized\/rev-a8dec8a\/eldiario.com\/wp-content\/uploads\/2025\/11\/3-1200x900.jpg\" class=\"wp-image-828391 nitro-lazy\" decoding=\"async\" nitro-lazy-empty=\"\" id=\"ODI2OjgxNA==-1\"\/><figcaption class=\"wp-element-caption\">Familiares de presos pol\u00edticos | Fotos: Provea<\/figcaption><\/figure>\n<p>\u201cAunque en los \u00faltimos d\u00edas hemos logrado identificar y documentar nuevos casos, es imprescindible destacar que las cifras disponibles siguen siendo <strong>aproximaciones iniciales frente a la verdadera magnitud de la persecuci\u00f3n pol\u00edtica<\/strong> en el pa\u00eds\u201d, a\u00f1adi\u00f3.<\/p>\n<p>En su reporte, JEP indic\u00f3 que 225 de los detenidos son integrantes de organizaciones pol\u00edticas, 171 son funcionarios de seguridad del Estado activos, 35 exmiembros de seguridad del Estado y 42 extranjeros.<\/p>\n<p>Tambi\u00e9n contabiliz\u00f3 <strong>20 periodistas detenidos, 17 sindicalistas y 11 defensores de los derechos humanos<\/strong>.<\/p>\n<\/p><\/div>\n\n","protected":false},"excerpt":{"rendered":"<p>La organizaci\u00f3n no gubernamental (ONG) Foro Penal inform\u00f3 que, hasta el 1\u00b0 de diciembre, hab\u00eda 887 presos pol\u00edticos en el pa\u00eds, de los cuales 60 permanecen desaparecidos. En su balance publicado el 4 de diciembre, la ONG detall\u00f3 que del total de detenidos, 770 son hombres y 117 mujeresmientras que 713 son civiles y 174 &hellip;<\/p>\n","protected":false},"author":1,"featured_media":52620,"comment_status":"open","ping_status":"open","sticky":false,"template":"","format":"standard","meta":{"fifu_image_url":"https:\/\/eldiario.com\/wp-content\/uploads\/2025\/11\/2.jpg","fifu_image_alt":"","footnotes":""},"categories":[4],"tags":[],"class_list":["post-52618","post","type-post","status-publish","format-standard","has-post-thumbnail","","category-historias-destacadas"],"_links":{"self":[{"href":"https:\/\/noticiasveraces.com\/index.php?rest_route=\/wp\/v2\/posts\/52618","targetHints":{"allow":["GET"]}}],"collection":[{"href":"https:\/\/noticiasveraces.com\/index.php?rest_route=\/wp\/v2\/posts"}],"about":[{"href":"https:\/\/noticiasveraces.com\/index.php?rest_route=\/wp\/v2\/types\/post"}],"author":[{"embeddable":true,"href":"https:\/\/noticiasveraces.com\/index.php?rest_route=\/wp\/v2\/users\/1"}],"replies":[{"embeddable":true,"href":"https:\/\/noticiasveraces.com\/index.php?rest_route=%2Fwp%2Fv2%2Fcomments&post=52618"}],"version-history":[{"count":0,"href":"https:\/\/noticiasveraces.com\/index.php?rest_route=\/wp\/v2\/posts\/52618\/revisions"}],"wp:featuredmedia":[{"embeddable":true,"href":"https:\/\/noticiasveraces.com\/index.php?rest_route=\/wp\/v2\/media\/52620"}],"wp:attachment":[{"href":"https:\/\/noticiasveraces.com\/index.php?rest_route=%2Fwp%2Fv2%2Fmedia&parent=52618"}],"wp:term":[{"taxonomy":"category","embeddable":true,"href":"https:\/\/noticiasveraces.com\/index.php?rest_route=%2Fwp%2Fv2%2Fcategories&post=52618"},{"taxonomy":"post_tag","embeddable":true,"href":"https:\/\/noticiasveraces.com\/index.php?rest_route=%2Fwp%2Fv2%2Ftags&post=52618"}],"curies":[{"name":"wp","href":"https:\/\/api.w.org\/{rel}","templated":true}]}}